{"id":7543,"date":"2024-08-08T08:58:21","date_gmt":"2024-08-08T12:58:21","guid":{"rendered":"https:\/\/www.rr.senac.br\/portalsenac\/?p=7543"},"modified":"2024-08-08T09:01:39","modified_gmt":"2024-08-08T13:01:39","slug":"senac-participa-do-8o-salao-nacional-do-turismo-no-riocentro-rj","status":"publish","type":"post","link":"https:\/\/www.rr.senac.br\/portalsenac\/senac-participa-do-8o-salao-nacional-do-turismo-no-riocentro-rj\/","title":{"rendered":"Senac participa do 8\u00ba Sal\u00e3o Nacional do Turismo no Riocentro, RJ"},"content":{"rendered":"\n<h5 class=\"wp-block-heading\"><em>Gastronomia regional de todos os estados do Pa\u00eds e do Distrito Federal ser\u00e1 destaque no estande do Senac<\/em><\/h5>\n\n\n<div class=\"wp-block-image\">\n<figure class=\"aligncenter size-full\"><img data-recalc-dims=\"1\" fetchpriority=\"high\" decoding=\"async\" width=\"680\" height=\"1020\" src=\"https:\/\/i0.wp.com\/www.rr.senac.br\/portalsenac\/wp-content\/uploads\/2024\/08\/SenacRR-2.jpg?resize=680%2C1020&#038;ssl=1\" alt=\"\" class=\"wp-image-7544\" srcset=\"https:\/\/i0.wp.com\/www.rr.senac.br\/portalsenac\/wp-content\/uploads\/2024\/08\/SenacRR-2.jpg?w=680&amp;ssl=1 680w, https:\/\/i0.wp.com\/www.rr.senac.br\/portalsenac\/wp-content\/uploads\/2024\/08\/SenacRR-2.jpg?resize=200%2C300&amp;ssl=1 200w\" sizes=\"(max-width: 680px) 100vw, 680px\" \/><figcaption class=\"wp-element-caption\"><em>Chef H\u00e9lio Ara\u00fajo, na edi\u00e7\u00e3o 2023<\/em><\/figcaption><\/figure>\n<\/div>\n\n\n<div style=\"height:10px\" aria-hidden=\"true\" class=\"wp-block-spacer\"><\/div>\n\n\n\n<p>O Senac participa, de 8 a 11 de agosto, no Riocentro, RJ, do 8\u00ba Sal\u00e3o Nacional do Turismo 2024, que \u00e9 promovido pelo Minist\u00e9rio do Turismo. O evento, maior vitrine do turismo nacional, acontece num espa\u00e7o de 40 mil metros quadrados e este ano traz o tema \u201cExperi\u00eancias do Brasil: o turismo respons\u00e1vel e inclusivo impulsionando o desenvolvimento sustent\u00e1vel. Chefs do Senac de todos os 27 estados v\u00e3o promover aulas-show para o p\u00fablico, apresentando pratos t\u00edpicos de suas localidades, que representam toda a riqueza e diversidade da gastronomia brasileira. Entre os pratos locais das 5 regi\u00f5es do Pa\u00eds, que ser\u00e3o preparados nas aulas-show, est\u00e3o, por exemplo: pirarucu de casaca (Amazonas); empad\u00e3o goiano (Goi\u00e1s); camar\u00e3o na moranga (Rio Grande do Norte); bolinho de feijoada (Rio de Janeiro) e arroz de marreco (Santa Catarina). O Senac tamb\u00e9m vai estar presente no estande de 168 metros quadrados do Sistema Com\u00e9rcio, junto com CNC, Sesc e Federa\u00e7\u00f5es, que tamb\u00e9m v\u00e3o apresentar suas a\u00e7\u00f5es para o setor.<\/p>\n\n\n\n<div style=\"height:2px\" aria-hidden=\"true\" class=\"wp-block-spacer\"><\/div>\n\n\n\n<p>\u201cAcreditamos que o turismo fortalece nossa identidade cultural e tamb\u00e9m impulsiona a economia, gerando empregos e desenvolvendo diversas regi\u00f5es do Brasil. Recente pesquisa do Conselho Mundial de Viagens e Turismo (WTTC) aponta que, neste ano de 2024, o turismo no Brasil impactar\u00e1 em 169,3 bilh\u00f5es de d\u00f3lares no PIB nacional. E a participa\u00e7\u00e3o do Sesc e do Senac em mais esta edi\u00e7\u00e3o do Sal\u00e3o consolida o compromisso cont\u00ednuo do Sistema Com\u00e9rcio em ser um agente propulsor do desenvolvimento nacional e em fazer da Educa\u00e7\u00e3o Profissional um modo de transformar vidas\u201d, acredita o presidente do Sistema CNC-Sesc-Senac, Jos\u00e9 Roberto Tadros.<\/p>\n\n\n\n<div style=\"height:2px\" aria-hidden=\"true\" class=\"wp-block-spacer\"><\/div>\n\n\n\n<p>Ao longo dos anos, o Senac vem reafirmando sua import\u00e2ncia como impulsionador do Turismo no Brasil. S\u00e3o v\u00e1rios projetos, programas e a\u00e7\u00f5es implementadas, al\u00e9m da presen\u00e7a institucional em eventos estrat\u00e9gicos para o setor do Turismo em todos os estados, com vistas a fortalecer o segmento. Em 2023, a Institui\u00e7\u00e3o participou do Sal\u00e3o Nacional do Turismo por meio de um acordo de coopera\u00e7\u00e3o t\u00e9cnica com o Minist\u00e9rio do Turismo em duas atividades: no N\u00facleo do Conhecimento, com palestras e debates sobre o segmento; e no impulsionamento do turismo por meio da gastronomia. A iniciativa \u201cVai Turismo \u2013 Rumo ao Futuro\u201d, da CNC, que conta com o apoio do Senac, tamb\u00e9m foi apresentada durante o evento. Trata-se de um movimento nacional formado por pessoas e organiza\u00e7\u00f5es que visa contribuir com propostas que impulsionem o desenvolvimento sustent\u00e1vel do turismo.<\/p>\n\n\n\n<div style=\"height:2px\" aria-hidden=\"true\" class=\"wp-block-spacer\"><\/div>\n\n\n\n<p><strong><u>O Senac e o Turismo<\/u><\/strong><\/p>\n\n\n\n<p><em>Cerca de 100 mil matr\u00edculas para forma\u00e7\u00e3o profissional em 2023<\/em><\/p>\n\n\n\n<p><em>38 empresas pedag\u00f3gicas de Turismo e Gastronomia<\/em><\/p>\n\n\n\n<p><em>21 unidades m\u00f3veis de Turismo e Hospitalidade<\/em><\/p>\n\n\n\n<p><em>Ensino a qualquer hora e em qualquer lugar com o Senac EAD<\/em><\/p>\n\n\n\n<p><em>Livros e conte\u00fados exclusivos<\/em><\/p>\n\n\n\n<p><em>Forma\u00e7\u00e3o profissional gratuita pelo Programa Senac de Gratuidade<\/em><\/p>\n\n\n\n<p>Servi\u00e7o do Sal\u00e3o Nacional do Turismo<\/p>\n\n\n\n<p>De 08 a 11 de agosto, no Riocentro (avenida Salvador Allende, 6555 \u2013 Barra Ol\u00edmpica<\/p>\n\n\n\n<p>Quinta a s\u00e1bado, de 12h \u00e0s 20h<\/p>\n\n\n\n<p>Domingo, das 10h \u00e0s 17h.<\/p>\n\n\n\n<div style=\"height:5px\" aria-hidden=\"true\" class=\"wp-block-spacer\"><\/div>\n\n\n\n<p><strong>O Senac RR<\/strong><\/p>\n\n\n\n<p>O Senac Roraima tamb\u00e9m participa do evento, com o coordenador de cursos de gastronomia e chef \u00a0H\u00e9lio Ara\u00fajo. \u201cOs regionais apresentam uma aula-show, este ano estamos trazendo a damurida, que ser\u00e1 apresentada no pr\u00f3ximo s\u00e1bado (10)\u201d, contou H\u00e9lio.<\/p>\n\n\n\n<div style=\"height:2px\" aria-hidden=\"true\" class=\"wp-block-spacer\"><\/div>\n\n\n\n<p>\u201cA damurida \u00e9 muito mais do que um simples prato. \u00c9 um s\u00edmbolo de identidade, um patrim\u00f4nio cultural e um convite para uma experi\u00eancia gastron\u00f4mica \u00fanica e inesquec\u00edvel. Ao saborear a damurida, estamos n\u00e3o apenas apreciando um sabor, mas tamb\u00e9m celebrando a rica hist\u00f3ria e cultura do povo roraimense\u201d, explicou o chef.<\/p>\n\n\n\n<div style=\"height:2px\" aria-hidden=\"true\" class=\"wp-block-spacer\"><\/div>\n\n\n\n<p>Assessoria de Imprensa<\/p>\n\n\n\n<p>Departamento Nacional do Senac<\/p>\n\n\n\n<p>George Berkeley Pati\u00f1o<\/p>\n\n\n\n<p>Com colabora\u00e7\u00e3o de Giovanna Lima, analista de comunica\u00e7\u00e3o do Senac RR<\/p>\n","protected":false},"excerpt":{"rendered":"<p>Gastronomia regional de todos os estados do Pa\u00eds e do Distrito Federal ser\u00e1 destaque no estande do Senac O Senac participa, de 8 a 11 de agosto, no Riocentro, RJ, do 8\u00ba Sal\u00e3o Nacional do Turismo 2024, que \u00e9 promovido pelo Minist\u00e9rio do Turismo. O&hellip; <a class=\"more-link\" href=\"https:\/\/www.rr.senac.br\/portalsenac\/senac-participa-do-8o-salao-nacional-do-turismo-no-riocentro-rj\/\">Continuar lendo <span class=\"screen-reader-text\">Senac participa do 8\u00ba Sal\u00e3o Nacional do Turismo no Riocentro, RJ<\/span><\/a><\/p>\n","protected":false},"author":2,"featured_media":7544,"comment_status":"closed","ping_status":"","sticky":false,"template":"","format":"standard","meta":{"_jetpack_memberships_contains_paid_content":false,"_joinchat":[],"footnotes":""},"categories":[12],"tags":[],"class_list":["post-7543","post","type-post","status-publish","format-standard","has-post-thumbnail","hentry","category-ultimas-noticias","entry"],"jetpack_featured_media_url":"https:\/\/i0.wp.com\/www.rr.senac.br\/portalsenac\/wp-content\/uploads\/2024\/08\/SenacRR-2.jpg?fit=680%2C1020&ssl=1","jetpack_sharing_enabled":true,"_links":{"self":[{"href":"https:\/\/www.rr.senac.br\/portalsenac\/wp-json\/wp\/v2\/posts\/7543","targetHints":{"allow":["GET"]}}],"collection":[{"href":"https:\/\/www.rr.senac.br\/portalsenac\/wp-json\/wp\/v2\/posts"}],"about":[{"href":"https:\/\/www.rr.senac.br\/portalsenac\/wp-json\/wp\/v2\/types\/post"}],"author":[{"embeddable":true,"href":"https:\/\/www.rr.senac.br\/portalsenac\/wp-json\/wp\/v2\/users\/2"}],"replies":[{"embeddable":true,"href":"https:\/\/www.rr.senac.br\/portalsenac\/wp-json\/wp\/v2\/comments?post=7543"}],"version-history":[{"count":3,"href":"https:\/\/www.rr.senac.br\/portalsenac\/wp-json\/wp\/v2\/posts\/7543\/revisions"}],"predecessor-version":[{"id":7547,"href":"https:\/\/www.rr.senac.br\/portalsenac\/wp-json\/wp\/v2\/posts\/7543\/revisions\/7547"}],"wp:featuredmedia":[{"embeddable":true,"href":"https:\/\/www.rr.senac.br\/portalsenac\/wp-json\/wp\/v2\/media\/7544"}],"wp:attachment":[{"href":"https:\/\/www.rr.senac.br\/portalsenac\/wp-json\/wp\/v2\/media?parent=7543"}],"wp:term":[{"taxonomy":"category","embeddable":true,"href":"https:\/\/www.rr.senac.br\/portalsenac\/wp-json\/wp\/v2\/categories?post=7543"},{"taxonomy":"post_tag","embeddable":true,"href":"https:\/\/www.rr.senac.br\/portalsenac\/wp-json\/wp\/v2\/tags?post=7543"}],"curies":[{"name":"wp","href":"https:\/\/api.w.org\/{rel}","templated":true}]}}