{"id":7551,"date":"2024-08-12T09:59:03","date_gmt":"2024-08-12T13:59:03","guid":{"rendered":"https:\/\/www.rr.senac.br\/portalsenac\/?p=7551"},"modified":"2024-08-12T09:59:03","modified_gmt":"2024-08-12T13:59:03","slug":"senac-rr-lanca-edital-para-cursos-livres-e-tecnicos-gratuitos","status":"publish","type":"post","link":"https:\/\/www.rr.senac.br\/portalsenac\/senac-rr-lanca-edital-para-cursos-livres-e-tecnicos-gratuitos\/","title":{"rendered":"Senac RR lan\u00e7a edital para cursos livres e t\u00e9cnicos gratuitos"},"content":{"rendered":"\n<h5 class=\"wp-block-heading\"><em>Inscri\u00e7\u00f5es iniciam nesta ter\u00e7a-feira<\/em><\/h5>\n\n\n<div class=\"wp-block-image\">\n<figure class=\"aligncenter size-full\"><img data-recalc-dims=\"1\" fetchpriority=\"high\" decoding=\"async\" width=\"680\" height=\"453\" src=\"https:\/\/i0.wp.com\/www.rr.senac.br\/portalsenac\/wp-content\/uploads\/2024\/08\/psg-senacrr-2.jpg?resize=680%2C453&#038;ssl=1\" alt=\"\" class=\"wp-image-7552\" srcset=\"https:\/\/i0.wp.com\/www.rr.senac.br\/portalsenac\/wp-content\/uploads\/2024\/08\/psg-senacrr-2.jpg?w=680&amp;ssl=1 680w, https:\/\/i0.wp.com\/www.rr.senac.br\/portalsenac\/wp-content\/uploads\/2024\/08\/psg-senacrr-2.jpg?resize=300%2C200&amp;ssl=1 300w\" sizes=\"(max-width: 680px) 100vw, 680px\" \/><\/figure>\n<\/div>\n\n\n<div style=\"height:10px\" aria-hidden=\"true\" class=\"wp-block-spacer\"><\/div>\n\n\n\n<p>O 18\u00b0 edital do Programa Senac de Gratuidade (PSG) j\u00e1 est\u00e1 dispon\u00edvel no <a href=\"https:\/\/app.rr.senac.br\/psg\/#\/consulta-de-vagas\">site oficial do Senac<\/a>. S\u00e3o 200 vagas em cursos totalmente gratuitos, de n\u00edveis livres a t\u00e9cnicos, com inscri\u00e7\u00f5es on-line nesta ter\u00e7a-feira (13), para participar, os interessados devem ler atentamente o edital.<\/p>\n\n\n\n<div style=\"height:1px\" aria-hidden=\"true\" class=\"wp-block-spacer\"><\/div>\n\n\n\n<p>S\u00e3o vagas para recepcionista, gar\u00e7om, auxiliar de confeitaria, t\u00e9cnico em administra\u00e7\u00e3o, dentre outros, com vagas limitadas e totalmente gratuitas, \u201cEsta \u00e9 uma \u00f3tima oportunidade para quem quer se capacitar e ingressar no mercado de trabalho com uma qualifica\u00e7\u00e3o, um diferencial\u201d, refor\u00e7ou o gerente de educa\u00e7\u00e3o da institui\u00e7\u00e3o, C\u00e9lio Melo.<\/p>\n\n\n\n<div style=\"height:1px\" aria-hidden=\"true\" class=\"wp-block-spacer\"><\/div>\n\n\n\n<p>Dentre os pr\u00e9-requisitos est\u00e3o idade, renda familiar, escolaridade, e outros, conforme informado no descritivo de cada curso. Os candidatos devem seguir as duas etapas informadas no edital, com a inscri\u00e7\u00e3o on-line, e posteriormente, a entrega de documenta\u00e7\u00e3o de forma presencial, na unidade descrita no edital, conforme o curso selecionado. Demais informa\u00e7\u00f5es devem ser consultadas no edital, ou diretamente na central de atendimento: 98420-9992.<\/p>\n\n\n\n<div style=\"height:1px\" aria-hidden=\"true\" class=\"wp-block-spacer\"><\/div>\n\n\n\n<p>Confira os t\u00edtulos dispon\u00edveis:<\/p>\n\n\n\n<div style=\"height:1px\" aria-hidden=\"true\" class=\"wp-block-spacer\"><\/div>\n\n\n\n<p>Recepcionista em meios de hospedagem<\/p>\n\n\n\n<p>Bartender<\/p>\n\n\n\n<p>Auxiliar de confeitaria<\/p>\n\n\n\n<p>Almoxarife<\/p>\n\n\n\n<p>Organiza\u00e7\u00e3o de eventos corporativos<\/p>\n\n\n\n<p>Boas pr\u00e1ticas na manipula\u00e7\u00e3o de alimentos<\/p>\n\n\n\n<p>Auxiliar de cozinha<\/p>\n\n\n\n<p><strong>T\u00e9cnico em marketing<\/strong><\/p>\n\n\n\n<p><strong>T\u00e9cnico em administra\u00e7\u00e3o<\/strong><\/p>\n\n\n\n<p>L\u00edngua Brasileira de Sinais \u2013 libras b\u00e1sico<\/p>\n\n\n\n<p>Libras intermedi\u00e1rio<\/p>\n\n\n\n<div style=\"height:1px\" aria-hidden=\"true\" class=\"wp-block-spacer\"><\/div>\n\n\n\n<p>Giovanna Lima \u2013 analista t\u00e9cnica<\/p>\n\n\n\n<p>Comunica\u00e7\u00e3o Senac RR<\/p>\n","protected":false},"excerpt":{"rendered":"<p>Inscri\u00e7\u00f5es iniciam nesta ter\u00e7a-feira O 18\u00b0 edital do Programa Senac de Gratuidade (PSG) j\u00e1 est\u00e1 dispon\u00edvel no site oficial do Senac. S\u00e3o 200 vagas em cursos totalmente gratuitos, de n\u00edveis livres a t\u00e9cnicos, com inscri\u00e7\u00f5es on-line nesta ter\u00e7a-feira (13), para participar, os interessados devem ler&hellip; <a class=\"more-link\" href=\"https:\/\/www.rr.senac.br\/portalsenac\/senac-rr-lanca-edital-para-cursos-livres-e-tecnicos-gratuitos\/\">Continuar lendo <span class=\"screen-reader-text\">Senac RR lan\u00e7a edital para cursos livres e t\u00e9cnicos gratuitos<\/span><\/a><\/p>\n","protected":false},"author":2,"featured_media":7552,"comment_status":"closed","ping_status":"","sticky":false,"template":"","format":"standard","meta":{"_jetpack_memberships_contains_paid_content":false,"_joinchat":[],"footnotes":""},"categories":[12],"tags":[],"class_list":["post-7551","post","type-post","status-publish","format-standard","has-post-thumbnail","hentry","category-ultimas-noticias","entry"],"jetpack_featured_media_url":"https:\/\/i0.wp.com\/www.rr.senac.br\/portalsenac\/wp-content\/uploads\/2024\/08\/psg-senacrr-2.jpg?fit=680%2C453&ssl=1","jetpack_sharing_enabled":true,"_links":{"self":[{"href":"https:\/\/www.rr.senac.br\/portalsenac\/wp-json\/wp\/v2\/posts\/7551","targetHints":{"allow":["GET"]}}],"collection":[{"href":"https:\/\/www.rr.senac.br\/portalsenac\/wp-json\/wp\/v2\/posts"}],"about":[{"href":"https:\/\/www.rr.senac.br\/portalsenac\/wp-json\/wp\/v2\/types\/post"}],"author":[{"embeddable":true,"href":"https:\/\/www.rr.senac.br\/portalsenac\/wp-json\/wp\/v2\/users\/2"}],"replies":[{"embeddable":true,"href":"https:\/\/www.rr.senac.br\/portalsenac\/wp-json\/wp\/v2\/comments?post=7551"}],"version-history":[{"count":1,"href":"https:\/\/www.rr.senac.br\/portalsenac\/wp-json\/wp\/v2\/posts\/7551\/revisions"}],"predecessor-version":[{"id":7553,"href":"https:\/\/www.rr.senac.br\/portalsenac\/wp-json\/wp\/v2\/posts\/7551\/revisions\/7553"}],"wp:featuredmedia":[{"embeddable":true,"href":"https:\/\/www.rr.senac.br\/portalsenac\/wp-json\/wp\/v2\/media\/7552"}],"wp:attachment":[{"href":"https:\/\/www.rr.senac.br\/portalsenac\/wp-json\/wp\/v2\/media?parent=7551"}],"wp:term":[{"taxonomy":"category","embeddable":true,"href":"https:\/\/www.rr.senac.br\/portalsenac\/wp-json\/wp\/v2\/categories?post=7551"},{"taxonomy":"post_tag","embeddable":true,"href":"https:\/\/www.rr.senac.br\/portalsenac\/wp-json\/wp\/v2\/tags?post=7551"}],"curies":[{"name":"wp","href":"https:\/\/api.w.org\/{rel}","templated":true}]}}