{"id":7564,"date":"2024-08-20T08:36:20","date_gmt":"2024-08-20T12:36:20","guid":{"rendered":"https:\/\/www.rr.senac.br\/portalsenac\/?p=7564"},"modified":"2024-08-20T08:36:20","modified_gmt":"2024-08-20T12:36:20","slug":"senac-disponibiliza-cursos-gratuitos-contemplando-municipios-do-interior-de-roraima","status":"publish","type":"post","link":"https:\/\/www.rr.senac.br\/portalsenac\/senac-disponibiliza-cursos-gratuitos-contemplando-municipios-do-interior-de-roraima\/","title":{"rendered":"Senac disponibiliza cursos gratuitos contemplando munic\u00edpios do interior de Roraima"},"content":{"rendered":"\n<h5 class=\"wp-block-heading\"><em>Inscri\u00e7\u00f5es iniciam nesta ter\u00e7a-feira (20)<\/em> <\/h5>\n\n\n<div class=\"wp-block-image\">\n<figure class=\"aligncenter size-full\"><img data-recalc-dims=\"1\" fetchpriority=\"high\" decoding=\"async\" width=\"680\" height=\"453\" src=\"https:\/\/i0.wp.com\/www.rr.senac.br\/portalsenac\/wp-content\/uploads\/2024\/08\/SenacRR-psg.jpg?resize=680%2C453&#038;ssl=1\" alt=\"\" class=\"wp-image-7565\" srcset=\"https:\/\/i0.wp.com\/www.rr.senac.br\/portalsenac\/wp-content\/uploads\/2024\/08\/SenacRR-psg.jpg?w=680&amp;ssl=1 680w, https:\/\/i0.wp.com\/www.rr.senac.br\/portalsenac\/wp-content\/uploads\/2024\/08\/SenacRR-psg.jpg?resize=300%2C200&amp;ssl=1 300w\" sizes=\"(max-width: 680px) 100vw, 680px\" \/><figcaption class=\"wp-element-caption\"><em>Foto: Senac RR<\/em><\/figcaption><\/figure>\n<\/div>\n\n\n<div style=\"height:10px\" aria-hidden=\"true\" class=\"wp-block-spacer\"><\/div>\n\n\n\n<p>Os munic\u00edpios Iracema, S\u00e3o Luiz e Rorain\u00f3polis s\u00e3o os pr\u00f3ximos contemplados pelo edital do Programa Senac de Gratuidade (PSG) do Servi\u00e7o Nacional de Aprendizagem Comercial (Senac-RR). S\u00e3o oito cursos distribu\u00eddos nos tr\u00eas munic\u00edpios, com inscri\u00e7\u00f5es iniciando nesta ter\u00e7a-feira (20), de forma presencial nas unidades.<\/p>\n\n\n\n<div style=\"height:2px\" aria-hidden=\"true\" class=\"wp-block-spacer\"><\/div>\n\n\n\n<p>Os cursos possuem pr\u00e9-requisitos de acesso diferentes, conforme o segmento e as atividades desenvolvidas, com carga-hor\u00e1rias que variam entre 60h e 230h, e idade m\u00ednima para participa\u00e7\u00e3o de 16 anos. Os candidatos devem comparecer \u00e0 central de atendimento de forma presencial nas unidades correspondentes, portando documenta\u00e7\u00e3o pessoal, e demais documentos informados no edital. Menores de idade devem comparecer acompanhados dos seus respectivos respons\u00e1veis legal.<\/p>\n\n\n\n<div style=\"height:2px\" aria-hidden=\"true\" class=\"wp-block-spacer\"><\/div>\n\n\n\n<p>Todas as informa\u00e7\u00f5es est\u00e3o <a href=\"https:\/\/app.rr.senac.br\/psg\/#\/consulta-de-vagas\">dispon\u00edveis no edital no site<\/a>, e para d\u00favidas ou mais informa\u00e7\u00f5es, os candidatos devem entrar em contato com o Senac RR via WhatsApp: 98420-9992, ou 3626-8434 (liga\u00e7\u00f5es).<\/p>\n\n\n\n<div style=\"height:2px\" aria-hidden=\"true\" class=\"wp-block-spacer\"><\/div>\n\n\n\n<p>Confira os cursos dispon\u00edveis:<\/p>\n\n\n\n<div style=\"height:2px\" aria-hidden=\"true\" class=\"wp-block-spacer\"><\/div>\n\n\n\n<p>Designer de games<\/p>\n\n\n\n<p>Forma\u00e7\u00e3o Excel: do b\u00e1sico ao avan\u00e7ado<\/p>\n\n\n\n<p>Cabeleireiro assistente<\/p>\n\n\n\n<p>Design de sobrancelha<\/p>\n\n\n\n<p>Cuidador infantil<\/p>\n\n\n\n<p>Cuidador de pessoas com defici\u00eancia<\/p>\n\n\n\n<p>Auxiliar de confeitaria<\/p>\n\n\n\n<p>Assistente de marketing e vendas<\/p>\n\n\n\n<div style=\"height:2px\" aria-hidden=\"true\" class=\"wp-block-spacer\"><\/div>\n\n\n\n<p>Giovanna Lima \u2013 analista t\u00e9cnica<\/p>\n\n\n\n<p>Comunica\u00e7\u00e3o Senac RR<\/p>\n","protected":false},"excerpt":{"rendered":"<p>Inscri\u00e7\u00f5es iniciam nesta ter\u00e7a-feira (20) Os munic\u00edpios Iracema, S\u00e3o Luiz e Rorain\u00f3polis s\u00e3o os pr\u00f3ximos contemplados pelo edital do Programa Senac de Gratuidade (PSG) do Servi\u00e7o Nacional de Aprendizagem Comercial (Senac-RR). S\u00e3o oito cursos distribu\u00eddos nos tr\u00eas munic\u00edpios, com inscri\u00e7\u00f5es iniciando nesta ter\u00e7a-feira (20), de&hellip; <a class=\"more-link\" href=\"https:\/\/www.rr.senac.br\/portalsenac\/senac-disponibiliza-cursos-gratuitos-contemplando-municipios-do-interior-de-roraima\/\">Continuar lendo <span class=\"screen-reader-text\">Senac disponibiliza cursos gratuitos contemplando munic\u00edpios do interior de Roraima<\/span><\/a><\/p>\n","protected":false},"author":2,"featured_media":7565,"comment_status":"closed","ping_status":"","sticky":false,"template":"","format":"standard","meta":{"_jetpack_memberships_contains_paid_content":false,"_joinchat":[],"footnotes":""},"categories":[12],"tags":[],"class_list":["post-7564","post","type-post","status-publish","format-standard","has-post-thumbnail","hentry","category-ultimas-noticias","entry"],"jetpack_featured_media_url":"https:\/\/i0.wp.com\/www.rr.senac.br\/portalsenac\/wp-content\/uploads\/2024\/08\/SenacRR-psg.jpg?fit=680%2C453&ssl=1","jetpack_sharing_enabled":true,"_links":{"self":[{"href":"https:\/\/www.rr.senac.br\/portalsenac\/wp-json\/wp\/v2\/posts\/7564","targetHints":{"allow":["GET"]}}],"collection":[{"href":"https:\/\/www.rr.senac.br\/portalsenac\/wp-json\/wp\/v2\/posts"}],"about":[{"href":"https:\/\/www.rr.senac.br\/portalsenac\/wp-json\/wp\/v2\/types\/post"}],"author":[{"embeddable":true,"href":"https:\/\/www.rr.senac.br\/portalsenac\/wp-json\/wp\/v2\/users\/2"}],"replies":[{"embeddable":true,"href":"https:\/\/www.rr.senac.br\/portalsenac\/wp-json\/wp\/v2\/comments?post=7564"}],"version-history":[{"count":1,"href":"https:\/\/www.rr.senac.br\/portalsenac\/wp-json\/wp\/v2\/posts\/7564\/revisions"}],"predecessor-version":[{"id":7566,"href":"https:\/\/www.rr.senac.br\/portalsenac\/wp-json\/wp\/v2\/posts\/7564\/revisions\/7566"}],"wp:featuredmedia":[{"embeddable":true,"href":"https:\/\/www.rr.senac.br\/portalsenac\/wp-json\/wp\/v2\/media\/7565"}],"wp:attachment":[{"href":"https:\/\/www.rr.senac.br\/portalsenac\/wp-json\/wp\/v2\/media?parent=7564"}],"wp:term":[{"taxonomy":"category","embeddable":true,"href":"https:\/\/www.rr.senac.br\/portalsenac\/wp-json\/wp\/v2\/categories?post=7564"},{"taxonomy":"post_tag","embeddable":true,"href":"https:\/\/www.rr.senac.br\/portalsenac\/wp-json\/wp\/v2\/tags?post=7564"}],"curies":[{"name":"wp","href":"https:\/\/api.w.org\/{rel}","templated":true}]}}