{"id":7580,"date":"2024-08-30T16:13:56","date_gmt":"2024-08-30T20:13:56","guid":{"rendered":"https:\/\/www.rr.senac.br\/portalsenac\/?p=7580"},"modified":"2024-10-14T16:57:34","modified_gmt":"2024-10-14T20:57:34","slug":"i-expoarte-senac-idiomas-rr","status":"publish","type":"post","link":"https:\/\/www.rr.senac.br\/portalsenac\/i-expoarte-senac-idiomas-rr\/","title":{"rendered":"I Expoarte Senac Idiomas RR"},"content":{"rendered":"\n<div class=\"wp-block-media-text alignwide has-media-on-the-right is-stacked-on-mobile is-vertically-aligned-center\" style=\"grid-template-columns:auto 38%\"><div class=\"wp-block-media-text__content\">\n<p class=\"has-text-align-justify texto-justificado has-small-font-size\">A I Expoarte Senac Idiomas RR ser\u00e1 uma competi\u00e7\u00e3o realizada durante o Evento Cultural de Halloween de 2024, com um baile de m\u00e1scaras inspirado no bal\u00e9 \u201cGiselle\u201d de Adolphe Adam. O evento visa combinar cultura e ensino de l\u00ednguas, promovendo habilidades em escrita criativa, fotografia, performance e artes visuais. A competi\u00e7\u00e3o enriquecer\u00e1 o aprendizado dos alunos de idiomas do Senac Roraima.<\/p>\n\n\n\n<p class=\"has-text-align-justify texto-justificado has-small-font-size\"><br>Os alunos dever\u00e3o se inscrever entre 2 e 6 de setembro de 2024, enviar seus projetos finais de 30 de setembro a 4 de outubro de 2024, e apresentar os projetos em 31 de outubro de 2024. Podem participar alunos regularmente matriculados nos cursos presenciais de idiomas do Senac Idiomas, com autoriza\u00e7\u00e3o dos respons\u00e1veis para menores de 18 anos. Para inscri\u00e7\u00f5es, entre em contato pelo e-mail<\/p>\n\n\n\n<p class=\"texto-justificado has-small-font-size\">senacidiomas@rr.senac.br.<\/p>\n\n\n\n<p class=\"texto-justificado\"><\/p>\n\n\n\n<p class=\"texto-justificado\"><\/p>\n<\/div><figure class=\"wp-block-media-text__media\"><img data-recalc-dims=\"1\" fetchpriority=\"high\" decoding=\"async\" width=\"750\" height=\"750\" src=\"https:\/\/i0.wp.com\/www.rr.senac.br\/portalsenac\/wp-content\/uploads\/2024\/08\/post-Expoarte-Senac-Idiomas.png?resize=750%2C750&#038;ssl=1\" alt=\"\" class=\"wp-image-7581 size-full\" srcset=\"https:\/\/i0.wp.com\/www.rr.senac.br\/portalsenac\/wp-content\/uploads\/2024\/08\/post-Expoarte-Senac-Idiomas.png?resize=1024%2C1024&amp;ssl=1 1024w, https:\/\/i0.wp.com\/www.rr.senac.br\/portalsenac\/wp-content\/uploads\/2024\/08\/post-Expoarte-Senac-Idiomas.png?resize=300%2C300&amp;ssl=1 300w, https:\/\/i0.wp.com\/www.rr.senac.br\/portalsenac\/wp-content\/uploads\/2024\/08\/post-Expoarte-Senac-Idiomas.png?resize=150%2C150&amp;ssl=1 150w, https:\/\/i0.wp.com\/www.rr.senac.br\/portalsenac\/wp-content\/uploads\/2024\/08\/post-Expoarte-Senac-Idiomas.png?resize=768%2C768&amp;ssl=1 768w, https:\/\/i0.wp.com\/www.rr.senac.br\/portalsenac\/wp-content\/uploads\/2024\/08\/post-Expoarte-Senac-Idiomas.png?w=1080&amp;ssl=1 1080w\" sizes=\"(max-width: 750px) 100vw, 750px\" \/><\/figure><\/div>\n\n\n<div class=\"alignfull wp-block-ilb-icon-list\" id='ilbIconList-1' data-attributes='{&quot;align&quot;:&quot;full&quot;,&quot;cId&quot;:&quot;e73ebeb8-a&quot;,&quot;isTitle&quot;:false,&quot;title&quot;:&quot;&quot;,&quot;desc&quot;:&quot;Links e documenta\\u00e7\\u00f5es&quot;,&quot;lists&quot;:[{&quot;icon&quot;:{&quot;class&quot;:&quot;far fa-file-pdf&quot;,&quot;styles&quot;:&quot;color: inherit;&quot;,&quot;name&quot;:&quot;file-pdf&quot;,&quot;fontSize&quot;:16,&quot;colorType&quot;:&quot;solid&quot;,&quot;color&quot;:&quot;inherit&quot;,&quot;gradient&quot;:&quot;linear-gradient(135deg, #4527a4, #8344c5)&quot;},&quot;text&quot;:&quot;Convoca\\u00e7\\u00e3o para apresenta\\u00e7\\u00e3o&quot;,&quot;link&quot;:&quot;https:\\\/\\\/www.rr.senac.br\\\/portalsenac\\\/wp-content\\\/uploads\\\/2024\\\/10\\\/CONVOCACAO-I-EXPOARTE-SENAC-IDIOMAS-RR.pdf&quot;},{&quot;icon&quot;:{&quot;class&quot;:&quot;far fa-file-pdf&quot;,&quot;styles&quot;:&quot;color: inherit;&quot;,&quot;name&quot;:&quot;file-pdf&quot;,&quot;fontSize&quot;:16,&quot;colorType&quot;:&quot;solid&quot;,&quot;color&quot;:&quot;inherit&quot;,&quot;gradient&quot;:&quot;linear-gradient(135deg, #4527a4, #8344c5)&quot;},&quot;text&quot;:&quot;Selecionados para apresenta\\u00e7\\u00e3o - Oficial&quot;,&quot;link&quot;:&quot;https:\\\/\\\/www.rr.senac.br\\\/portalsenac\\\/wp-content\\\/uploads\\\/2024\\\/10\\\/Divulgacao-Oficial-dos-Selecionados-para-apresentacao-na-IEXPOART.pdf&quot;},{&quot;icon&quot;:{&quot;class&quot;:&quot;far fa-file-pdf&quot;,&quot;styles&quot;:&quot;color: inherit;&quot;,&quot;name&quot;:&quot;file-pdf&quot;,&quot;fontSize&quot;:16,&quot;colorType&quot;:&quot;solid&quot;,&quot;color&quot;:&quot;inherit&quot;,&quot;gradient&quot;:&quot;linear-gradient(135deg, #4527a4, #8344c5)&quot;},&quot;text&quot;:&quot;Preliminar do Selecionados para apresenta\\u00e7\\u00e3o&quot;,&quot;link&quot;:&quot;https:\\\/\\\/www.rr.senac.br\\\/portalsenac\\\/wp-content\\\/uploads\\\/2024\\\/10\\\/Divulgacao-Preliminar-do-Selecionados-para-apresentacao-na-IEXPOART.pdf&quot;},{&quot;icon&quot;:{&quot;class&quot;:&quot;far fa-file-pdf&quot;,&quot;styles&quot;:&quot;color: inherit;&quot;,&quot;name&quot;:&quot;file-pdf&quot;,&quot;fontSize&quot;:16,&quot;colorType&quot;:&quot;solid&quot;,&quot;color&quot;:&quot;inherit&quot;,&quot;gradient&quot;:&quot;linear-gradient(135deg, #4527a4, #8344c5)&quot;},&quot;text&quot;:&quot;Retificativo - Lista de inscritos&quot;,&quot;link&quot;:&quot;https:\\\/\\\/www.rr.senac.br\\\/portalsenac\\\/wp-content\\\/uploads\\\/2024\\\/09\\\/RETIFICATIVO-LISTA-DE-INSCRITOS-I-Expoarte-idiomas.pdf&quot;},{&quot;icon&quot;:{&quot;class&quot;:&quot;far fa-file-pdf&quot;,&quot;styles&quot;:&quot;color: inherit;&quot;,&quot;name&quot;:&quot;file-pdf&quot;,&quot;fontSize&quot;:16,&quot;colorType&quot;:&quot;solid&quot;,&quot;color&quot;:&quot;inherit&quot;,&quot;gradient&quot;:&quot;linear-gradient(135deg, #4527a4, #8344c5)&quot;},&quot;text&quot;:&quot;Lista de inscritos.&quot;,&quot;link&quot;:&quot;https:\\\/\\\/www.rr.senac.br\\\/portalsenac\\\/wp-content\\\/uploads\\\/2024\\\/09\\\/Listas-dos-escritos-I-Expoarte_idiomas.pdf&quot;},{&quot;icon&quot;:{&quot;class&quot;:&quot;far fa-file-pdf&quot;,&quot;styles&quot;:&quot;color: inherit;&quot;,&quot;name&quot;:&quot;file-pdf&quot;,&quot;fontSize&quot;:16,&quot;colorType&quot;:&quot;solid&quot;,&quot;color&quot;:&quot;inherit&quot;,&quot;gradient&quot;:&quot;linear-gradient(135deg, #4527a4, #8344c5)&quot;},&quot;text&quot;:&quot;Resultado dos recursos.&quot;,&quot;link&quot;:&quot;https:\\\/\\\/www.rr.senac.br\\\/portalsenac\\\/wp-content\\\/uploads\\\/2024\\\/09\\\/Resultado-recursos-I-Expoarte_idiomas.pdf&quot;},{&quot;icon&quot;:{&quot;class&quot;:&quot;far fa-file-pdf&quot;,&quot;styles&quot;:&quot;color: inherit;&quot;,&quot;name&quot;:&quot;file-pdf&quot;,&quot;fontSize&quot;:16,&quot;colorType&quot;:&quot;solid&quot;,&quot;color&quot;:&quot;inherit&quot;,&quot;gradient&quot;:&quot;linear-gradient(135deg, #4527a4, #8344c5)&quot;},&quot;text&quot;:&quot;Lista de inscritos - PRELIMINAR.&quot;,&quot;link&quot;:&quot;https:\\\/\\\/www.rr.senac.br\\\/portalsenac\\\/wp-content\\\/uploads\\\/2024\\\/09\\\/LISTA-DE-INSCRITOS-PRELIMINAR-IDIOMAS.pdf&quot;},{&quot;icon&quot;:{&quot;class&quot;:&quot;far fa-file-pdf&quot;,&quot;styles&quot;:&quot;color: inherit;&quot;,&quot;name&quot;:&quot;file-pdf&quot;,&quot;fontSize&quot;:16,&quot;colorType&quot;:&quot;solid&quot;,&quot;color&quot;:&quot;inherit&quot;,&quot;gradient&quot;:&quot;linear-gradient(135deg, #4527a4, #8344c5)&quot;},&quot;text&quot;:&quot;Edital do Expoarte Senac Idiomas RR.&quot;,&quot;link&quot;:&quot;https:\\\/\\\/www.rr.senac.br\\\/portalsenac\\\/wp-content\\\/uploads\\\/2024\\\/08\\\/edital-I-Expoarte-Senac-Idiomas-RR.pdf&quot;}],&quot;isListLinkInNewTab&quot;:true,&quot;width&quot;:&quot;610px&quot;,&quot;background&quot;:{&quot;color&quot;:&quot;#0000&quot;,&quot;type&quot;:&quot;solid&quot;,&quot;gradient&quot;:&quot;linear-gradient(135deg, #4527a4, #8344c5)&quot;,&quot;image&quot;:[],&quot;position&quot;:&quot;center center&quot;,&quot;attachment&quot;:&quot;initial&quot;,&quot;repeat&quot;:&quot;no-repeat&quot;,&quot;size&quot;:&quot;cover&quot;,&quot;overlayColor&quot;:&quot;#000000b3&quot;,&quot;styles&quot;:&quot;background: #0000;&quot;},&quot;padding&quot;:{&quot;vertical&quot;:&quot;30px&quot;,&quot;horizontal&quot;:&quot;25px&quot;,&quot;side&quot;:2,&quot;top&quot;:&quot;30px&quot;,&quot;right&quot;:&quot;25px&quot;,&quot;bottom&quot;:&quot;30px&quot;,&quot;left&quot;:&quot;25px&quot;,&quot;styles&quot;:&quot;30px 25px&quot;},&quot;border&quot;:{&quot;width&quot;:&quot;0px&quot;,&quot;style&quot;:&quot;solid&quot;,&quot;color&quot;:&quot;#0000&quot;,&quot;side&quot;:&quot;all&quot;,&quot;radius&quot;:&quot;0px&quot;,&quot;styles&quot;:&quot;border-radius: 0px;&quot;},&quot;shadow&quot;:{&quot;blur&quot;:&quot;0px&quot;,&quot;color&quot;:&quot;rgba(29, 82, 161, 0.48)&quot;,&quot;type&quot;:&quot;box&quot;,&quot;hOffset&quot;:&quot;0px&quot;,&quot;vOffset&quot;:&quot;0px&quot;,&quot;spreed&quot;:&quot;0px&quot;,&quot;isInset&quot;:false,&quot;styles&quot;:&quot;0px 0px 0px 0px rgba(29, 82, 161, 0.48)&quot;},&quot;headerMargin&quot;:{&quot;bottom&quot;:&quot;30px&quot;,&quot;side&quot;:2,&quot;vertical&quot;:&quot;15px&quot;,&quot;horizontal&quot;:&quot;0px&quot;,&quot;top&quot;:&quot;0px&quot;,&quot;right&quot;:&quot;0px&quot;,&quot;left&quot;:&quot;0px&quot;,&quot;styles&quot;:&quot;15px 0px&quot;},&quot;titleTypo&quot;:{&quot;fontSize&quot;:30,&quot;fontWeight&quot;:700,&quot;textTransform&quot;:&quot;uppercase&quot;,&quot;styles&quot;:&quot;font-weight: 700; font-size: 30px; text-transform: uppercase; line-height: 135%;&quot;,&quot;googleFontLink&quot;:&quot;&quot;},&quot;titleColor&quot;:&quot;rgba(29, 82, 161, 1)&quot;,&quot;descTypo&quot;:{&quot;fontSize&quot;:18,&quot;fontWeight&quot;:500,&quot;styles&quot;:&quot;font-weight: 500; font-size: 18px; line-height: 135%;&quot;,&quot;googleFontLink&quot;:&quot;&quot;},&quot;headerSep&quot;:{&quot;width&quot;:&quot;20%&quot;,&quot;height&quot;:&quot;2px&quot;,&quot;style&quot;:&quot;solid&quot;,&quot;color&quot;:&quot;#828282&quot;,&quot;styles&quot;:&quot;width: 20%; border-top: 2px solid #828282;&quot;},&quot;listIconColors&quot;:{&quot;color&quot;:&quot;#fff&quot;,&quot;bg&quot;:&quot;rgba(29, 82, 161, 1)&quot;,&quot;bgType&quot;:&quot;solid&quot;,&quot;gradient&quot;:&quot;linear-gradient(135deg, #4527a4, #8344c5)&quot;,&quot;styles&quot;:&quot;color: #fff; background: rgba(29, 82, 161, 1);&quot;},&quot;listTextTypo&quot;:{&quot;fontSize&quot;:15,&quot;styles&quot;:&quot;font-weight: 500; font-size: 15px; line-height: 135%;&quot;,&quot;googleFontLink&quot;:&quot;&quot;},&quot;isDesc&quot;:true,&quot;alignment&quot;:&quot;center&quot;,&quot;position&quot;:&quot;left&quot;,&quot;descColor&quot;:&quot;#828282&quot;,&quot;descriptionTypo&quot;:{&quot;fontSize&quot;:{&quot;desktop&quot;:15,&quot;tablet&quot;:15,&quot;mobile&quot;:15}},&quot;descriptionColor&quot;:&quot;#828282&quot;,&quot;isHeaderSep&quot;:true,&quot;themeOptions&quot;:{&quot;rightIconColor&quot;:&quot;#4527A4&quot;,&quot;isBadge&quot;:true,&quot;isUrlIcon&quot;:false,&quot;isButton&quot;:true,&quot;isMaxWidth&quot;:true},&quot;iconUploadButton&quot;:{&quot;setIconUpload&quot;:&quot;select&quot;},&quot;columns&quot;:{&quot;desktop&quot;:2,&quot;tablet&quot;:2,&quot;mobile&quot;:1},&quot;columnGap&quot;:15,&quot;rowGap&quot;:15,&quot;listIconSize&quot;:22,&quot;uploadListIconSize&quot;:36,&quot;theme6Styles&quot;:{&quot;color&quot;:&quot;#fff&quot;,&quot;bg&quot;:&quot;#059669&quot;},&quot;singleIconColor&quot;:{&quot;color&quot;:&quot;#059669&quot;,&quot;animateColor&quot;:&quot;linear-gradient(135deg, #3b82f6, #8b5cf6)&quot;},&quot;listTextColor&quot;:&quot;#828282&quot;,&quot;themes&quot;:{&quot;theme&quot;:&quot;default&quot;},&quot;featureTitle&quot;:&quot;Our Features&quot;,&quot;featureTypo&quot;:{&quot;fontSize&quot;:{&quot;desktop&quot;:30,&quot;tablet&quot;:26,&quot;mobile&quot;:22}},&quot;badgeStyles&quot;:{&quot;color&quot;:&quot;#fff&quot;,&quot;bg&quot;:&quot;#4527A4&quot;},&quot;badgeTextTypo&quot;:{&quot;fontSize&quot;:{&quot;desktop&quot;:14,&quot;tablet&quot;:12,&quot;mobile&quot;:10}},&quot;listItemsBgColor&quot;:{&quot;color&quot;:&quot;#0000&quot;},&quot;theme5Styles&quot;:{&quot;iconPulsColor&quot;:&quot;linear-gradient(135deg, #3b82f6, #8b5cf6)&quot;,&quot;iconBgBlur&quot;:&quot;linear-gradient(135deg, #3b82f6, #8b5cf6)&quot;},&quot;jetPopupInstance&quot;:&quot;none&quot;,&quot;jetPopupTriggerType&quot;:&quot;none&quot;,&quot;jetPopupCustomSelector&quot;:&quot;&quot;}' data-ispremium=\"0\">\r\n<\/div>\n\n\n<div style=\"height:100px\" aria-hidden=\"true\" class=\"wp-block-spacer\"><\/div>\n\n\n\n<p><\/p>\n","protected":false},"excerpt":{"rendered":"<p>A I Expoarte Senac Idiomas RR ser\u00e1 uma competi\u00e7\u00e3o realizada durante o Evento Cultural de Halloween de 2024, com um baile de m\u00e1scaras inspirado no bal\u00e9 \u201cGiselle\u201d de Adolphe Adam. O evento visa combinar cultura e ensino de l\u00ednguas, promovendo habilidades em escrita criativa, fotografia,&hellip; <a class=\"more-link\" href=\"https:\/\/www.rr.senac.br\/portalsenac\/i-expoarte-senac-idiomas-rr\/\">Continuar lendo <span class=\"screen-reader-text\">I Expoarte Senac Idiomas RR<\/span><\/a><\/p>\n","protected":false},"author":4,"featured_media":7581,"comment_status":"closed","ping_status":"closed","sticky":false,"template":"elementor_theme","format":"standard","meta":{"_jetpack_memberships_contains_paid_content":false,"_joinchat":{"telephone":"+5595984209992"},"footnotes":""},"categories":[28],"tags":[],"class_list":["post-7580","post","type-post","status-publish","format-standard","has-post-thumbnail","hentry","category-promocionais","entry"],"jetpack_featured_media_url":"https:\/\/i0.wp.com\/www.rr.senac.br\/portalsenac\/wp-content\/uploads\/2024\/08\/post-Expoarte-Senac-Idiomas.png?fit=1080%2C1080&ssl=1","jetpack_sharing_enabled":true,"_links":{"self":[{"href":"https:\/\/www.rr.senac.br\/portalsenac\/wp-json\/wp\/v2\/posts\/7580","targetHints":{"allow":["GET"]}}],"collection":[{"href":"https:\/\/www.rr.senac.br\/portalsenac\/wp-json\/wp\/v2\/posts"}],"about":[{"href":"https:\/\/www.rr.senac.br\/portalsenac\/wp-json\/wp\/v2\/types\/post"}],"author":[{"embeddable":true,"href":"https:\/\/www.rr.senac.br\/portalsenac\/wp-json\/wp\/v2\/users\/4"}],"replies":[{"embeddable":true,"href":"https:\/\/www.rr.senac.br\/portalsenac\/wp-json\/wp\/v2\/comments?post=7580"}],"version-history":[{"count":29,"href":"https:\/\/www.rr.senac.br\/portalsenac\/wp-json\/wp\/v2\/posts\/7580\/revisions"}],"predecessor-version":[{"id":7795,"href":"https:\/\/www.rr.senac.br\/portalsenac\/wp-json\/wp\/v2\/posts\/7580\/revisions\/7795"}],"wp:featuredmedia":[{"embeddable":true,"href":"https:\/\/www.rr.senac.br\/portalsenac\/wp-json\/wp\/v2\/media\/7581"}],"wp:attachment":[{"href":"https:\/\/www.rr.senac.br\/portalsenac\/wp-json\/wp\/v2\/media?parent=7580"}],"wp:term":[{"taxonomy":"category","embeddable":true,"href":"https:\/\/www.rr.senac.br\/portalsenac\/wp-json\/wp\/v2\/categories?post=7580"},{"taxonomy":"post_tag","embeddable":true,"href":"https:\/\/www.rr.senac.br\/portalsenac\/wp-json\/wp\/v2\/tags?post=7580"}],"curies":[{"name":"wp","href":"https:\/\/api.w.org\/{rel}","templated":true}]}}