{"id":76,"date":"2021-02-25T14:35:48","date_gmt":"2021-02-25T17:35:48","guid":{"rendered":"http:\/\/rr.senac.local\/?p=76"},"modified":"2023-06-22T16:22:37","modified_gmt":"2023-06-22T19:22:37","slug":"intercambio-nos-eua-para-universitarios-brasileiros-esta-com-inscricoes-abertas","status":"publish","type":"post","link":"https:\/\/www.rr.senac.br\/portalsenac\/intercambio-nos-eua-para-universitarios-brasileiros-esta-com-inscricoes-abertas\/","title":{"rendered":"Interc\u00e2mbio nos EUA para universit\u00e1rios brasileiros est\u00e1 com inscri\u00e7\u00f5es abertas"},"content":{"rendered":"\n<p>Cinco universit\u00e1rios brasileiros de 18 a 25 anos ser\u00e3o selecionados para se unir a participantes da \u00cdndia, Indon\u00e9sia, Tun\u00edsia e Nig\u00e9ria no programa Study of the U.S. Institutes for Student Leaders on Education and the Future of Work, no final do primeiro semestre de 2021. A prioridade \u00e9 para estudantes que nunca tenham viajado ao exterior. As inscri\u00e7\u00f5es s\u00e3o at\u00e9 dia 8 de janeiro, pelo link:&nbsp;<a href=\"https:\/\/bit.ly\/34xHasm\">https:\/\/bit.ly\/34xHasm<\/a><\/p>\n\n\n\n<p>Com dura\u00e7\u00e3o de 5 a 6 semanas, o SUSI for Student Leaders \u00e9 um per\u00edodo de resid\u00eancia acad\u00eamica em um campus com americanos (h\u00e1 aproximadamente 20 participantes de outros pa\u00edses em cada instituto), com o objetivo de ampliar o conhecimento dos participantes sobre os Estados Unidos e ampliar suas habilidades de lideran\u00e7a.<br><br>O programa explorar\u00e1 as maneiras como tecnologia, o mercado de trabalho e educa\u00e7\u00e3o profissional e tecnol\u00f3gica s\u00e3o interconectados nos Estados Unidos. Os participantes s\u00e3o expostos a quest\u00f5es globais no contexto do futuro do mercado de trabalho ao examinar tend\u00eancias econ\u00f4micas, sociais e educacionais. Utilizando metodologias interdisciplinares, o programa acad\u00eamico examina o papel de institui\u00e7\u00f5es de ensino americanas, especialmente os Community Colleges, na prepara\u00e7\u00e3o de estudantes americanos para o mercado de trabalho em diversos setores como neg\u00f3cios, tecnologia, ci\u00eancias, educa\u00e7\u00e3o superior, artes e outros.<\/p>\n\n\n\n<p>T\u00f3picos podem incluir comunica\u00e7\u00f5es, empreendedorismo, globaliza\u00e7\u00e3o e urbaniza\u00e7\u00e3o, inova\u00e7\u00e3o e tecnologia, desenvolvimento e gerenciamento organizacional, desenvolvimento de habilidades e estrat\u00e9gias para atualiza\u00e7\u00e3o de conhecimentos. Os Institutos tamb\u00e9m trazem oportunidades para os participantes interagirem com l\u00edderes educacionais e de ind\u00fastria, associa\u00e7\u00f5es culturais e outros atores-chave. Uma excurs\u00e3o de campo para outra regi\u00e3o dos Estados Unidos complementa a resid\u00eancia acad\u00eamica e permite que participantes expandam seus conhecimentos acerca da capacita\u00e7\u00e3o t\u00e9cnica nos Estados Unidos.<br><br>O programa pode ser executado seguindo o modelo tradicional de programa de interc\u00e2mbio pela institui\u00e7\u00e3o organizadora, a Foundation for International Understanding Through Students (FIUTS) na Universidade de Washington em Seattle. Entretanto, pode se tornar um programa virtual, com todas as palestras e atividades adaptadas para ensino s\u00edncrono e ass\u00edncrono, de acordo com a capacidade t\u00e9cnica da institui\u00e7\u00e3o organizadora e condi\u00e7\u00f5es de acesso dos participantes selecionados. O Bureau de Assuntos Educacionais e Culturais &#8211; ECA tomar\u00e1 uma decis\u00e3o final sobre o formato e viabilidade do programa na primavera de 2021, de acordo com as condi\u00e7\u00f5es sanit\u00e1rias, de seguran\u00e7a e restri\u00e7\u00f5es de viagem causadas pela pandemia de COVID-19.<\/p>\n\n\n\n<p>Adaptado de&nbsp;Embaixada e Consulados dos EUA no Brasil<br>Nayra Wladimila<br>Comunica\u00e7\u00e3o Senac RR<\/p>\n","protected":false},"excerpt":{"rendered":"<p>Cinco universit\u00e1rios brasileiros de 18 a 25 anos ser\u00e3o selecionados para se unir a participantes da \u00cdndia, Indon\u00e9sia, Tun\u00edsia e Nig\u00e9ria no programa Study of the U.S. Institutes for Student Leaders on Education and the Future of Work, no final do primeiro semestre de 2021.&hellip; <a class=\"more-link\" href=\"https:\/\/www.rr.senac.br\/portalsenac\/intercambio-nos-eua-para-universitarios-brasileiros-esta-com-inscricoes-abertas\/\">Continuar lendo <span class=\"screen-reader-text\">Interc\u00e2mbio nos EUA para universit\u00e1rios brasileiros est\u00e1 com inscri\u00e7\u00f5es abertas<\/span><\/a><\/p>\n","protected":false},"author":1,"featured_media":77,"comment_status":"closed","ping_status":"open","sticky":false,"template":"","format":"standard","meta":{"_jetpack_memberships_contains_paid_content":false,"_joinchat":[],"footnotes":""},"categories":[12],"tags":[],"class_list":["post-76","post","type-post","status-publish","format-standard","has-post-thumbnail","hentry","category-ultimas-noticias","entry"],"jetpack_featured_media_url":"https:\/\/i0.wp.com\/www.rr.senac.br\/portalsenac\/wp-content\/uploads\/2021\/02\/2pexels-andrea-piacquadio-3762800.jpg?fit=680%2C453&ssl=1","jetpack_sharing_enabled":true,"_links":{"self":[{"href":"https:\/\/www.rr.senac.br\/portalsenac\/wp-json\/wp\/v2\/posts\/76","targetHints":{"allow":["GET"]}}],"collection":[{"href":"https:\/\/www.rr.senac.br\/portalsenac\/wp-json\/wp\/v2\/posts"}],"about":[{"href":"https:\/\/www.rr.senac.br\/portalsenac\/wp-json\/wp\/v2\/types\/post"}],"author":[{"embeddable":true,"href":"https:\/\/www.rr.senac.br\/portalsenac\/wp-json\/wp\/v2\/users\/1"}],"replies":[{"embeddable":true,"href":"https:\/\/www.rr.senac.br\/portalsenac\/wp-json\/wp\/v2\/comments?post=76"}],"version-history":[{"count":0,"href":"https:\/\/www.rr.senac.br\/portalsenac\/wp-json\/wp\/v2\/posts\/76\/revisions"}],"wp:featuredmedia":[{"embeddable":true,"href":"https:\/\/www.rr.senac.br\/portalsenac\/wp-json\/wp\/v2\/media\/77"}],"wp:attachment":[{"href":"https:\/\/www.rr.senac.br\/portalsenac\/wp-json\/wp\/v2\/media?parent=76"}],"wp:term":[{"taxonomy":"category","embeddable":true,"href":"https:\/\/www.rr.senac.br\/portalsenac\/wp-json\/wp\/v2\/categories?post=76"},{"taxonomy":"post_tag","embeddable":true,"href":"https:\/\/www.rr.senac.br\/portalsenac\/wp-json\/wp\/v2\/tags?post=76"}],"curies":[{"name":"wp","href":"https:\/\/api.w.org\/{rel}","templated":true}]}}