{"id":7893,"date":"2024-11-14T11:31:20","date_gmt":"2024-11-14T15:31:20","guid":{"rendered":"https:\/\/www.rr.senac.br\/portalsenac\/?p=7893"},"modified":"2024-11-27T09:59:19","modified_gmt":"2024-11-27T13:59:19","slug":"edital-de-doacao-de-bens-n-001-2024","status":"publish","type":"post","link":"https:\/\/www.rr.senac.br\/portalsenac\/edital-de-doacao-de-bens-n-001-2024\/","title":{"rendered":"Edital de doa\u00e7\u00e3o de bens N\u00b0 001\/2024"},"content":{"rendered":"\n<div style=\"height:60px\" aria-hidden=\"true\" class=\"wp-block-spacer\"><\/div>\n\n\n\n<p><strong>O SERVI\u00c7O NACIONAL DE APRENDIZAGEM COMERCIAL<\/strong> \u2013 Objeto deste Edital, a DOA\u00c7\u00c3O DE BENS INSERV\u00cdVEIS, conforme descrito no Anexo IV.<\/p>\n\n\n\n<div style=\"height:6px\" aria-hidden=\"true\" class=\"wp-block-spacer\"><\/div>\n\n\n\n<p class=\"texto-justificado\">Poder\u00e3o participar do certame, quaisquer entidades sem fins lucrativos, organiza\u00e7\u00f5es governamentais e n\u00e3o-governamentais, entidades filantr\u00f3picas ou de assist\u00eancia social, e que atendam \u00e0s condi\u00e7\u00f5es estabelecidas neste edital e seus anexos.<\/p>\n\n\n\n<p class=\"has-extra-small-font-size\"><br>Local de entrega:<br><strong>CENTRO DE EDUCA\u00c7\u00c3O PROFISSIONAL MINISTRO ERNANE GALV\u00caAS<\/strong>, localizado na Av. Major Williams, 2084 &#8211; S\u00e3o Francisco, cep 69310-110 Boa Vista &#8211; RR, departamento (<strong>GOPS<\/strong>) hor\u00e1rio de <strong>08:00<\/strong> \u00e0s <strong>11:30<\/strong> e das <strong>14:00<\/strong> \u00e0s <strong>17:30<\/strong> horas.<br><strong><em>Comiss\u00e3o Permanente de Licita\u00e7\u00e3o<\/em><\/strong><\/p>\n\n\n\n<div style=\"height:40px\" aria-hidden=\"true\" class=\"wp-block-spacer\"><\/div>\n\n\n\n<h2 class=\"wp-block-heading has-small-font-size\"><strong>CRONOGRAMA DO EDITAL DE DOA\u00c7\u00c3O DE BENS PATRIMONIAIS DOA\u00c7\u00c3O N\u00b0 002\/2024<\/strong><\/h2>\n\n\n\n<figure class=\"wp-block-table alignfull\" style=\"font-size:12px\"><table><thead><tr><th class=\"has-text-align-center\" data-align=\"center\"><strong>Ordem<\/strong><\/th><th class=\"has-text-align-center\" data-align=\"center\"><strong>Etapas<\/strong><\/th><th class=\"has-text-align-center\" data-align=\"center\"><strong>Data<\/strong><\/th><th class=\"has-text-align-center\" data-align=\"center\"><strong>Descri\u00e7\u00e3o<\/strong><\/th><\/tr><\/thead><tbody><tr><td class=\"has-text-align-center\" data-align=\"center\">1.<\/td><td class=\"has-text-align-center\" data-align=\"center\">Recebimento de documenta\u00e7\u00e3o<\/td><td class=\"has-text-align-center\" data-align=\"center\"><strong><strong><strong>18, 19, 21, e 22\/11\/2024.<\/strong><\/strong><\/strong><\/td><td class=\"has-text-align-center\" data-align=\"center\">Das 8h:30 \u00e0s 11h:30 e das 14h:00 \u00e0s 17h:30<\/td><\/tr><tr><td class=\"has-text-align-center\" data-align=\"center\">2.<\/td><td class=\"has-text-align-center\" data-align=\"center\">Divulga\u00e7\u00e3o oficial das entidades &nbsp;aptas para o sorteio de 03 (tr\u00eas) lotes.<\/td><td class=\"has-text-align-center\" data-align=\"center\"><strong><strong>27\/11\/2024<\/strong><\/strong><\/td><td class=\"has-text-align-center\" data-align=\"center\">A partir das 10h:00<\/td><\/tr><tr><td class=\"has-text-align-center\" data-align=\"center\">3.<\/td><td class=\"has-text-align-center\" data-align=\"center\">Sorteio presencial com os representantes oficias das empresas aptas a participar.<br>Local: Av. Major Williams, 2084 &#8211; S\u00e3o Francisco cep 69310-110 Boa Vista &#8211; RR, departamento (<strong>GOPS<\/strong>)<\/td><td class=\"has-text-align-center\" data-align=\"center\"><strong>Sala GOPS<\/strong><br><strong>29\/11\/2024<\/strong><\/td><td class=\"has-text-align-center\" data-align=\"center\">A partir das 10h:00<\/td><\/tr><\/tbody><\/table><figcaption class=\"wp-element-caption\"><strong>CRONOGRAMA DO EDITAL DE DOA\u00c7\u00c3O DE BENS PATRIMONIAIS<\/strong><\/figcaption><\/figure>\n\n\n\n<div style=\"height:40px\" aria-hidden=\"true\" class=\"wp-block-spacer\"><\/div>\n\n\n\n<p class=\"has-black-color has-text-color has-small-font-size\">Fa\u00e7a o download das <a href=\"https:\/\/www.rr.senac.br\/portalsenac\/wp-content\/uploads\/2024\/11\/Resultado_doacao_2024.pdf\" data-type=\"link\" data-id=\"http:\/\/\" target=\"_blank\" rel=\"noreferrer noopener\">Entidades habilitadas<\/a>.<\/p>\n\n\n\n<p class=\"has-small-font-size\">Fa\u00e7a o download do <a href=\"https:\/\/www.rr.senac.br\/portalsenac\/wp-content\/uploads\/2024\/11\/edital_de_doacao_de_bens_N001-2024.pdf\">Edital de doa\u00e7\u00e3o N\u00b0 001\/2024<\/a><\/p>\n\n\n\n<div style=\"height:40px\" aria-hidden=\"true\" class=\"wp-block-spacer\"><\/div>\n","protected":false},"excerpt":{"rendered":"<p>O SERVI\u00c7O NACIONAL DE APRENDIZAGEM COMERCIAL \u2013 Objeto deste Edital, a DOA\u00c7\u00c3O DE BENS INSERV\u00cdVEIS, conforme descrito no Anexo IV. Poder\u00e3o participar do certame, quaisquer entidades sem fins lucrativos, organiza\u00e7\u00f5es governamentais e n\u00e3o-governamentais, entidades filantr\u00f3picas ou de assist\u00eancia social, e que atendam \u00e0s condi\u00e7\u00f5es estabelecidas&hellip; <a class=\"more-link\" href=\"https:\/\/www.rr.senac.br\/portalsenac\/edital-de-doacao-de-bens-n-001-2024\/\">Continuar lendo <span class=\"screen-reader-text\">Edital de doa\u00e7\u00e3o de bens N\u00b0 001\/2024<\/span><\/a><\/p>\n","protected":false},"author":4,"featured_media":0,"comment_status":"closed","ping_status":"closed","sticky":false,"template":"","format":"standard","meta":{"_jetpack_memberships_contains_paid_content":false,"_joinchat":[],"footnotes":""},"categories":[18],"tags":[],"class_list":["post-7893","post","type-post","status-publish","format-standard","hentry","category-editais-de-doacoes","entry"],"jetpack_featured_media_url":"","jetpack_sharing_enabled":true,"_links":{"self":[{"href":"https:\/\/www.rr.senac.br\/portalsenac\/wp-json\/wp\/v2\/posts\/7893","targetHints":{"allow":["GET"]}}],"collection":[{"href":"https:\/\/www.rr.senac.br\/portalsenac\/wp-json\/wp\/v2\/posts"}],"about":[{"href":"https:\/\/www.rr.senac.br\/portalsenac\/wp-json\/wp\/v2\/types\/post"}],"author":[{"embeddable":true,"href":"https:\/\/www.rr.senac.br\/portalsenac\/wp-json\/wp\/v2\/users\/4"}],"replies":[{"embeddable":true,"href":"https:\/\/www.rr.senac.br\/portalsenac\/wp-json\/wp\/v2\/comments?post=7893"}],"version-history":[{"count":3,"href":"https:\/\/www.rr.senac.br\/portalsenac\/wp-json\/wp\/v2\/posts\/7893\/revisions"}],"predecessor-version":[{"id":7978,"href":"https:\/\/www.rr.senac.br\/portalsenac\/wp-json\/wp\/v2\/posts\/7893\/revisions\/7978"}],"wp:attachment":[{"href":"https:\/\/www.rr.senac.br\/portalsenac\/wp-json\/wp\/v2\/media?parent=7893"}],"wp:term":[{"taxonomy":"category","embeddable":true,"href":"https:\/\/www.rr.senac.br\/portalsenac\/wp-json\/wp\/v2\/categories?post=7893"},{"taxonomy":"post_tag","embeddable":true,"href":"https:\/\/www.rr.senac.br\/portalsenac\/wp-json\/wp\/v2\/tags?post=7893"}],"curies":[{"name":"wp","href":"https:\/\/api.w.org\/{rel}","templated":true}]}}