{"id":7906,"date":"2024-11-15T20:50:27","date_gmt":"2024-11-16T00:50:27","guid":{"rendered":"https:\/\/www.rr.senac.br\/portalsenac\/?p=7906"},"modified":"2024-11-15T20:50:27","modified_gmt":"2024-11-16T00:50:27","slug":"na-semana-da-gastronomia-regional-do-senac-brasil-equipe-de-roraima-apresenta-pratos-recheados-de-influencias-culturais","status":"publish","type":"post","link":"https:\/\/www.rr.senac.br\/portalsenac\/na-semana-da-gastronomia-regional-do-senac-brasil-equipe-de-roraima-apresenta-pratos-recheados-de-influencias-culturais\/","title":{"rendered":"Na Semana da Gastronomia Regional do Senac Brasil, equipe de Roraima apresenta pratos recheados de influ\u00eancias culturais"},"content":{"rendered":"\n<figure class=\"wp-block-image size-large\"><img data-recalc-dims=\"1\" fetchpriority=\"high\" decoding=\"async\" width=\"750\" height=\"500\" src=\"https:\/\/i0.wp.com\/www.rr.senac.br\/portalsenac\/wp-content\/uploads\/2024\/11\/senac_rr_semana_da_gastronomia-1.png?resize=750%2C500&#038;ssl=1\" alt=\"\" class=\"wp-image-7910\" srcset=\"https:\/\/i0.wp.com\/www.rr.senac.br\/portalsenac\/wp-content\/uploads\/2024\/11\/senac_rr_semana_da_gastronomia-1.png?resize=1024%2C683&amp;ssl=1 1024w, https:\/\/i0.wp.com\/www.rr.senac.br\/portalsenac\/wp-content\/uploads\/2024\/11\/senac_rr_semana_da_gastronomia-1.png?resize=300%2C200&amp;ssl=1 300w, https:\/\/i0.wp.com\/www.rr.senac.br\/portalsenac\/wp-content\/uploads\/2024\/11\/senac_rr_semana_da_gastronomia-1.png?resize=768%2C512&amp;ssl=1 768w, https:\/\/i0.wp.com\/www.rr.senac.br\/portalsenac\/wp-content\/uploads\/2024\/11\/senac_rr_semana_da_gastronomia-1.png?resize=1536%2C1024&amp;ssl=1 1536w, https:\/\/i0.wp.com\/www.rr.senac.br\/portalsenac\/wp-content\/uploads\/2024\/11\/senac_rr_semana_da_gastronomia-1.png?resize=1568%2C1045&amp;ssl=1 1568w, https:\/\/i0.wp.com\/www.rr.senac.br\/portalsenac\/wp-content\/uploads\/2024\/11\/senac_rr_semana_da_gastronomia-1.png?w=2048&amp;ssl=1 2048w\" sizes=\"(max-width: 750px) 100vw, 750px\" \/><figcaption class=\"wp-element-caption\">Evento aconteceu durante tr\u00eas dias, em Bras\u00edlia<\/figcaption><\/figure>\n\n\n\n<div style=\"height:5px\" aria-hidden=\"true\" class=\"wp-block-spacer\"><\/div>\n\n\n\n<p>A Semana da Gastronomia Regional do Senac aconteceu em Bras\u00edlia (DF), ao longo dos dias 11 a 13 de novembro. O evento \u00e9 uma iniciativa do departamento nacional, e tomou lugar em diferentes espa\u00e7os do Senac e Confedera\u00e7\u00e3o Nacional do Com\u00e9rcio (CNC), tais como o Centro de Aperfei\u00e7oamento em Gastronomia (CEAG), restaurante<em> Downtown<\/em> e restaurante-escola da C\u00e2mara dos Deputados.&nbsp;<\/p>\n\n\n\n<p>Estiveram prestigiando essa ocasi\u00e3o o presidente do Sistema Fecom\u00e9rcio RR, Ademir dos Santos; a superintendente do Sistema Fecom\u00e9rcio RR, Yolanda Herbster; a diretora do Senac RR, Fernanda Paula Barbosa; a diretora do Sesc RR, Lisiane Gassner Carnetti; outros diretores do Senac e Sesc, tamb\u00e9m parlamentares, colaboradores da CNC, Senac, Sesc, Senado Federal e C\u00e2mara dos Deputados.<\/p>\n\n\n\n<div style=\"height:1px\" aria-hidden=\"true\" class=\"wp-block-spacer\"><\/div>\n\n\n\n<figure class=\"wp-block-gallery alignfull has-nested-images columns-default is-cropped wp-block-gallery-1 is-layout-flex wp-block-gallery-is-layout-flex\">\n<figure class=\"wp-block-image size-large\"><img data-recalc-dims=\"1\" decoding=\"async\" width=\"750\" height=\"500\" data-id=\"7940\" src=\"https:\/\/i0.wp.com\/www.rr.senac.br\/portalsenac\/wp-content\/uploads\/2024\/11\/senac_rr_gastronomia_brasilia-1.png?resize=750%2C500&#038;ssl=1\" alt=\"\" class=\"wp-image-7940\" srcset=\"https:\/\/i0.wp.com\/www.rr.senac.br\/portalsenac\/wp-content\/uploads\/2024\/11\/senac_rr_gastronomia_brasilia-1.png?resize=1024%2C683&amp;ssl=1 1024w, https:\/\/i0.wp.com\/www.rr.senac.br\/portalsenac\/wp-content\/uploads\/2024\/11\/senac_rr_gastronomia_brasilia-1.png?resize=300%2C200&amp;ssl=1 300w, https:\/\/i0.wp.com\/www.rr.senac.br\/portalsenac\/wp-content\/uploads\/2024\/11\/senac_rr_gastronomia_brasilia-1.png?resize=768%2C512&amp;ssl=1 768w, https:\/\/i0.wp.com\/www.rr.senac.br\/portalsenac\/wp-content\/uploads\/2024\/11\/senac_rr_gastronomia_brasilia-1.png?resize=1536%2C1024&amp;ssl=1 1536w, https:\/\/i0.wp.com\/www.rr.senac.br\/portalsenac\/wp-content\/uploads\/2024\/11\/senac_rr_gastronomia_brasilia-1.png?resize=1568%2C1045&amp;ssl=1 1568w, https:\/\/i0.wp.com\/www.rr.senac.br\/portalsenac\/wp-content\/uploads\/2024\/11\/senac_rr_gastronomia_brasilia-1.png?w=2048&amp;ssl=1 2048w\" sizes=\"(max-width: 750px) 100vw, 750px\" \/><\/figure>\n<\/figure>\n\n\n\n<div style=\"height:5px\" aria-hidden=\"true\" class=\"wp-block-spacer\"><\/div>\n\n\n\n<p>A estimativa \u00e9 que na Semana da Gastronomia Regional, a equipe do Senac RR atendeu aproximadamente 600 clientes nos restaurantes. \u00a0<\/p>\n\n\n\n<div style=\"height:4px\" aria-hidden=\"true\" class=\"wp-block-spacer\"><\/div>\n\n\n\n<figure class=\"wp-block-image size-large\"><img data-recalc-dims=\"1\" decoding=\"async\" width=\"750\" height=\"500\" src=\"https:\/\/i0.wp.com\/www.rr.senac.br\/portalsenac\/wp-content\/uploads\/2024\/11\/senac_rr_semana_da_gastronomia-22.png?resize=750%2C500&#038;ssl=1\" alt=\"\" class=\"wp-image-7915\" srcset=\"https:\/\/i0.wp.com\/www.rr.senac.br\/portalsenac\/wp-content\/uploads\/2024\/11\/senac_rr_semana_da_gastronomia-22.png?resize=1024%2C683&amp;ssl=1 1024w, https:\/\/i0.wp.com\/www.rr.senac.br\/portalsenac\/wp-content\/uploads\/2024\/11\/senac_rr_semana_da_gastronomia-22.png?resize=300%2C200&amp;ssl=1 300w, https:\/\/i0.wp.com\/www.rr.senac.br\/portalsenac\/wp-content\/uploads\/2024\/11\/senac_rr_semana_da_gastronomia-22.png?resize=768%2C512&amp;ssl=1 768w, https:\/\/i0.wp.com\/www.rr.senac.br\/portalsenac\/wp-content\/uploads\/2024\/11\/senac_rr_semana_da_gastronomia-22.png?resize=1536%2C1024&amp;ssl=1 1536w, https:\/\/i0.wp.com\/www.rr.senac.br\/portalsenac\/wp-content\/uploads\/2024\/11\/senac_rr_semana_da_gastronomia-22.png?resize=2048%2C1365&amp;ssl=1 2048w, https:\/\/i0.wp.com\/www.rr.senac.br\/portalsenac\/wp-content\/uploads\/2024\/11\/senac_rr_semana_da_gastronomia-22.png?resize=1568%2C1045&amp;ssl=1 1568w, https:\/\/i0.wp.com\/www.rr.senac.br\/portalsenac\/wp-content\/uploads\/2024\/11\/senac_rr_semana_da_gastronomia-22.png?w=2250&amp;ssl=1 2250w\" sizes=\"(max-width: 750px) 100vw, 750px\" \/><\/figure>\n\n\n\n<div style=\"height:3px\" aria-hidden=\"true\" class=\"wp-block-spacer\"><\/div>\n\n\n\n<p><strong>Culin\u00e1ria e cultura roraimense em evid\u00eancia<\/strong><\/p>\n\n\n\n<p>Roraima foi representada na Semana da Gastronomia Regional pela gest\u00e3o, e instrutores de gastronomia e turismo do Senac RR. Na bagagem, a equipe levou o compromisso de real\u00e7ar a riqueza dos sabores da terra de Macuna\u00edma, com o tema \u201cRoraima: A Amaz\u00f4nia em Sabores\u201d. Os ingredientes selecionados para a constru\u00e7\u00e3o dos pratos inclu\u00edram produtos agr\u00edcolas, ervas, especiarias e prote\u00ednas locais.<\/p>\n\n\n\n<div style=\"height:4px\" aria-hidden=\"true\" class=\"wp-block-spacer\"><\/div>\n\n\n\n<div class=\"wp-block-jetpack-tiled-gallery alignfull is-style-rectangular\"><div class=\"tiled-gallery__gallery\"><div class=\"tiled-gallery__row\"><div class=\"tiled-gallery__col\" style=\"flex-basis:100.00000%\"><figure class=\"tiled-gallery__item\"><img decoding=\"async\" srcset=\"https:\/\/i0.wp.com\/www.rr.senac.br\/portalsenac\/wp-content\/uploads\/2024\/11\/senac_rr_semana_da_gastronomia-20-1-1024x683.png?strip=info&#038;w=600&#038;ssl=1 600w,https:\/\/i0.wp.com\/www.rr.senac.br\/portalsenac\/wp-content\/uploads\/2024\/11\/senac_rr_semana_da_gastronomia-20-1-1024x683.png?strip=info&#038;w=900&#038;ssl=1 900w,https:\/\/i0.wp.com\/www.rr.senac.br\/portalsenac\/wp-content\/uploads\/2024\/11\/senac_rr_semana_da_gastronomia-20-1-1024x683.png?strip=info&#038;w=1200&#038;ssl=1 1200w,https:\/\/i0.wp.com\/www.rr.senac.br\/portalsenac\/wp-content\/uploads\/2024\/11\/senac_rr_semana_da_gastronomia-20-1-1024x683.png?strip=info&#038;w=1500&#038;ssl=1 1500w,https:\/\/i0.wp.com\/www.rr.senac.br\/portalsenac\/wp-content\/uploads\/2024\/11\/senac_rr_semana_da_gastronomia-20-1-1024x683.png?strip=info&#038;w=1800&#038;ssl=1 1800w,https:\/\/i0.wp.com\/www.rr.senac.br\/portalsenac\/wp-content\/uploads\/2024\/11\/senac_rr_semana_da_gastronomia-20-1-1024x683.png?strip=info&#038;w=2000&#038;ssl=1 2000w\" alt=\"\" data-height=\"4266\" data-id=\"7919\" data-link=\"https:\/\/www.rr.senac.br\/portalsenac\/?attachment_id=7919\" data-url=\"https:\/\/www.rr.senac.br\/portalsenac\/wp-content\/uploads\/2024\/11\/senac_rr_semana_da_gastronomia-20-1-1024x683.png\" data-width=\"6400\" src=\"https:\/\/i0.wp.com\/www.rr.senac.br\/portalsenac\/wp-content\/uploads\/2024\/11\/senac_rr_semana_da_gastronomia-20-1-1024x683.png?ssl=1\" data-amp-layout=\"responsive\"\/><\/figure><\/div><\/div><\/div><\/div>\n\n\n\n<div style=\"height:2px\" aria-hidden=\"true\" class=\"wp-block-spacer\"><\/div>\n\n\n\n<p>Essa combina\u00e7\u00e3o de sabores se traduziu nos singulares e modernos <em>fil\u00e9 de tambaqui ao molho de macaxeira guarnecido com nhoque de banana da terra<\/em>, <em>entremet de buriti com ganache de chocolate Yanomami, gelato de d\u00e3o e farofa de ca\u00e7ari<\/em>, apresentados com muita t\u00e9cnica pelos instrutores do Senac RR em uma aula-show especial, e servidos com excel\u00eancia aos clientes dos restaurantes-escola de Bras\u00edlia.<\/p>\n\n\n\n<div style=\"height:4px\" aria-hidden=\"true\" class=\"wp-block-spacer\"><\/div>\n\n\n\n<div style=\"height:5px\" aria-hidden=\"true\" class=\"wp-block-spacer\"><\/div>\n\n\n\n<figure class=\"wp-block-gallery has-nested-images columns-default is-cropped wp-block-gallery-2 is-layout-flex wp-block-gallery-is-layout-flex\">\n<figure class=\"wp-block-image size-large\"><img data-recalc-dims=\"1\" loading=\"lazy\" decoding=\"async\" width=\"682\" height=\"1024\" data-id=\"7934\" src=\"https:\/\/i0.wp.com\/www.rr.senac.br\/portalsenac\/wp-content\/uploads\/2024\/11\/senac_rr_semana_da_gastronomia-2-1.png?resize=682%2C1024&#038;ssl=1\" alt=\"\" class=\"wp-image-7934\" srcset=\"https:\/\/i0.wp.com\/www.rr.senac.br\/portalsenac\/wp-content\/uploads\/2024\/11\/senac_rr_semana_da_gastronomia-2-1.png?resize=682%2C1024&amp;ssl=1 682w, https:\/\/i0.wp.com\/www.rr.senac.br\/portalsenac\/wp-content\/uploads\/2024\/11\/senac_rr_semana_da_gastronomia-2-1.png?resize=200%2C300&amp;ssl=1 200w, https:\/\/i0.wp.com\/www.rr.senac.br\/portalsenac\/wp-content\/uploads\/2024\/11\/senac_rr_semana_da_gastronomia-2-1.png?resize=768%2C1153&amp;ssl=1 768w, https:\/\/i0.wp.com\/www.rr.senac.br\/portalsenac\/wp-content\/uploads\/2024\/11\/senac_rr_semana_da_gastronomia-2-1.png?resize=1023%2C1536&amp;ssl=1 1023w, https:\/\/i0.wp.com\/www.rr.senac.br\/portalsenac\/wp-content\/uploads\/2024\/11\/senac_rr_semana_da_gastronomia-2-1.png?resize=1364%2C2048&amp;ssl=1 1364w, https:\/\/i0.wp.com\/www.rr.senac.br\/portalsenac\/wp-content\/uploads\/2024\/11\/senac_rr_semana_da_gastronomia-2-1.png?w=1500&amp;ssl=1 1500w, https:\/\/i0.wp.com\/www.rr.senac.br\/portalsenac\/wp-content\/uploads\/2024\/11\/senac_rr_semana_da_gastronomia-2-1.png?w=2250&amp;ssl=1 2250w\" sizes=\"(max-width: 682px) 100vw, 682px\" \/><\/figure>\n\n\n\n<figure class=\"wp-block-image size-large\"><img data-recalc-dims=\"1\" loading=\"lazy\" decoding=\"async\" width=\"750\" height=\"500\" data-id=\"7937\" src=\"https:\/\/i0.wp.com\/www.rr.senac.br\/portalsenac\/wp-content\/uploads\/2024\/11\/senac_rr_gastronomia_brasilia.png?resize=750%2C500&#038;ssl=1\" alt=\"\" class=\"wp-image-7937\" srcset=\"https:\/\/i0.wp.com\/www.rr.senac.br\/portalsenac\/wp-content\/uploads\/2024\/11\/senac_rr_gastronomia_brasilia.png?resize=1024%2C683&amp;ssl=1 1024w, https:\/\/i0.wp.com\/www.rr.senac.br\/portalsenac\/wp-content\/uploads\/2024\/11\/senac_rr_gastronomia_brasilia.png?resize=300%2C200&amp;ssl=1 300w, https:\/\/i0.wp.com\/www.rr.senac.br\/portalsenac\/wp-content\/uploads\/2024\/11\/senac_rr_gastronomia_brasilia.png?resize=768%2C512&amp;ssl=1 768w, https:\/\/i0.wp.com\/www.rr.senac.br\/portalsenac\/wp-content\/uploads\/2024\/11\/senac_rr_gastronomia_brasilia.png?resize=1536%2C1024&amp;ssl=1 1536w, https:\/\/i0.wp.com\/www.rr.senac.br\/portalsenac\/wp-content\/uploads\/2024\/11\/senac_rr_gastronomia_brasilia.png?resize=1568%2C1045&amp;ssl=1 1568w, https:\/\/i0.wp.com\/www.rr.senac.br\/portalsenac\/wp-content\/uploads\/2024\/11\/senac_rr_gastronomia_brasilia.png?w=2048&amp;ssl=1 2048w\" sizes=\"(max-width: 750px) 100vw, 750px\" \/><\/figure>\n\n\n\n<figure class=\"wp-block-image size-large\"><img data-recalc-dims=\"1\" loading=\"lazy\" decoding=\"async\" width=\"750\" height=\"500\" data-id=\"7936\" src=\"https:\/\/i0.wp.com\/www.rr.senac.br\/portalsenac\/wp-content\/uploads\/2024\/11\/senac_rr_semana_da_gastronomia-15.png?resize=750%2C500&#038;ssl=1\" alt=\"\" class=\"wp-image-7936\" srcset=\"https:\/\/i0.wp.com\/www.rr.senac.br\/portalsenac\/wp-content\/uploads\/2024\/11\/senac_rr_semana_da_gastronomia-15.png?resize=1024%2C683&amp;ssl=1 1024w, https:\/\/i0.wp.com\/www.rr.senac.br\/portalsenac\/wp-content\/uploads\/2024\/11\/senac_rr_semana_da_gastronomia-15.png?resize=300%2C200&amp;ssl=1 300w, https:\/\/i0.wp.com\/www.rr.senac.br\/portalsenac\/wp-content\/uploads\/2024\/11\/senac_rr_semana_da_gastronomia-15.png?resize=768%2C512&amp;ssl=1 768w, https:\/\/i0.wp.com\/www.rr.senac.br\/portalsenac\/wp-content\/uploads\/2024\/11\/senac_rr_semana_da_gastronomia-15.png?resize=1536%2C1024&amp;ssl=1 1536w, https:\/\/i0.wp.com\/www.rr.senac.br\/portalsenac\/wp-content\/uploads\/2024\/11\/senac_rr_semana_da_gastronomia-15.png?resize=2048%2C1365&amp;ssl=1 2048w, https:\/\/i0.wp.com\/www.rr.senac.br\/portalsenac\/wp-content\/uploads\/2024\/11\/senac_rr_semana_da_gastronomia-15.png?w=2250&amp;ssl=1 2250w\" sizes=\"(max-width: 750px) 100vw, 750px\" \/><\/figure>\n<\/figure>\n\n\n\n<p>O card\u00e1pio foi servido acompanhado por elementos de decora\u00e7\u00e3o cuidadosamente planejados para abordar aspectos culturais e sociais de Roraima. E a experi\u00eancia cultural foi al\u00e9m! Os clientes foram agraciados com exposi\u00e7\u00f5es de artes pl\u00e1sticas, artesanatos t\u00edpicos e apresenta\u00e7\u00f5es musicais do artista Santiago Pemon, que \u00e9 monitor e aluno do curso livre de Forma\u00e7\u00e3o de Orquestra do Sesc RR. \u00a0<\/p>\n\n\n\n<div style=\"height:5px\" aria-hidden=\"true\" class=\"wp-block-spacer\"><\/div>\n\n\n\n<figure class=\"wp-block-gallery has-nested-images columns-default is-cropped wp-block-gallery-3 is-layout-flex wp-block-gallery-is-layout-flex\">\n<figure class=\"wp-block-image size-large\"><img data-recalc-dims=\"1\" loading=\"lazy\" decoding=\"async\" width=\"682\" height=\"1024\" data-id=\"7927\" src=\"https:\/\/i0.wp.com\/www.rr.senac.br\/portalsenac\/wp-content\/uploads\/2024\/11\/senac_rr_semana_da_gastronomia-2-2.png?resize=682%2C1024&#038;ssl=1\" alt=\"\" class=\"wp-image-7927\" srcset=\"https:\/\/i0.wp.com\/www.rr.senac.br\/portalsenac\/wp-content\/uploads\/2024\/11\/senac_rr_semana_da_gastronomia-2-2.png?resize=682%2C1024&amp;ssl=1 682w, https:\/\/i0.wp.com\/www.rr.senac.br\/portalsenac\/wp-content\/uploads\/2024\/11\/senac_rr_semana_da_gastronomia-2-2.png?resize=200%2C300&amp;ssl=1 200w, https:\/\/i0.wp.com\/www.rr.senac.br\/portalsenac\/wp-content\/uploads\/2024\/11\/senac_rr_semana_da_gastronomia-2-2.png?resize=768%2C1153&amp;ssl=1 768w, https:\/\/i0.wp.com\/www.rr.senac.br\/portalsenac\/wp-content\/uploads\/2024\/11\/senac_rr_semana_da_gastronomia-2-2.png?resize=1023%2C1536&amp;ssl=1 1023w, https:\/\/i0.wp.com\/www.rr.senac.br\/portalsenac\/wp-content\/uploads\/2024\/11\/senac_rr_semana_da_gastronomia-2-2.png?resize=1364%2C2048&amp;ssl=1 1364w, https:\/\/i0.wp.com\/www.rr.senac.br\/portalsenac\/wp-content\/uploads\/2024\/11\/senac_rr_semana_da_gastronomia-2-2.png?w=1500&amp;ssl=1 1500w, https:\/\/i0.wp.com\/www.rr.senac.br\/portalsenac\/wp-content\/uploads\/2024\/11\/senac_rr_semana_da_gastronomia-2-2.png?w=2250&amp;ssl=1 2250w\" sizes=\"(max-width: 682px) 100vw, 682px\" \/><\/figure>\n\n\n\n<figure class=\"wp-block-image size-large\"><img data-recalc-dims=\"1\" loading=\"lazy\" decoding=\"async\" width=\"750\" height=\"500\" data-id=\"7926\" src=\"https:\/\/i0.wp.com\/www.rr.senac.br\/portalsenac\/wp-content\/uploads\/2024\/11\/senac_rr_semana_da_gastronomia-17.png?resize=750%2C500&#038;ssl=1\" alt=\"\" class=\"wp-image-7926\" srcset=\"https:\/\/i0.wp.com\/www.rr.senac.br\/portalsenac\/wp-content\/uploads\/2024\/11\/senac_rr_semana_da_gastronomia-17.png?resize=1024%2C683&amp;ssl=1 1024w, https:\/\/i0.wp.com\/www.rr.senac.br\/portalsenac\/wp-content\/uploads\/2024\/11\/senac_rr_semana_da_gastronomia-17.png?resize=300%2C200&amp;ssl=1 300w, https:\/\/i0.wp.com\/www.rr.senac.br\/portalsenac\/wp-content\/uploads\/2024\/11\/senac_rr_semana_da_gastronomia-17.png?resize=768%2C512&amp;ssl=1 768w, https:\/\/i0.wp.com\/www.rr.senac.br\/portalsenac\/wp-content\/uploads\/2024\/11\/senac_rr_semana_da_gastronomia-17.png?resize=1536%2C1024&amp;ssl=1 1536w, https:\/\/i0.wp.com\/www.rr.senac.br\/portalsenac\/wp-content\/uploads\/2024\/11\/senac_rr_semana_da_gastronomia-17.png?resize=2048%2C1365&amp;ssl=1 2048w, https:\/\/i0.wp.com\/www.rr.senac.br\/portalsenac\/wp-content\/uploads\/2024\/11\/senac_rr_semana_da_gastronomia-17.png?resize=1568%2C1045&amp;ssl=1 1568w, https:\/\/i0.wp.com\/www.rr.senac.br\/portalsenac\/wp-content\/uploads\/2024\/11\/senac_rr_semana_da_gastronomia-17.png?w=2250&amp;ssl=1 2250w\" sizes=\"(max-width: 750px) 100vw, 750px\" \/><\/figure>\n\n\n\n<figure class=\"wp-block-image size-large\"><img data-recalc-dims=\"1\" loading=\"lazy\" decoding=\"async\" width=\"750\" height=\"500\" data-id=\"7928\" src=\"https:\/\/i0.wp.com\/www.rr.senac.br\/portalsenac\/wp-content\/uploads\/2024\/11\/senac_rr_semana_da_gastronomia-16.png?resize=750%2C500&#038;ssl=1\" alt=\"\" class=\"wp-image-7928\" srcset=\"https:\/\/i0.wp.com\/www.rr.senac.br\/portalsenac\/wp-content\/uploads\/2024\/11\/senac_rr_semana_da_gastronomia-16.png?resize=1024%2C683&amp;ssl=1 1024w, https:\/\/i0.wp.com\/www.rr.senac.br\/portalsenac\/wp-content\/uploads\/2024\/11\/senac_rr_semana_da_gastronomia-16.png?resize=300%2C200&amp;ssl=1 300w, https:\/\/i0.wp.com\/www.rr.senac.br\/portalsenac\/wp-content\/uploads\/2024\/11\/senac_rr_semana_da_gastronomia-16.png?resize=768%2C512&amp;ssl=1 768w, https:\/\/i0.wp.com\/www.rr.senac.br\/portalsenac\/wp-content\/uploads\/2024\/11\/senac_rr_semana_da_gastronomia-16.png?resize=1536%2C1024&amp;ssl=1 1536w, https:\/\/i0.wp.com\/www.rr.senac.br\/portalsenac\/wp-content\/uploads\/2024\/11\/senac_rr_semana_da_gastronomia-16.png?resize=2048%2C1365&amp;ssl=1 2048w, https:\/\/i0.wp.com\/www.rr.senac.br\/portalsenac\/wp-content\/uploads\/2024\/11\/senac_rr_semana_da_gastronomia-16.png?resize=1568%2C1045&amp;ssl=1 1568w, https:\/\/i0.wp.com\/www.rr.senac.br\/portalsenac\/wp-content\/uploads\/2024\/11\/senac_rr_semana_da_gastronomia-16.png?w=2250&amp;ssl=1 2250w\" sizes=\"(max-width: 750px) 100vw, 750px\" \/><\/figure>\n<\/figure>\n\n\n\n<div style=\"height:4px\" aria-hidden=\"true\" class=\"wp-block-spacer\"><\/div>\n\n\n\n<p>Segundo a coordenadora das \u00e1reas de gastronomia e turismo do Senac RR, Ana Paula Schipitoski, a participa\u00e7\u00e3o do departamento regional nessa Semana de Gastronomia possibilitou a troca de experi\u00eancias entre as diversas equipes envolvidas. \u201cEssa imers\u00e3o fez com que todo o trabalho, e a expertise desses profissionais possa servir de inspira\u00e7\u00e3o. Esse conhecimento adquirido ser\u00e1 transferido aos nossos alunos de gastronomia, turismo, hospitalidade e servi\u00e7os de bares e restaurantes\u201d, contou Ana Paula. Para ela, experienciar esse evento ajuda a fortalecer os processos internos, e estimula o interesse tur\u00edstico no estado. \u00a0<\/p>\n\n\n\n<div style=\"height:3px\" aria-hidden=\"true\" class=\"wp-block-spacer\"><\/div>\n\n\n\n<figure class=\"wp-block-gallery has-nested-images columns-default is-cropped wp-block-gallery-4 is-layout-flex wp-block-gallery-is-layout-flex\">\n<figure class=\"wp-block-image size-large\"><img data-recalc-dims=\"1\" loading=\"lazy\" decoding=\"async\" width=\"750\" height=\"500\" data-id=\"7931\" src=\"https:\/\/i0.wp.com\/www.rr.senac.br\/portalsenac\/wp-content\/uploads\/2024\/11\/senac_rr_semana_da_gastronomia-24.png?resize=750%2C500&#038;ssl=1\" alt=\"\" class=\"wp-image-7931\" srcset=\"https:\/\/i0.wp.com\/www.rr.senac.br\/portalsenac\/wp-content\/uploads\/2024\/11\/senac_rr_semana_da_gastronomia-24.png?resize=1024%2C683&amp;ssl=1 1024w, https:\/\/i0.wp.com\/www.rr.senac.br\/portalsenac\/wp-content\/uploads\/2024\/11\/senac_rr_semana_da_gastronomia-24.png?resize=300%2C200&amp;ssl=1 300w, https:\/\/i0.wp.com\/www.rr.senac.br\/portalsenac\/wp-content\/uploads\/2024\/11\/senac_rr_semana_da_gastronomia-24.png?resize=768%2C512&amp;ssl=1 768w, https:\/\/i0.wp.com\/www.rr.senac.br\/portalsenac\/wp-content\/uploads\/2024\/11\/senac_rr_semana_da_gastronomia-24.png?resize=1536%2C1024&amp;ssl=1 1536w, https:\/\/i0.wp.com\/www.rr.senac.br\/portalsenac\/wp-content\/uploads\/2024\/11\/senac_rr_semana_da_gastronomia-24.png?resize=2048%2C1365&amp;ssl=1 2048w, https:\/\/i0.wp.com\/www.rr.senac.br\/portalsenac\/wp-content\/uploads\/2024\/11\/senac_rr_semana_da_gastronomia-24.png?resize=1568%2C1045&amp;ssl=1 1568w, https:\/\/i0.wp.com\/www.rr.senac.br\/portalsenac\/wp-content\/uploads\/2024\/11\/senac_rr_semana_da_gastronomia-24.png?w=2250&amp;ssl=1 2250w\" sizes=\"(max-width: 750px) 100vw, 750px\" \/><\/figure>\n\n\n\n<figure class=\"wp-block-image size-large\"><img data-recalc-dims=\"1\" loading=\"lazy\" decoding=\"async\" width=\"750\" height=\"500\" data-id=\"7932\" src=\"https:\/\/i0.wp.com\/www.rr.senac.br\/portalsenac\/wp-content\/uploads\/2024\/11\/senac_rr_semana_da_gastronomia-25.png?resize=750%2C500&#038;ssl=1\" alt=\"\" class=\"wp-image-7932\" srcset=\"https:\/\/i0.wp.com\/www.rr.senac.br\/portalsenac\/wp-content\/uploads\/2024\/11\/senac_rr_semana_da_gastronomia-25.png?resize=1024%2C683&amp;ssl=1 1024w, https:\/\/i0.wp.com\/www.rr.senac.br\/portalsenac\/wp-content\/uploads\/2024\/11\/senac_rr_semana_da_gastronomia-25.png?resize=300%2C200&amp;ssl=1 300w, https:\/\/i0.wp.com\/www.rr.senac.br\/portalsenac\/wp-content\/uploads\/2024\/11\/senac_rr_semana_da_gastronomia-25.png?resize=768%2C512&amp;ssl=1 768w, https:\/\/i0.wp.com\/www.rr.senac.br\/portalsenac\/wp-content\/uploads\/2024\/11\/senac_rr_semana_da_gastronomia-25.png?resize=1536%2C1024&amp;ssl=1 1536w, https:\/\/i0.wp.com\/www.rr.senac.br\/portalsenac\/wp-content\/uploads\/2024\/11\/senac_rr_semana_da_gastronomia-25.png?resize=2048%2C1365&amp;ssl=1 2048w, https:\/\/i0.wp.com\/www.rr.senac.br\/portalsenac\/wp-content\/uploads\/2024\/11\/senac_rr_semana_da_gastronomia-25.png?resize=1568%2C1045&amp;ssl=1 1568w, https:\/\/i0.wp.com\/www.rr.senac.br\/portalsenac\/wp-content\/uploads\/2024\/11\/senac_rr_semana_da_gastronomia-25.png?w=2250&amp;ssl=1 2250w\" sizes=\"(max-width: 750px) 100vw, 750px\" \/><\/figure>\n<\/figure>\n\n\n\n<div style=\"height:6px\" aria-hidden=\"true\" class=\"wp-block-spacer\"><\/div>\n\n\n\n<p><strong>Semana da Gastronomia Regional<\/strong><\/p>\n\n\n\n<div style=\"height:0px\" aria-hidden=\"true\" class=\"wp-block-spacer\"><\/div>\n\n\n\n<figure class=\"wp-block-image size-large\"><img data-recalc-dims=\"1\" loading=\"lazy\" decoding=\"async\" width=\"750\" height=\"500\" src=\"https:\/\/i0.wp.com\/www.rr.senac.br\/portalsenac\/wp-content\/uploads\/2024\/11\/senac_rr_semana_da_gastronomia-18.png?resize=750%2C500&#038;ssl=1\" alt=\"\" class=\"wp-image-7933\" srcset=\"https:\/\/i0.wp.com\/www.rr.senac.br\/portalsenac\/wp-content\/uploads\/2024\/11\/senac_rr_semana_da_gastronomia-18.png?resize=1024%2C683&amp;ssl=1 1024w, https:\/\/i0.wp.com\/www.rr.senac.br\/portalsenac\/wp-content\/uploads\/2024\/11\/senac_rr_semana_da_gastronomia-18.png?resize=300%2C200&amp;ssl=1 300w, https:\/\/i0.wp.com\/www.rr.senac.br\/portalsenac\/wp-content\/uploads\/2024\/11\/senac_rr_semana_da_gastronomia-18.png?resize=768%2C512&amp;ssl=1 768w, https:\/\/i0.wp.com\/www.rr.senac.br\/portalsenac\/wp-content\/uploads\/2024\/11\/senac_rr_semana_da_gastronomia-18.png?resize=1536%2C1024&amp;ssl=1 1536w, https:\/\/i0.wp.com\/www.rr.senac.br\/portalsenac\/wp-content\/uploads\/2024\/11\/senac_rr_semana_da_gastronomia-18.png?resize=2048%2C1365&amp;ssl=1 2048w, https:\/\/i0.wp.com\/www.rr.senac.br\/portalsenac\/wp-content\/uploads\/2024\/11\/senac_rr_semana_da_gastronomia-18.png?resize=1568%2C1045&amp;ssl=1 1568w, https:\/\/i0.wp.com\/www.rr.senac.br\/portalsenac\/wp-content\/uploads\/2024\/11\/senac_rr_semana_da_gastronomia-18.png?w=2250&amp;ssl=1 2250w\" sizes=\"(max-width: 750px) 100vw, 750px\" \/><\/figure>\n\n\n\n<div style=\"height:4px\" aria-hidden=\"true\" class=\"wp-block-spacer\"><\/div>\n\n\n\n<p>A \u201cSemana da Gastronomia Regional\u201d \u00e9 fruto de uma colabora\u00e7\u00e3o entre o departamento nacional e departamentos regionais do Senac, que j\u00e1 contou com a participa\u00e7\u00e3o de 19 estados, e atendeu mais de 17 mil clientes nas unidades educativas do departamento nacional. Este programa visa divulgar as a\u00e7\u00f5es realizadas pelo Senac em todas as regi\u00f5es do Brasil, bem como os destaques da cultura e da gastronomia locais. \u00a0<\/p>\n\n\n\n<p>Confira o \u00e1lbum de fotos completo em nossa <a href=\"https:\/\/www.facebook.com\/share\/p\/15Wu6TVeF6\/\">p\u00e1gina do Facebook<\/a>.<\/p>\n\n\n\n<div style=\"height:3px\" aria-hidden=\"true\" class=\"wp-block-spacer\"><\/div>\n\n\n\n<p>Por Liana Lima &#8211; analista t\u00e9cnica de comunica\u00e7\u00e3o do Senac RR<\/p>\n\n\n\n<p><\/p>\n","protected":false},"excerpt":{"rendered":"<p>A Semana da Gastronomia Regional do Senac aconteceu em Bras\u00edlia (DF), ao longo dos dias 11 a 13 de novembro. O evento \u00e9 uma iniciativa do departamento nacional, e tomou lugar em diferentes espa\u00e7os do Senac e Confedera\u00e7\u00e3o Nacional do Com\u00e9rcio (CNC), tais como o&hellip; <a class=\"more-link\" href=\"https:\/\/www.rr.senac.br\/portalsenac\/na-semana-da-gastronomia-regional-do-senac-brasil-equipe-de-roraima-apresenta-pratos-recheados-de-influencias-culturais\/\">Continuar lendo <span class=\"screen-reader-text\">Na Semana da Gastronomia Regional do Senac Brasil, equipe de Roraima apresenta pratos recheados de influ\u00eancias culturais<\/span><\/a><\/p>\n","protected":false},"author":7,"featured_media":7910,"comment_status":"closed","ping_status":"","sticky":false,"template":"","format":"standard","meta":{"_jetpack_memberships_contains_paid_content":false,"_joinchat":[],"footnotes":""},"categories":[12],"tags":[],"class_list":["post-7906","post","type-post","status-publish","format-standard","has-post-thumbnail","hentry","category-ultimas-noticias","entry"],"jetpack_featured_media_url":"https:\/\/i0.wp.com\/www.rr.senac.br\/portalsenac\/wp-content\/uploads\/2024\/11\/senac_rr_semana_da_gastronomia-1.png?fit=2048%2C1365&ssl=1","jetpack_sharing_enabled":true,"_links":{"self":[{"href":"https:\/\/www.rr.senac.br\/portalsenac\/wp-json\/wp\/v2\/posts\/7906","targetHints":{"allow":["GET"]}}],"collection":[{"href":"https:\/\/www.rr.senac.br\/portalsenac\/wp-json\/wp\/v2\/posts"}],"about":[{"href":"https:\/\/www.rr.senac.br\/portalsenac\/wp-json\/wp\/v2\/types\/post"}],"author":[{"embeddable":true,"href":"https:\/\/www.rr.senac.br\/portalsenac\/wp-json\/wp\/v2\/users\/7"}],"replies":[{"embeddable":true,"href":"https:\/\/www.rr.senac.br\/portalsenac\/wp-json\/wp\/v2\/comments?post=7906"}],"version-history":[{"count":1,"href":"https:\/\/www.rr.senac.br\/portalsenac\/wp-json\/wp\/v2\/posts\/7906\/revisions"}],"predecessor-version":[{"id":7941,"href":"https:\/\/www.rr.senac.br\/portalsenac\/wp-json\/wp\/v2\/posts\/7906\/revisions\/7941"}],"wp:featuredmedia":[{"embeddable":true,"href":"https:\/\/www.rr.senac.br\/portalsenac\/wp-json\/wp\/v2\/media\/7910"}],"wp:attachment":[{"href":"https:\/\/www.rr.senac.br\/portalsenac\/wp-json\/wp\/v2\/media?parent=7906"}],"wp:term":[{"taxonomy":"category","embeddable":true,"href":"https:\/\/www.rr.senac.br\/portalsenac\/wp-json\/wp\/v2\/categories?post=7906"},{"taxonomy":"post_tag","embeddable":true,"href":"https:\/\/www.rr.senac.br\/portalsenac\/wp-json\/wp\/v2\/tags?post=7906"}],"curies":[{"name":"wp","href":"https:\/\/api.w.org\/{rel}","templated":true}]}}