{"id":7942,"date":"2024-11-18T14:32:45","date_gmt":"2024-11-18T18:32:45","guid":{"rendered":"https:\/\/www.rr.senac.br\/portalsenac\/?p=7942"},"modified":"2024-11-18T14:32:45","modified_gmt":"2024-11-18T18:32:45","slug":"vem-ai-senac-rr-promove-o-primeiro-salao-do-turismo-e-gastronomia-com-entrada-gratuita-para-todos-os-publicos","status":"publish","type":"post","link":"https:\/\/www.rr.senac.br\/portalsenac\/vem-ai-senac-rr-promove-o-primeiro-salao-do-turismo-e-gastronomia-com-entrada-gratuita-para-todos-os-publicos\/","title":{"rendered":"Vem a\u00ed! Senac RR promove o primeiro Sal\u00e3o do Turismo e Gastronomia, com entrada gratuita para todos os p\u00fablicos"},"content":{"rendered":"\n<div style=\"height:1px\" aria-hidden=\"true\" class=\"wp-block-spacer\"><\/div>\n\n\n\n<figure class=\"wp-block-gallery has-nested-images columns-default is-cropped wp-block-gallery-1 is-layout-flex wp-block-gallery-is-layout-flex\">\n<figure class=\"wp-block-image size-large\"><img data-recalc-dims=\"1\" fetchpriority=\"high\" decoding=\"async\" width=\"750\" height=\"500\" data-id=\"7946\" src=\"https:\/\/i0.wp.com\/www.rr.senac.br\/portalsenac\/wp-content\/uploads\/2024\/11\/senac_rr_salao_do_turismo_divulgacao-3.png?resize=750%2C500&#038;ssl=1\" alt=\"\" class=\"wp-image-7946\" srcset=\"https:\/\/i0.wp.com\/www.rr.senac.br\/portalsenac\/wp-content\/uploads\/2024\/11\/senac_rr_salao_do_turismo_divulgacao-3.png?resize=1024%2C682&amp;ssl=1 1024w, https:\/\/i0.wp.com\/www.rr.senac.br\/portalsenac\/wp-content\/uploads\/2024\/11\/senac_rr_salao_do_turismo_divulgacao-3.png?resize=300%2C200&amp;ssl=1 300w, https:\/\/i0.wp.com\/www.rr.senac.br\/portalsenac\/wp-content\/uploads\/2024\/11\/senac_rr_salao_do_turismo_divulgacao-3.png?resize=768%2C512&amp;ssl=1 768w, https:\/\/i0.wp.com\/www.rr.senac.br\/portalsenac\/wp-content\/uploads\/2024\/11\/senac_rr_salao_do_turismo_divulgacao-3.png?resize=1536%2C1023&amp;ssl=1 1536w, https:\/\/i0.wp.com\/www.rr.senac.br\/portalsenac\/wp-content\/uploads\/2024\/11\/senac_rr_salao_do_turismo_divulgacao-3.png?resize=1568%2C1045&amp;ssl=1 1568w, https:\/\/i0.wp.com\/www.rr.senac.br\/portalsenac\/wp-content\/uploads\/2024\/11\/senac_rr_salao_do_turismo_divulgacao-3.png?w=1792&amp;ssl=1 1792w\" sizes=\"(max-width: 750px) 100vw, 750px\" \/><\/figure>\n<\/figure>\n\n\n\n<p class=\"has-text-align-center\"><em>Programa\u00e7\u00e3o conta com workshops, aulas-show e os tradicionais campeonatos de bartender e confeitaria<\/em><\/p>\n\n\n\n<div style=\"height:6px\" aria-hidden=\"true\" class=\"wp-block-spacer\"><\/div>\n\n\n\n<p>Est\u00e1 chegando, nos dias 26 e 27 de novembro, o primeiro Sal\u00e3o de Turismo e Gastronomia, do Servi\u00e7o Nacional de Aprendizagem Comercial (Senac), em Boa Vista (RR). A programa\u00e7\u00e3o do evento est\u00e1 para l\u00e1 de especial com workshops, passeios tur\u00edsticos e aulas-show de culin\u00e1ria. P\u00fablicos de todas as idades poder\u00e3o comparecer, com entrada totalmente gratuita, na unidade Senac do bairro S\u00e3o Francisco, localizada na Avenida Major Williams, n\u00ba 2084.<\/p>\n\n\n\n<p>Durante o evento tamb\u00e9m acontece o d\u00e9cimo segundo Campeonato de Bartender, e o segundo Campeonato de Confeitaria, com os temas de coquet\u00e9is regionais autorais e anivers\u00e1rio de um ano, respectivamente.<\/p>\n\n\n\n<div style=\"height:5px\" aria-hidden=\"true\" class=\"wp-block-spacer\"><\/div>\n\n\n\n<figure class=\"wp-block-gallery has-nested-images columns-default is-cropped wp-block-gallery-2 is-layout-flex wp-block-gallery-is-layout-flex\">\n<figure class=\"wp-block-image size-large\"><img data-recalc-dims=\"1\" decoding=\"async\" width=\"750\" height=\"500\" data-id=\"7944\" src=\"https:\/\/i0.wp.com\/www.rr.senac.br\/portalsenac\/wp-content\/uploads\/2024\/11\/senac_rr_salao_do_turismo_divulgacao-1.png?resize=750%2C500&#038;ssl=1\" alt=\"\" class=\"wp-image-7944\" srcset=\"https:\/\/i0.wp.com\/www.rr.senac.br\/portalsenac\/wp-content\/uploads\/2024\/11\/senac_rr_salao_do_turismo_divulgacao-1.png?resize=1024%2C682&amp;ssl=1 1024w, https:\/\/i0.wp.com\/www.rr.senac.br\/portalsenac\/wp-content\/uploads\/2024\/11\/senac_rr_salao_do_turismo_divulgacao-1.png?resize=300%2C200&amp;ssl=1 300w, https:\/\/i0.wp.com\/www.rr.senac.br\/portalsenac\/wp-content\/uploads\/2024\/11\/senac_rr_salao_do_turismo_divulgacao-1.png?resize=768%2C512&amp;ssl=1 768w, https:\/\/i0.wp.com\/www.rr.senac.br\/portalsenac\/wp-content\/uploads\/2024\/11\/senac_rr_salao_do_turismo_divulgacao-1.png?resize=1536%2C1023&amp;ssl=1 1536w, https:\/\/i0.wp.com\/www.rr.senac.br\/portalsenac\/wp-content\/uploads\/2024\/11\/senac_rr_salao_do_turismo_divulgacao-1.png?resize=1568%2C1045&amp;ssl=1 1568w, https:\/\/i0.wp.com\/www.rr.senac.br\/portalsenac\/wp-content\/uploads\/2024\/11\/senac_rr_salao_do_turismo_divulgacao-1.png?w=1792&amp;ssl=1 1792w\" sizes=\"(max-width: 750px) 100vw, 750px\" \/><\/figure>\n\n\n\n<figure class=\"wp-block-image size-large\"><img data-recalc-dims=\"1\" decoding=\"async\" width=\"750\" height=\"500\" data-id=\"7945\" src=\"https:\/\/i0.wp.com\/www.rr.senac.br\/portalsenac\/wp-content\/uploads\/2024\/11\/senac_rr_salao_do_turismo_divulgacao-2.png?resize=750%2C500&#038;ssl=1\" alt=\"\" class=\"wp-image-7945\" srcset=\"https:\/\/i0.wp.com\/www.rr.senac.br\/portalsenac\/wp-content\/uploads\/2024\/11\/senac_rr_salao_do_turismo_divulgacao-2.png?resize=1024%2C682&amp;ssl=1 1024w, https:\/\/i0.wp.com\/www.rr.senac.br\/portalsenac\/wp-content\/uploads\/2024\/11\/senac_rr_salao_do_turismo_divulgacao-2.png?resize=300%2C200&amp;ssl=1 300w, https:\/\/i0.wp.com\/www.rr.senac.br\/portalsenac\/wp-content\/uploads\/2024\/11\/senac_rr_salao_do_turismo_divulgacao-2.png?resize=768%2C512&amp;ssl=1 768w, https:\/\/i0.wp.com\/www.rr.senac.br\/portalsenac\/wp-content\/uploads\/2024\/11\/senac_rr_salao_do_turismo_divulgacao-2.png?resize=1536%2C1023&amp;ssl=1 1536w, https:\/\/i0.wp.com\/www.rr.senac.br\/portalsenac\/wp-content\/uploads\/2024\/11\/senac_rr_salao_do_turismo_divulgacao-2.png?resize=1568%2C1045&amp;ssl=1 1568w, https:\/\/i0.wp.com\/www.rr.senac.br\/portalsenac\/wp-content\/uploads\/2024\/11\/senac_rr_salao_do_turismo_divulgacao-2.png?w=1792&amp;ssl=1 1792w\" sizes=\"(max-width: 750px) 100vw, 750px\" \/><\/figure>\n<\/figure>\n\n\n\n<div style=\"height:3px\" aria-hidden=\"true\" class=\"wp-block-spacer\"><\/div>\n\n\n\n<p>Os competidores dos campeonatos de bartender e confeitaria v\u00e3o demonstrar todas as suas habilidades em uma disputa acirrada, que os coloca em evid\u00eancia como profissionais qualificados para o mercado. Esta ocasi\u00e3o deve reunir diversos empres\u00e1rios do setor de alimenta\u00e7\u00e3o, bebidas e turismo, al\u00e9m de, claro, as vibrantes torcidas! Os tr\u00eas primeiros colocados de cada campeonato ser\u00e3o premiados com quantias em dinheiro que v\u00e3o at\u00e9 R$1.500.<\/p>\n\n\n\n<p>No primeiro Sal\u00e3o de Turismo e Gastronomia do Senac o p\u00fablico poder\u00e1 prestigiar toda a regionalidade da culin\u00e1ria nortista em aulas-show ministradas por <em>chefs<\/em> de cozinha, que apresentam o preparo de receitas aut\u00eanticas, com ingredientes locais. O evento prop\u00f5e, ainda, um espa\u00e7o de aprendizado e integra\u00e7\u00e3o para profissionais da \u00e1rea do turismo, como guias e agentes de viagem, bem como a oferta de passeios guiados pelos principais pontos tur\u00edsticos de Boa Vista.<\/p>\n\n\n\n<details class=\"wp-block-details is-layout-flow wp-block-details-is-layout-flow\"><summary>Veja a programa\u00e7\u00e3o completa<\/summary>\n<ul class=\"wp-block-list\">\n<li><strong>26\/11 (Ter\u00e7a-feira)<\/strong><\/li>\n\n\n\n<li><strong>14h \u00e0s 14h30 \u2013 <\/strong>Abertura oficial<\/li>\n\n\n\n<li><strong>14h30 \u00e0s 16h \u2013 <\/strong>Aulas-show de doces finos (chef Astrid), quindim de buriti (instrutora Yulliana), caf\u00e9s especiais (Renata da Macchiato); workshop Roteiros regionais e internacionais de destinos tur\u00edsticos em Roraima<\/li>\n\n\n\n<li><strong>16h \u00e0s 18h \u2013 <\/strong>Aulas-show de p\u00e3es, salgados e folhados (Natan P\u00e3es), massa fresca de jambu com molho de tucupi negro (instrutora B\u00e1rbara), m\u00e9todos para servi\u00e7o de caf\u00e9s (Raytna da Flying Fox); workshop Gastronomia e turismo<\/li>\n\n\n\n<li><strong>19h \u00e0s 22h \u2013 <\/strong>Campeonato de confeitaria e passeios tur\u00edsticos guiadoscom sa\u00edda do Senac S\u00e3o Francisco<\/li>\n\n\n\n<li><strong>27\/11 (Quarta-feira)<\/strong><\/li>\n\n\n\n<li><strong>14h \u00e0s 16h \u2013 <\/strong>Aulas-show com convidados especiais e receita de caseirinho com cobertura de cupua\u00e7u (instrutora Glyciane); workshop Governan\u00e7a do turismo: desafios e oportunidades<\/li>\n\n\n\n<li><strong>16h \u00e0s 18h \u2013 <\/strong>Aulas-show com convidados especiais e receita de galinhada (instrutora Fernanda); workshop Criatividade e inova\u00e7\u00e3o na hotelaria<\/li>\n\n\n\n<li><strong>19h \u00e0s 22h \u2013 <\/strong>Campeonato de bartender e passeios tur\u00edsticos guiados com sa\u00edda do Senac S\u00e3o Francisco<\/li>\n<\/ul>\n<\/details>\n\n\n\n<p>Para mais informa\u00e7\u00f5es, acompanhe nossas redes sociais. Voc\u00ea n\u00e3o pode perder!<\/p>\n\n\n\n<div style=\"height:3px\" aria-hidden=\"true\" class=\"wp-block-spacer\"><\/div>\n\n\n\n<p>Por Liana Lima, analista t\u00e9cnico de comunica\u00e7\u00e3o<\/p>\n","protected":false},"excerpt":{"rendered":"<p>Programa\u00e7\u00e3o conta com workshops, aulas-show e os tradicionais campeonatos de bartender e confeitaria Est\u00e1 chegando, nos dias 26 e 27 de novembro, o primeiro Sal\u00e3o de Turismo e Gastronomia, do Servi\u00e7o Nacional de Aprendizagem Comercial (Senac), em Boa Vista (RR). A programa\u00e7\u00e3o do evento est\u00e1&hellip; <a class=\"more-link\" href=\"https:\/\/www.rr.senac.br\/portalsenac\/vem-ai-senac-rr-promove-o-primeiro-salao-do-turismo-e-gastronomia-com-entrada-gratuita-para-todos-os-publicos\/\">Continuar lendo <span class=\"screen-reader-text\">Vem a\u00ed! Senac RR promove o primeiro Sal\u00e3o do Turismo e Gastronomia, com entrada gratuita para todos os p\u00fablicos<\/span><\/a><\/p>\n","protected":false},"author":7,"featured_media":7946,"comment_status":"closed","ping_status":"","sticky":false,"template":"","format":"standard","meta":{"_jetpack_memberships_contains_paid_content":false,"_joinchat":[],"footnotes":""},"categories":[12],"tags":[],"class_list":["post-7942","post","type-post","status-publish","format-standard","has-post-thumbnail","hentry","category-ultimas-noticias","entry"],"jetpack_featured_media_url":"https:\/\/i0.wp.com\/www.rr.senac.br\/portalsenac\/wp-content\/uploads\/2024\/11\/senac_rr_salao_do_turismo_divulgacao-3.png?fit=1792%2C1194&ssl=1","jetpack_sharing_enabled":true,"_links":{"self":[{"href":"https:\/\/www.rr.senac.br\/portalsenac\/wp-json\/wp\/v2\/posts\/7942","targetHints":{"allow":["GET"]}}],"collection":[{"href":"https:\/\/www.rr.senac.br\/portalsenac\/wp-json\/wp\/v2\/posts"}],"about":[{"href":"https:\/\/www.rr.senac.br\/portalsenac\/wp-json\/wp\/v2\/types\/post"}],"author":[{"embeddable":true,"href":"https:\/\/www.rr.senac.br\/portalsenac\/wp-json\/wp\/v2\/users\/7"}],"replies":[{"embeddable":true,"href":"https:\/\/www.rr.senac.br\/portalsenac\/wp-json\/wp\/v2\/comments?post=7942"}],"version-history":[{"count":2,"href":"https:\/\/www.rr.senac.br\/portalsenac\/wp-json\/wp\/v2\/posts\/7942\/revisions"}],"predecessor-version":[{"id":7948,"href":"https:\/\/www.rr.senac.br\/portalsenac\/wp-json\/wp\/v2\/posts\/7942\/revisions\/7948"}],"wp:featuredmedia":[{"embeddable":true,"href":"https:\/\/www.rr.senac.br\/portalsenac\/wp-json\/wp\/v2\/media\/7946"}],"wp:attachment":[{"href":"https:\/\/www.rr.senac.br\/portalsenac\/wp-json\/wp\/v2\/media?parent=7942"}],"wp:term":[{"taxonomy":"category","embeddable":true,"href":"https:\/\/www.rr.senac.br\/portalsenac\/wp-json\/wp\/v2\/categories?post=7942"},{"taxonomy":"post_tag","embeddable":true,"href":"https:\/\/www.rr.senac.br\/portalsenac\/wp-json\/wp\/v2\/tags?post=7942"}],"curies":[{"name":"wp","href":"https:\/\/api.w.org\/{rel}","templated":true}]}}