{"id":7956,"date":"2024-11-23T18:05:22","date_gmt":"2024-11-23T22:05:22","guid":{"rendered":"https:\/\/www.rr.senac.br\/portalsenac\/?p=7956"},"modified":"2024-11-23T18:05:22","modified_gmt":"2024-11-23T22:05:22","slug":"potencial-educativo-do-senac-rr-e-destaque-durante-visita-tecnica-de-representantes-do-departamento-nacional-e-de-agencia-japonesa","status":"publish","type":"post","link":"https:\/\/www.rr.senac.br\/portalsenac\/potencial-educativo-do-senac-rr-e-destaque-durante-visita-tecnica-de-representantes-do-departamento-nacional-e-de-agencia-japonesa\/","title":{"rendered":"Potencial educativo do Senac RR \u00e9 destaque durante visita t\u00e9cnica de representantes do Departamento Nacional e de ag\u00eancia japonesa"},"content":{"rendered":"\n<div style=\"height:3px\" aria-hidden=\"true\" class=\"wp-block-spacer\"><\/div>\n\n\n\n<figure class=\"wp-block-image size-large\"><img data-recalc-dims=\"1\" fetchpriority=\"high\" decoding=\"async\" width=\"750\" height=\"500\" src=\"https:\/\/i0.wp.com\/www.rr.senac.br\/portalsenac\/wp-content\/uploads\/2024\/11\/senac_rr_visita_tecnica-18.png?resize=750%2C500&#038;ssl=1\" alt=\"\" class=\"wp-image-7958\" srcset=\"https:\/\/i0.wp.com\/www.rr.senac.br\/portalsenac\/wp-content\/uploads\/2024\/11\/senac_rr_visita_tecnica-18.png?resize=1024%2C682&amp;ssl=1 1024w, https:\/\/i0.wp.com\/www.rr.senac.br\/portalsenac\/wp-content\/uploads\/2024\/11\/senac_rr_visita_tecnica-18.png?resize=300%2C200&amp;ssl=1 300w, https:\/\/i0.wp.com\/www.rr.senac.br\/portalsenac\/wp-content\/uploads\/2024\/11\/senac_rr_visita_tecnica-18.png?resize=768%2C512&amp;ssl=1 768w, https:\/\/i0.wp.com\/www.rr.senac.br\/portalsenac\/wp-content\/uploads\/2024\/11\/senac_rr_visita_tecnica-18.png?resize=1536%2C1023&amp;ssl=1 1536w, https:\/\/i0.wp.com\/www.rr.senac.br\/portalsenac\/wp-content\/uploads\/2024\/11\/senac_rr_visita_tecnica-18.png?resize=1568%2C1045&amp;ssl=1 1568w, https:\/\/i0.wp.com\/www.rr.senac.br\/portalsenac\/wp-content\/uploads\/2024\/11\/senac_rr_visita_tecnica-18.png?w=1792&amp;ssl=1 1792w\" sizes=\"(max-width: 750px) 100vw, 750px\" \/><\/figure>\n\n\n\n<p class=\"has-text-align-center\"><em>Parcerias estrat\u00e9gicas fortalecem a miss\u00e3o do Senac em promover educa\u00e7\u00e3o e recome\u00e7os para popula\u00e7\u00f5es vulner\u00e1veis<\/em><\/p>\n\n\n\n<div style=\"height:1px\" aria-hidden=\"true\" class=\"wp-block-spacer\"><\/div>\n\n\n\n<p>No \u00faltimo dia 19 de novembro, o Senac RR teve a honra de receber a representante de rela\u00e7\u00f5es institucionais do Departamento Nacional, e do assessor da Ag\u00eancia de Coopera\u00e7\u00e3o Internacional do Jap\u00e3o (JICA). A visita foi de cunho t\u00e9cnico, para reconhecimento de espa\u00e7os educacionais como a unidade S\u00e3o Francisco (Ministro Ernane Galv\u00eaas) e a unidade de Idiomas (Ministro Paulo do Vale).<\/p>\n\n\n\n<div style=\"height:9px\" aria-hidden=\"true\" class=\"wp-block-spacer\"><\/div>\n\n\n\n<p>A diretora regional, Fernanda Paula Barbosa, esteve em reuni\u00e3o com os representantes para apresentar detalhadamente a extensa gama de atua\u00e7\u00e3o do Senac RR. Foram destacadas especialmente as a\u00e7\u00f5es de educa\u00e7\u00e3o profissional, e acesso a oportunidades, que beneficiam a popula\u00e7\u00e3o migrante e refugiada, al\u00e9m dos frutos de um legado positivo na forma\u00e7\u00e3o para o mercado de trabalho local.<\/p>\n\n\n\n<div style=\"height:3px\" aria-hidden=\"true\" class=\"wp-block-spacer\"><\/div>\n\n\n\n<figure class=\"wp-block-gallery has-nested-images columns-default is-cropped wp-block-gallery-1 is-layout-flex wp-block-gallery-is-layout-flex\">\n<figure class=\"wp-block-image size-large\"><img data-recalc-dims=\"1\" decoding=\"async\" width=\"750\" height=\"500\" data-id=\"7960\" src=\"https:\/\/i0.wp.com\/www.rr.senac.br\/portalsenac\/wp-content\/uploads\/2024\/11\/senac_rr_visita_tecnica-11.png?resize=750%2C500&#038;ssl=1\" alt=\"\" class=\"wp-image-7960\" srcset=\"https:\/\/i0.wp.com\/www.rr.senac.br\/portalsenac\/wp-content\/uploads\/2024\/11\/senac_rr_visita_tecnica-11.png?resize=1024%2C682&amp;ssl=1 1024w, https:\/\/i0.wp.com\/www.rr.senac.br\/portalsenac\/wp-content\/uploads\/2024\/11\/senac_rr_visita_tecnica-11.png?resize=300%2C200&amp;ssl=1 300w, https:\/\/i0.wp.com\/www.rr.senac.br\/portalsenac\/wp-content\/uploads\/2024\/11\/senac_rr_visita_tecnica-11.png?resize=768%2C512&amp;ssl=1 768w, https:\/\/i0.wp.com\/www.rr.senac.br\/portalsenac\/wp-content\/uploads\/2024\/11\/senac_rr_visita_tecnica-11.png?resize=1536%2C1023&amp;ssl=1 1536w, https:\/\/i0.wp.com\/www.rr.senac.br\/portalsenac\/wp-content\/uploads\/2024\/11\/senac_rr_visita_tecnica-11.png?resize=1568%2C1045&amp;ssl=1 1568w, https:\/\/i0.wp.com\/www.rr.senac.br\/portalsenac\/wp-content\/uploads\/2024\/11\/senac_rr_visita_tecnica-11.png?w=1792&amp;ssl=1 1792w\" sizes=\"(max-width: 750px) 100vw, 750px\" \/><\/figure>\n\n\n\n<figure class=\"wp-block-image size-large\"><img data-recalc-dims=\"1\" decoding=\"async\" width=\"750\" height=\"500\" data-id=\"7959\" src=\"https:\/\/i0.wp.com\/www.rr.senac.br\/portalsenac\/wp-content\/uploads\/2024\/11\/senac_rr_visita_tecnica-17.png?resize=750%2C500&#038;ssl=1\" alt=\"\" class=\"wp-image-7959\" srcset=\"https:\/\/i0.wp.com\/www.rr.senac.br\/portalsenac\/wp-content\/uploads\/2024\/11\/senac_rr_visita_tecnica-17.png?resize=1024%2C682&amp;ssl=1 1024w, https:\/\/i0.wp.com\/www.rr.senac.br\/portalsenac\/wp-content\/uploads\/2024\/11\/senac_rr_visita_tecnica-17.png?resize=300%2C200&amp;ssl=1 300w, https:\/\/i0.wp.com\/www.rr.senac.br\/portalsenac\/wp-content\/uploads\/2024\/11\/senac_rr_visita_tecnica-17.png?resize=768%2C512&amp;ssl=1 768w, https:\/\/i0.wp.com\/www.rr.senac.br\/portalsenac\/wp-content\/uploads\/2024\/11\/senac_rr_visita_tecnica-17.png?resize=1536%2C1023&amp;ssl=1 1536w, https:\/\/i0.wp.com\/www.rr.senac.br\/portalsenac\/wp-content\/uploads\/2024\/11\/senac_rr_visita_tecnica-17.png?resize=1568%2C1045&amp;ssl=1 1568w, https:\/\/i0.wp.com\/www.rr.senac.br\/portalsenac\/wp-content\/uploads\/2024\/11\/senac_rr_visita_tecnica-17.png?w=1792&amp;ssl=1 1792w\" sizes=\"(max-width: 750px) 100vw, 750px\" \/><\/figure>\n<\/figure>\n\n\n\n<div style=\"height:5px\" aria-hidden=\"true\" class=\"wp-block-spacer\"><\/div>\n\n\n\n<p>Com a oferta de cursos em diversas \u00e1reas, bem como a promo\u00e7\u00e3o de a\u00e7\u00f5es que incentivam a empregabilidade, o Senac se tornou refer\u00eancia no atendimento, e est\u00e1 desempenhando um papel fundamental nas hist\u00f3rias de recome\u00e7o de milhares de migrantes e refugiados que v\u00eam ao Brasil buscando um futuro brilhante.<\/p>\n\n\n\n<div style=\"height:6px\" aria-hidden=\"true\" class=\"wp-block-spacer\"><\/div>\n\n\n\n<p>Conforme a diretora Fernanda Paula: \u201cEm um contexto de grandes desafios socioecon\u00f4micos enfrentados por esses imigrantes, o Senac tem promovido cursos e iniciativas que n\u00e3o apenas ampliam suas oportunidades de inser\u00e7\u00e3o no mercado de trabalho, mas tamb\u00e9m fomentam sua integra\u00e7\u00e3o \u00e0 sociedade brasileira\u201d.<\/p>\n\n\n\n<div style=\"height:6px\" aria-hidden=\"true\" class=\"wp-block-spacer\"><\/div>\n\n\n\n<figure class=\"wp-block-gallery has-nested-images columns-default is-cropped wp-block-gallery-2 is-layout-flex wp-block-gallery-is-layout-flex\">\n<figure class=\"wp-block-image size-large\"><img data-recalc-dims=\"1\" loading=\"lazy\" decoding=\"async\" width=\"750\" height=\"500\" data-id=\"7962\" src=\"https:\/\/i0.wp.com\/www.rr.senac.br\/portalsenac\/wp-content\/uploads\/2024\/11\/senac_rr_visita_tecnica-16.png?resize=750%2C500&#038;ssl=1\" alt=\"\" class=\"wp-image-7962\" srcset=\"https:\/\/i0.wp.com\/www.rr.senac.br\/portalsenac\/wp-content\/uploads\/2024\/11\/senac_rr_visita_tecnica-16.png?resize=1024%2C682&amp;ssl=1 1024w, https:\/\/i0.wp.com\/www.rr.senac.br\/portalsenac\/wp-content\/uploads\/2024\/11\/senac_rr_visita_tecnica-16.png?resize=300%2C200&amp;ssl=1 300w, https:\/\/i0.wp.com\/www.rr.senac.br\/portalsenac\/wp-content\/uploads\/2024\/11\/senac_rr_visita_tecnica-16.png?resize=768%2C512&amp;ssl=1 768w, https:\/\/i0.wp.com\/www.rr.senac.br\/portalsenac\/wp-content\/uploads\/2024\/11\/senac_rr_visita_tecnica-16.png?resize=1536%2C1023&amp;ssl=1 1536w, https:\/\/i0.wp.com\/www.rr.senac.br\/portalsenac\/wp-content\/uploads\/2024\/11\/senac_rr_visita_tecnica-16.png?resize=1568%2C1045&amp;ssl=1 1568w, https:\/\/i0.wp.com\/www.rr.senac.br\/portalsenac\/wp-content\/uploads\/2024\/11\/senac_rr_visita_tecnica-16.png?w=1792&amp;ssl=1 1792w\" sizes=\"(max-width: 750px) 100vw, 750px\" \/><\/figure>\n\n\n\n<figure class=\"wp-block-image size-large\"><img data-recalc-dims=\"1\" loading=\"lazy\" decoding=\"async\" width=\"750\" height=\"500\" data-id=\"7970\" src=\"https:\/\/i0.wp.com\/www.rr.senac.br\/portalsenac\/wp-content\/uploads\/2024\/11\/senac_rr_visita_tecnica-10.png?resize=750%2C500&#038;ssl=1\" alt=\"\" class=\"wp-image-7970\" srcset=\"https:\/\/i0.wp.com\/www.rr.senac.br\/portalsenac\/wp-content\/uploads\/2024\/11\/senac_rr_visita_tecnica-10.png?resize=1024%2C682&amp;ssl=1 1024w, https:\/\/i0.wp.com\/www.rr.senac.br\/portalsenac\/wp-content\/uploads\/2024\/11\/senac_rr_visita_tecnica-10.png?resize=300%2C200&amp;ssl=1 300w, https:\/\/i0.wp.com\/www.rr.senac.br\/portalsenac\/wp-content\/uploads\/2024\/11\/senac_rr_visita_tecnica-10.png?resize=768%2C512&amp;ssl=1 768w, https:\/\/i0.wp.com\/www.rr.senac.br\/portalsenac\/wp-content\/uploads\/2024\/11\/senac_rr_visita_tecnica-10.png?resize=1536%2C1023&amp;ssl=1 1536w, https:\/\/i0.wp.com\/www.rr.senac.br\/portalsenac\/wp-content\/uploads\/2024\/11\/senac_rr_visita_tecnica-10.png?resize=1568%2C1045&amp;ssl=1 1568w, https:\/\/i0.wp.com\/www.rr.senac.br\/portalsenac\/wp-content\/uploads\/2024\/11\/senac_rr_visita_tecnica-10.png?w=1792&amp;ssl=1 1792w\" sizes=\"(max-width: 750px) 100vw, 750px\" \/><\/figure>\n<\/figure>\n\n\n\n<div style=\"height:6px\" aria-hidden=\"true\" class=\"wp-block-spacer\"><\/div>\n\n\n\n<p>Guiados pela diretora, os representantes ilustres exploraram os ambientes educativos, oportunidade em que aprofundaram seu conhecimento sobre a capacidade de atendimento das estruturas do Senac RR. \u201cEssa visita refor\u00e7a a relev\u00e2ncia do trabalho realizado e abre perspectivas para parcerias internacionais que potencializem os impactos das a\u00e7\u00f5es do Senac\u201d, afirmou a diretora.<\/p>\n\n\n\n<div style=\"height:4px\" aria-hidden=\"true\" class=\"wp-block-spacer\"><\/div>\n\n\n\n<figure class=\"wp-block-gallery has-nested-images columns-default is-cropped wp-block-gallery-3 is-layout-flex wp-block-gallery-is-layout-flex\">\n<figure class=\"wp-block-image size-large\"><img data-recalc-dims=\"1\" loading=\"lazy\" decoding=\"async\" width=\"750\" height=\"500\" data-id=\"7964\" src=\"https:\/\/i0.wp.com\/www.rr.senac.br\/portalsenac\/wp-content\/uploads\/2024\/11\/senac_rr_visita_tecnica-14-1.png?resize=750%2C500&#038;ssl=1\" alt=\"\" class=\"wp-image-7964\" srcset=\"https:\/\/i0.wp.com\/www.rr.senac.br\/portalsenac\/wp-content\/uploads\/2024\/11\/senac_rr_visita_tecnica-14-1.png?resize=1024%2C682&amp;ssl=1 1024w, https:\/\/i0.wp.com\/www.rr.senac.br\/portalsenac\/wp-content\/uploads\/2024\/11\/senac_rr_visita_tecnica-14-1.png?resize=300%2C200&amp;ssl=1 300w, https:\/\/i0.wp.com\/www.rr.senac.br\/portalsenac\/wp-content\/uploads\/2024\/11\/senac_rr_visita_tecnica-14-1.png?resize=768%2C512&amp;ssl=1 768w, https:\/\/i0.wp.com\/www.rr.senac.br\/portalsenac\/wp-content\/uploads\/2024\/11\/senac_rr_visita_tecnica-14-1.png?resize=1536%2C1023&amp;ssl=1 1536w, https:\/\/i0.wp.com\/www.rr.senac.br\/portalsenac\/wp-content\/uploads\/2024\/11\/senac_rr_visita_tecnica-14-1.png?resize=1568%2C1045&amp;ssl=1 1568w, https:\/\/i0.wp.com\/www.rr.senac.br\/portalsenac\/wp-content\/uploads\/2024\/11\/senac_rr_visita_tecnica-14-1.png?w=1792&amp;ssl=1 1792w\" sizes=\"(max-width: 750px) 100vw, 750px\" \/><\/figure>\n\n\n\n<figure class=\"wp-block-image size-large\"><img data-recalc-dims=\"1\" loading=\"lazy\" decoding=\"async\" width=\"750\" height=\"500\" data-id=\"7965\" src=\"https:\/\/i0.wp.com\/www.rr.senac.br\/portalsenac\/wp-content\/uploads\/2024\/11\/senac_rr_visita_tecnica-15.png?resize=750%2C500&#038;ssl=1\" alt=\"\" class=\"wp-image-7965\" srcset=\"https:\/\/i0.wp.com\/www.rr.senac.br\/portalsenac\/wp-content\/uploads\/2024\/11\/senac_rr_visita_tecnica-15.png?resize=1024%2C682&amp;ssl=1 1024w, https:\/\/i0.wp.com\/www.rr.senac.br\/portalsenac\/wp-content\/uploads\/2024\/11\/senac_rr_visita_tecnica-15.png?resize=300%2C200&amp;ssl=1 300w, https:\/\/i0.wp.com\/www.rr.senac.br\/portalsenac\/wp-content\/uploads\/2024\/11\/senac_rr_visita_tecnica-15.png?resize=768%2C512&amp;ssl=1 768w, https:\/\/i0.wp.com\/www.rr.senac.br\/portalsenac\/wp-content\/uploads\/2024\/11\/senac_rr_visita_tecnica-15.png?resize=1536%2C1023&amp;ssl=1 1536w, https:\/\/i0.wp.com\/www.rr.senac.br\/portalsenac\/wp-content\/uploads\/2024\/11\/senac_rr_visita_tecnica-15.png?resize=1568%2C1045&amp;ssl=1 1568w, https:\/\/i0.wp.com\/www.rr.senac.br\/portalsenac\/wp-content\/uploads\/2024\/11\/senac_rr_visita_tecnica-15.png?w=1792&amp;ssl=1 1792w\" sizes=\"(max-width: 750px) 100vw, 750px\" \/><\/figure>\n\n\n\n<figure class=\"wp-block-image size-large\"><img data-recalc-dims=\"1\" loading=\"lazy\" decoding=\"async\" width=\"750\" height=\"500\" data-id=\"7967\" src=\"https:\/\/i0.wp.com\/www.rr.senac.br\/portalsenac\/wp-content\/uploads\/2024\/11\/senac_rr_visita_tecnica-1.png?resize=750%2C500&#038;ssl=1\" alt=\"\" class=\"wp-image-7967\" srcset=\"https:\/\/i0.wp.com\/www.rr.senac.br\/portalsenac\/wp-content\/uploads\/2024\/11\/senac_rr_visita_tecnica-1.png?resize=1024%2C682&amp;ssl=1 1024w, https:\/\/i0.wp.com\/www.rr.senac.br\/portalsenac\/wp-content\/uploads\/2024\/11\/senac_rr_visita_tecnica-1.png?resize=300%2C200&amp;ssl=1 300w, https:\/\/i0.wp.com\/www.rr.senac.br\/portalsenac\/wp-content\/uploads\/2024\/11\/senac_rr_visita_tecnica-1.png?resize=768%2C512&amp;ssl=1 768w, https:\/\/i0.wp.com\/www.rr.senac.br\/portalsenac\/wp-content\/uploads\/2024\/11\/senac_rr_visita_tecnica-1.png?resize=1536%2C1023&amp;ssl=1 1536w, https:\/\/i0.wp.com\/www.rr.senac.br\/portalsenac\/wp-content\/uploads\/2024\/11\/senac_rr_visita_tecnica-1.png?resize=1568%2C1045&amp;ssl=1 1568w, https:\/\/i0.wp.com\/www.rr.senac.br\/portalsenac\/wp-content\/uploads\/2024\/11\/senac_rr_visita_tecnica-1.png?w=1792&amp;ssl=1 1792w\" sizes=\"(max-width: 750px) 100vw, 750px\" \/><\/figure>\n<\/figure>\n\n\n\n<div style=\"height:8px\" aria-hidden=\"true\" class=\"wp-block-spacer\"><\/div>\n\n\n\n<figure class=\"wp-block-gallery has-nested-images columns-default is-cropped wp-block-gallery-4 is-layout-flex wp-block-gallery-is-layout-flex\">\n<figure class=\"wp-block-image size-large\"><img data-recalc-dims=\"1\" loading=\"lazy\" decoding=\"async\" width=\"750\" height=\"500\" data-id=\"7968\" src=\"https:\/\/i0.wp.com\/www.rr.senac.br\/portalsenac\/wp-content\/uploads\/2024\/11\/senac_rr_visita_tecnica-13.png?resize=750%2C500&#038;ssl=1\" alt=\"\" class=\"wp-image-7968\" srcset=\"https:\/\/i0.wp.com\/www.rr.senac.br\/portalsenac\/wp-content\/uploads\/2024\/11\/senac_rr_visita_tecnica-13.png?resize=1024%2C682&amp;ssl=1 1024w, https:\/\/i0.wp.com\/www.rr.senac.br\/portalsenac\/wp-content\/uploads\/2024\/11\/senac_rr_visita_tecnica-13.png?resize=300%2C200&amp;ssl=1 300w, https:\/\/i0.wp.com\/www.rr.senac.br\/portalsenac\/wp-content\/uploads\/2024\/11\/senac_rr_visita_tecnica-13.png?resize=768%2C512&amp;ssl=1 768w, https:\/\/i0.wp.com\/www.rr.senac.br\/portalsenac\/wp-content\/uploads\/2024\/11\/senac_rr_visita_tecnica-13.png?resize=1536%2C1023&amp;ssl=1 1536w, https:\/\/i0.wp.com\/www.rr.senac.br\/portalsenac\/wp-content\/uploads\/2024\/11\/senac_rr_visita_tecnica-13.png?resize=1568%2C1045&amp;ssl=1 1568w, https:\/\/i0.wp.com\/www.rr.senac.br\/portalsenac\/wp-content\/uploads\/2024\/11\/senac_rr_visita_tecnica-13.png?w=1792&amp;ssl=1 1792w\" sizes=\"(max-width: 750px) 100vw, 750px\" \/><\/figure>\n\n\n\n<figure class=\"wp-block-image size-large\"><img data-recalc-dims=\"1\" loading=\"lazy\" decoding=\"async\" width=\"750\" height=\"500\" data-id=\"7969\" src=\"https:\/\/i0.wp.com\/www.rr.senac.br\/portalsenac\/wp-content\/uploads\/2024\/11\/senac_rr_visita_tecnica-8.png?resize=750%2C500&#038;ssl=1\" alt=\"\" class=\"wp-image-7969\" srcset=\"https:\/\/i0.wp.com\/www.rr.senac.br\/portalsenac\/wp-content\/uploads\/2024\/11\/senac_rr_visita_tecnica-8.png?resize=1024%2C682&amp;ssl=1 1024w, https:\/\/i0.wp.com\/www.rr.senac.br\/portalsenac\/wp-content\/uploads\/2024\/11\/senac_rr_visita_tecnica-8.png?resize=300%2C200&amp;ssl=1 300w, https:\/\/i0.wp.com\/www.rr.senac.br\/portalsenac\/wp-content\/uploads\/2024\/11\/senac_rr_visita_tecnica-8.png?resize=768%2C512&amp;ssl=1 768w, https:\/\/i0.wp.com\/www.rr.senac.br\/portalsenac\/wp-content\/uploads\/2024\/11\/senac_rr_visita_tecnica-8.png?resize=1536%2C1023&amp;ssl=1 1536w, https:\/\/i0.wp.com\/www.rr.senac.br\/portalsenac\/wp-content\/uploads\/2024\/11\/senac_rr_visita_tecnica-8.png?resize=1568%2C1045&amp;ssl=1 1568w, https:\/\/i0.wp.com\/www.rr.senac.br\/portalsenac\/wp-content\/uploads\/2024\/11\/senac_rr_visita_tecnica-8.png?w=1792&amp;ssl=1 1792w\" sizes=\"(max-width: 750px) 100vw, 750px\" \/><\/figure>\n\n\n\n<figure class=\"wp-block-image size-large\"><img data-recalc-dims=\"1\" loading=\"lazy\" decoding=\"async\" width=\"750\" height=\"500\" data-id=\"7966\" src=\"https:\/\/i0.wp.com\/www.rr.senac.br\/portalsenac\/wp-content\/uploads\/2024\/11\/senac_rr_visita_tecnica-7.png?resize=750%2C500&#038;ssl=1\" alt=\"\" class=\"wp-image-7966\" srcset=\"https:\/\/i0.wp.com\/www.rr.senac.br\/portalsenac\/wp-content\/uploads\/2024\/11\/senac_rr_visita_tecnica-7.png?resize=1024%2C682&amp;ssl=1 1024w, https:\/\/i0.wp.com\/www.rr.senac.br\/portalsenac\/wp-content\/uploads\/2024\/11\/senac_rr_visita_tecnica-7.png?resize=300%2C200&amp;ssl=1 300w, https:\/\/i0.wp.com\/www.rr.senac.br\/portalsenac\/wp-content\/uploads\/2024\/11\/senac_rr_visita_tecnica-7.png?resize=768%2C512&amp;ssl=1 768w, https:\/\/i0.wp.com\/www.rr.senac.br\/portalsenac\/wp-content\/uploads\/2024\/11\/senac_rr_visita_tecnica-7.png?resize=1536%2C1023&amp;ssl=1 1536w, https:\/\/i0.wp.com\/www.rr.senac.br\/portalsenac\/wp-content\/uploads\/2024\/11\/senac_rr_visita_tecnica-7.png?resize=1568%2C1045&amp;ssl=1 1568w, https:\/\/i0.wp.com\/www.rr.senac.br\/portalsenac\/wp-content\/uploads\/2024\/11\/senac_rr_visita_tecnica-7.png?w=1792&amp;ssl=1 1792w\" sizes=\"(max-width: 750px) 100vw, 750px\" \/><\/figure>\n<\/figure>\n\n\n\n<div style=\"height:3px\" aria-hidden=\"true\" class=\"wp-block-spacer\"><\/div>\n\n\n\n<p>O Senac apresenta a\u00e7\u00f5es cada vez mais consistentes e efetivas para proporcionar desenvolvimento profissional a todas as pessoas. Unir for\u00e7as com institui\u00e7\u00f5es renomadas \u00e9 um passo essencial para ampliar a capacidade de causar um impacto positivo na sociedade, de acordo com o que explica a diretora: \u201cEsse encontro evidencia o compromisso do Senac Roraima em oferecer educa\u00e7\u00e3o profissional de excel\u00eancia e reafirma a import\u00e2ncia de unir esfor\u00e7os para transformar vidas por meio da capacita\u00e7\u00e3o e da inclus\u00e3o social\u201d.<\/p>\n\n\n\n<div style=\"height:1px\" aria-hidden=\"true\" class=\"wp-block-spacer\"><\/div>\n\n\n\n<figure class=\"wp-block-image size-large\"><img data-recalc-dims=\"1\" loading=\"lazy\" decoding=\"async\" width=\"750\" height=\"500\" src=\"https:\/\/i0.wp.com\/www.rr.senac.br\/portalsenac\/wp-content\/uploads\/2024\/11\/senac_rr_visita_tecnica-12.png?resize=750%2C500&#038;ssl=1\" alt=\"\" class=\"wp-image-7961\" srcset=\"https:\/\/i0.wp.com\/www.rr.senac.br\/portalsenac\/wp-content\/uploads\/2024\/11\/senac_rr_visita_tecnica-12.png?resize=1024%2C682&amp;ssl=1 1024w, https:\/\/i0.wp.com\/www.rr.senac.br\/portalsenac\/wp-content\/uploads\/2024\/11\/senac_rr_visita_tecnica-12.png?resize=300%2C200&amp;ssl=1 300w, https:\/\/i0.wp.com\/www.rr.senac.br\/portalsenac\/wp-content\/uploads\/2024\/11\/senac_rr_visita_tecnica-12.png?resize=768%2C512&amp;ssl=1 768w, https:\/\/i0.wp.com\/www.rr.senac.br\/portalsenac\/wp-content\/uploads\/2024\/11\/senac_rr_visita_tecnica-12.png?resize=1536%2C1023&amp;ssl=1 1536w, https:\/\/i0.wp.com\/www.rr.senac.br\/portalsenac\/wp-content\/uploads\/2024\/11\/senac_rr_visita_tecnica-12.png?resize=1568%2C1045&amp;ssl=1 1568w, https:\/\/i0.wp.com\/www.rr.senac.br\/portalsenac\/wp-content\/uploads\/2024\/11\/senac_rr_visita_tecnica-12.png?w=1792&amp;ssl=1 1792w\" sizes=\"(max-width: 750px) 100vw, 750px\" \/><\/figure>\n\n\n\n<p>Por Liana Lima, analista t\u00e9c. de comunica\u00e7\u00e3o do Senac RR.<\/p>\n\n\n\n<p><\/p>\n","protected":false},"excerpt":{"rendered":"<p>Parcerias estrat\u00e9gicas fortalecem a miss\u00e3o do Senac em promover educa\u00e7\u00e3o e recome\u00e7os para popula\u00e7\u00f5es vulner\u00e1veis No \u00faltimo dia 19 de novembro, o Senac RR teve a honra de receber a representante de rela\u00e7\u00f5es institucionais do Departamento Nacional, e do assessor da Ag\u00eancia de Coopera\u00e7\u00e3o Internacional&hellip; <a class=\"more-link\" href=\"https:\/\/www.rr.senac.br\/portalsenac\/potencial-educativo-do-senac-rr-e-destaque-durante-visita-tecnica-de-representantes-do-departamento-nacional-e-de-agencia-japonesa\/\">Continuar lendo <span class=\"screen-reader-text\">Potencial educativo do Senac RR \u00e9 destaque durante visita t\u00e9cnica de representantes do Departamento Nacional e de ag\u00eancia japonesa<\/span><\/a><\/p>\n","protected":false},"author":7,"featured_media":7958,"comment_status":"closed","ping_status":"","sticky":false,"template":"","format":"standard","meta":{"_jetpack_memberships_contains_paid_content":false,"_joinchat":[],"footnotes":""},"categories":[12],"tags":[],"class_list":["post-7956","post","type-post","status-publish","format-standard","has-post-thumbnail","hentry","category-ultimas-noticias","entry"],"jetpack_featured_media_url":"https:\/\/i0.wp.com\/www.rr.senac.br\/portalsenac\/wp-content\/uploads\/2024\/11\/senac_rr_visita_tecnica-18.png?fit=1792%2C1194&ssl=1","jetpack_sharing_enabled":true,"_links":{"self":[{"href":"https:\/\/www.rr.senac.br\/portalsenac\/wp-json\/wp\/v2\/posts\/7956","targetHints":{"allow":["GET"]}}],"collection":[{"href":"https:\/\/www.rr.senac.br\/portalsenac\/wp-json\/wp\/v2\/posts"}],"about":[{"href":"https:\/\/www.rr.senac.br\/portalsenac\/wp-json\/wp\/v2\/types\/post"}],"author":[{"embeddable":true,"href":"https:\/\/www.rr.senac.br\/portalsenac\/wp-json\/wp\/v2\/users\/7"}],"replies":[{"embeddable":true,"href":"https:\/\/www.rr.senac.br\/portalsenac\/wp-json\/wp\/v2\/comments?post=7956"}],"version-history":[{"count":1,"href":"https:\/\/www.rr.senac.br\/portalsenac\/wp-json\/wp\/v2\/posts\/7956\/revisions"}],"predecessor-version":[{"id":7971,"href":"https:\/\/www.rr.senac.br\/portalsenac\/wp-json\/wp\/v2\/posts\/7956\/revisions\/7971"}],"wp:featuredmedia":[{"embeddable":true,"href":"https:\/\/www.rr.senac.br\/portalsenac\/wp-json\/wp\/v2\/media\/7958"}],"wp:attachment":[{"href":"https:\/\/www.rr.senac.br\/portalsenac\/wp-json\/wp\/v2\/media?parent=7956"}],"wp:term":[{"taxonomy":"category","embeddable":true,"href":"https:\/\/www.rr.senac.br\/portalsenac\/wp-json\/wp\/v2\/categories?post=7956"},{"taxonomy":"post_tag","embeddable":true,"href":"https:\/\/www.rr.senac.br\/portalsenac\/wp-json\/wp\/v2\/tags?post=7956"}],"curies":[{"name":"wp","href":"https:\/\/api.w.org\/{rel}","templated":true}]}}