{"id":7972,"date":"2024-11-25T17:57:35","date_gmt":"2024-11-25T21:57:35","guid":{"rendered":"https:\/\/www.rr.senac.br\/portalsenac\/?p=7972"},"modified":"2024-11-25T17:57:35","modified_gmt":"2024-11-25T21:57:35","slug":"senac-roraima-disponibiliza-vagas-de-cursos-gratuitos-para-a-capital-e-interior-do-estado","status":"publish","type":"post","link":"https:\/\/www.rr.senac.br\/portalsenac\/senac-roraima-disponibiliza-vagas-de-cursos-gratuitos-para-a-capital-e-interior-do-estado\/","title":{"rendered":"Senac Roraima disponibiliza vagas de cursos gratuitos para a capital e interior do estado"},"content":{"rendered":"\n<div style=\"height:10px\" aria-hidden=\"true\" class=\"wp-block-spacer\"><\/div>\n\n\n\n<figure class=\"wp-block-image size-large\"><img data-recalc-dims=\"1\" fetchpriority=\"high\" decoding=\"async\" width=\"750\" height=\"500\" src=\"https:\/\/i0.wp.com\/www.rr.senac.br\/portalsenac\/wp-content\/uploads\/2024\/11\/senac_rr_massagista.jpg?resize=750%2C500&#038;ssl=1\" alt=\"\" class=\"wp-image-7973\" srcset=\"https:\/\/i0.wp.com\/www.rr.senac.br\/portalsenac\/wp-content\/uploads\/2024\/11\/senac_rr_massagista-scaled.jpg?resize=1024%2C683&amp;ssl=1 1024w, https:\/\/i0.wp.com\/www.rr.senac.br\/portalsenac\/wp-content\/uploads\/2024\/11\/senac_rr_massagista-scaled.jpg?resize=300%2C200&amp;ssl=1 300w, https:\/\/i0.wp.com\/www.rr.senac.br\/portalsenac\/wp-content\/uploads\/2024\/11\/senac_rr_massagista-scaled.jpg?resize=768%2C512&amp;ssl=1 768w, https:\/\/i0.wp.com\/www.rr.senac.br\/portalsenac\/wp-content\/uploads\/2024\/11\/senac_rr_massagista-scaled.jpg?resize=1536%2C1024&amp;ssl=1 1536w, https:\/\/i0.wp.com\/www.rr.senac.br\/portalsenac\/wp-content\/uploads\/2024\/11\/senac_rr_massagista-scaled.jpg?resize=2048%2C1365&amp;ssl=1 2048w, https:\/\/i0.wp.com\/www.rr.senac.br\/portalsenac\/wp-content\/uploads\/2024\/11\/senac_rr_massagista-scaled.jpg?resize=1568%2C1045&amp;ssl=1 1568w, https:\/\/i0.wp.com\/www.rr.senac.br\/portalsenac\/wp-content\/uploads\/2024\/11\/senac_rr_massagista-scaled.jpg?w=2250&amp;ssl=1 2250w\" sizes=\"(max-width: 750px) 100vw, 750px\" \/><\/figure>\n\n\n\n<p class=\"has-text-align-center\"><em>Os cursos gratuitos s\u00e3o destinados a candidatos de baixa renda<\/em><\/p>\n\n\n\n<div style=\"height:6px\" aria-hidden=\"true\" class=\"wp-block-spacer\"><\/div>\n\n\n\n<p>O Programa Senac de Gratuidade (PSG) est\u00e1 com edital aberto para cursos totalmente gratuitos nos segmentos de produ\u00e7\u00e3o de alimentos e sa\u00fade. Com inscri\u00e7\u00f5es que iniciam nesta ter\u00e7a-feira (26), s\u00e3o 40 vagas para cursos que contemplam a capital, e 20 vagas para o munic\u00edpio de S\u00e3o Luiz, no interior do estado.<\/p>\n\n\n\n<div style=\"height:7px\" aria-hidden=\"true\" class=\"wp-block-spacer\"><\/div>\n\n\n\n<p>Para realizar a matr\u00edcula os interessados devem atentar-se aos requisitos de cada curso dispon\u00edvel, conforme disposto em edital, bem como as orienta\u00e7\u00f5es espec\u00edficas de inscri\u00e7\u00f5es.<\/p>\n\n\n\n<div style=\"height:7px\" aria-hidden=\"true\" class=\"wp-block-spacer\"><\/div>\n\n\n\n<p>As inscri\u00e7\u00f5es para os cursos destinados a capital acontecem no site, seguidas pela entrega dos documentos presencialmente nas unidades S\u00e3o Francisco (Ministro Ernane Galv\u00eaas) e Asa Branca (Ministro Bernardo Cabral), enquanto que para as vagas ofertadas na unidade de S\u00e3o Luiz (Norm\u00e9lia Mafra), as matr\u00edculas acontecem de forma exclusivamente presenciais.<\/p>\n\n\n\n<div style=\"height:3px\" aria-hidden=\"true\" class=\"wp-block-spacer\"><\/div>\n\n\n\n<p><strong>Confira os cursos dispon\u00edveis:<\/strong><\/p>\n\n\n\n<p>Massagem relaxante \u2013 unidade S\u00e3o Francisco<\/p>\n\n\n\n<p>Roscas e Panetones para Festas Natalinas \u2013 unidade Asa Branca e unidade S\u00e3o Luiz (RR)<\/p>\n\n\n\n<div style=\"height:6px\" aria-hidden=\"true\" class=\"wp-block-spacer\"><\/div>\n\n\n\n<p>Mais informa\u00e7\u00f5es podem ser acessadas nos editais completos, dispon\u00edveis no site, e em caso de d\u00favidas os candidatos podem procurar as centrais de atendimento nas unidades de matr\u00edculas, ou atrav\u00e9s do telefone e WhatsApp 98420-9992. <\/p>\n\n\n\n<div style=\"height:4px\" aria-hidden=\"true\" class=\"wp-block-spacer\"><\/div>\n\n\n\n<p>Por Liana Lima, analista t\u00e9c. de comunica\u00e7\u00e3o do Senac RR<\/p>\n\n\n\n<div style=\"height:7px\" aria-hidden=\"true\" class=\"wp-block-spacer\"><\/div>\n\n\n\n<p><\/p>\n","protected":false},"excerpt":{"rendered":"<p>Os cursos gratuitos s\u00e3o destinados a candidatos de baixa renda O Programa Senac de Gratuidade (PSG) est\u00e1 com edital aberto para cursos totalmente gratuitos nos segmentos de produ\u00e7\u00e3o de alimentos e sa\u00fade. Com inscri\u00e7\u00f5es que iniciam nesta ter\u00e7a-feira (26), s\u00e3o 40 vagas para cursos que&hellip; <a class=\"more-link\" href=\"https:\/\/www.rr.senac.br\/portalsenac\/senac-roraima-disponibiliza-vagas-de-cursos-gratuitos-para-a-capital-e-interior-do-estado\/\">Continuar lendo <span class=\"screen-reader-text\">Senac Roraima disponibiliza vagas de cursos gratuitos para a capital e interior do estado<\/span><\/a><\/p>\n","protected":false},"author":7,"featured_media":7973,"comment_status":"closed","ping_status":"","sticky":false,"template":"","format":"standard","meta":{"_jetpack_memberships_contains_paid_content":false,"_joinchat":[],"footnotes":""},"categories":[12],"tags":[],"class_list":["post-7972","post","type-post","status-publish","format-standard","has-post-thumbnail","hentry","category-ultimas-noticias","entry"],"jetpack_featured_media_url":"https:\/\/i0.wp.com\/www.rr.senac.br\/portalsenac\/wp-content\/uploads\/2024\/11\/senac_rr_massagista-scaled.jpg?fit=2560%2C1707&ssl=1","jetpack_sharing_enabled":true,"_links":{"self":[{"href":"https:\/\/www.rr.senac.br\/portalsenac\/wp-json\/wp\/v2\/posts\/7972","targetHints":{"allow":["GET"]}}],"collection":[{"href":"https:\/\/www.rr.senac.br\/portalsenac\/wp-json\/wp\/v2\/posts"}],"about":[{"href":"https:\/\/www.rr.senac.br\/portalsenac\/wp-json\/wp\/v2\/types\/post"}],"author":[{"embeddable":true,"href":"https:\/\/www.rr.senac.br\/portalsenac\/wp-json\/wp\/v2\/users\/7"}],"replies":[{"embeddable":true,"href":"https:\/\/www.rr.senac.br\/portalsenac\/wp-json\/wp\/v2\/comments?post=7972"}],"version-history":[{"count":1,"href":"https:\/\/www.rr.senac.br\/portalsenac\/wp-json\/wp\/v2\/posts\/7972\/revisions"}],"predecessor-version":[{"id":7974,"href":"https:\/\/www.rr.senac.br\/portalsenac\/wp-json\/wp\/v2\/posts\/7972\/revisions\/7974"}],"wp:featuredmedia":[{"embeddable":true,"href":"https:\/\/www.rr.senac.br\/portalsenac\/wp-json\/wp\/v2\/media\/7973"}],"wp:attachment":[{"href":"https:\/\/www.rr.senac.br\/portalsenac\/wp-json\/wp\/v2\/media?parent=7972"}],"wp:term":[{"taxonomy":"category","embeddable":true,"href":"https:\/\/www.rr.senac.br\/portalsenac\/wp-json\/wp\/v2\/categories?post=7972"},{"taxonomy":"post_tag","embeddable":true,"href":"https:\/\/www.rr.senac.br\/portalsenac\/wp-json\/wp\/v2\/tags?post=7972"}],"curies":[{"name":"wp","href":"https:\/\/api.w.org\/{rel}","templated":true}]}}