{"id":7979,"date":"2024-11-28T15:58:29","date_gmt":"2024-11-28T19:58:29","guid":{"rendered":"https:\/\/www.rr.senac.br\/portalsenac\/?p=7979"},"modified":"2024-11-28T15:58:29","modified_gmt":"2024-11-28T19:58:29","slug":"senac-roraima-promove-palestra-sobre-inovacao-tecnologica-com-convidado-nacional","status":"publish","type":"post","link":"https:\/\/www.rr.senac.br\/portalsenac\/senac-roraima-promove-palestra-sobre-inovacao-tecnologica-com-convidado-nacional\/","title":{"rendered":"Senac Roraima promove palestra sobre inova\u00e7\u00e3o tecnol\u00f3gica com convidado nacional"},"content":{"rendered":"\n<div style=\"height:3px\" aria-hidden=\"true\" class=\"wp-block-spacer\"><\/div>\n\n\n\n<figure class=\"wp-block-image size-large\"><img data-recalc-dims=\"1\" fetchpriority=\"high\" decoding=\"async\" width=\"750\" height=\"500\" src=\"https:\/\/i0.wp.com\/www.rr.senac.br\/portalsenac\/wp-content\/uploads\/2024\/11\/senac_rr_palestra_mindset.png?resize=750%2C500&#038;ssl=1\" alt=\"\" class=\"wp-image-7980\" srcset=\"https:\/\/i0.wp.com\/www.rr.senac.br\/portalsenac\/wp-content\/uploads\/2024\/11\/senac_rr_palestra_mindset.png?resize=1024%2C683&amp;ssl=1 1024w, https:\/\/i0.wp.com\/www.rr.senac.br\/portalsenac\/wp-content\/uploads\/2024\/11\/senac_rr_palestra_mindset.png?resize=300%2C200&amp;ssl=1 300w, https:\/\/i0.wp.com\/www.rr.senac.br\/portalsenac\/wp-content\/uploads\/2024\/11\/senac_rr_palestra_mindset.png?resize=768%2C512&amp;ssl=1 768w, https:\/\/i0.wp.com\/www.rr.senac.br\/portalsenac\/wp-content\/uploads\/2024\/11\/senac_rr_palestra_mindset.png?resize=1536%2C1024&amp;ssl=1 1536w, https:\/\/i0.wp.com\/www.rr.senac.br\/portalsenac\/wp-content\/uploads\/2024\/11\/senac_rr_palestra_mindset.png?resize=1568%2C1045&amp;ssl=1 1568w, https:\/\/i0.wp.com\/www.rr.senac.br\/portalsenac\/wp-content\/uploads\/2024\/11\/senac_rr_palestra_mindset.png?w=2048&amp;ssl=1 2048w\" sizes=\"(max-width: 750px) 100vw, 750px\" \/><\/figure>\n\n\n\n<p class=\"has-text-align-center\"><em>As inscri\u00e7\u00f5es para participa\u00e7\u00e3o s\u00e3o gratuitas e est\u00e3o acontecendo via formul\u00e1rio online<\/em><\/p>\n\n\n\n<div style=\"height:5px\" aria-hidden=\"true\" class=\"wp-block-spacer\"><\/div>\n\n\n\n<p>Os atenados de plant\u00e3o podem comemorar! O Servi\u00e7o Nacional de Aprendizagem Comercial \u2013 Senac lan\u00e7a um convite especial para a palestra <strong>\u201c<em>Mindset<\/em> com IA Generativa\u201d<\/strong>, com o palestrante nacional Denilson Shikako. Quem n\u00e3o quer perder j\u00e1 pode marcar na agenda: pr\u00f3ximo dia 03 (ter\u00e7a-feira), a partir das 19h, no audit\u00f3rio Tepequ\u00e9m da Sede Administrativa Sesc e Senac, localizada na Rua Ara\u00fajo Filho, n\u00ba 947, Centro. A entrada ser\u00e1 totalmente gratuita.<\/p>\n\n\n\n<div style=\"height:4px\" aria-hidden=\"true\" class=\"wp-block-spacer\"><\/div>\n\n\n\n<p>Voltada para atender o grande p\u00fablico de empres\u00e1rios, trabalhadores do com\u00e9rcio, bem como p\u00fablico em geral, os interessados devem se inscrever por meio de um <a href=\"https:\/\/forms.office.com\/pages\/responsepage.aspx?id=OjP5s9VXUkOcShNKSkXTsm6PLycG6nVKtDV-S36oB05UQjlQU0ZVTERBT1MyNjJFMEdVUkhWVEEwUC4u&amp;route=shorturl\">formul\u00e1rio <em>online<\/em><\/a>. E aten\u00e7\u00e3o! A participa\u00e7\u00e3o no evento garante certificado digital.<\/p>\n\n\n\n<div style=\"height:3px\" aria-hidden=\"true\" class=\"wp-block-spacer\"><\/div>\n\n\n\n<p><strong><em>Mindset <\/em>do s\u00e9culo XXI<\/strong><\/p>\n\n\n\n<p>O p\u00fablico pode esperar muito aprendizado e di\u00e1logos enriquecedores sobre as ferramentas que v\u00eam se tornando tend\u00eancia no mercado, as chamadas intelig\u00eancias artificiais.<\/p>\n\n\n\n<p>Ser\u00e3o explorados exemplos pr\u00e1ticos e metodologias de conex\u00e3o com o que h\u00e1 de mais atual no mundo digital, para colocar ideias em pr\u00e1tica com um olhar e <em>mindset<\/em> voltados para o futuro e potencializa\u00e7\u00e3o dos resultados; o termo <em>mindset <\/em>pode ser traduzido como \u2018mentalidade\u2019, e \u00e9 um conceito que se refere aos padr\u00f5es de comportamento.<\/p>\n\n\n\n<div style=\"height:6px\" aria-hidden=\"true\" class=\"wp-block-spacer\"><\/div>\n\n\n\n<p><strong>Conhe\u00e7a o palestrante<\/strong><\/p>\n\n\n\n<p>Denilson Shikako \u00e9 renomado nacionalmente, especialista em neuroci\u00eancia e criatividade, tamb\u00e9m \u00e9 graduado em tecnologia da computa\u00e7\u00e3o pela Universidade Mackenzie. Ele \u00e9 fundador da F\u00e1brica de Criatividade, um centro de inova\u00e7\u00e3o, cultura e arte, que oferece consultoria em inova\u00e7\u00e3o, criatividade al\u00e9m de ferramentas para melhorar os resultados empresariais.<\/p>\n\n\n\n<div style=\"height:2px\" aria-hidden=\"true\" class=\"wp-block-spacer\"><\/div>\n\n\n\n<p>Por Liana Lima, analista t\u00e9c. de comunica\u00e7\u00e3o do Senac RR.<\/p>\n\n\n\n<div style=\"height:47px\" aria-hidden=\"true\" class=\"wp-block-spacer\"><\/div>\n","protected":false},"excerpt":{"rendered":"<p>As inscri\u00e7\u00f5es para participa\u00e7\u00e3o s\u00e3o gratuitas e est\u00e3o acontecendo via formul\u00e1rio online Os atenados de plant\u00e3o podem comemorar! O Servi\u00e7o Nacional de Aprendizagem Comercial \u2013 Senac lan\u00e7a um convite especial para a palestra \u201cMindset com IA Generativa\u201d, com o palestrante nacional Denilson Shikako. Quem n\u00e3o&hellip; <a class=\"more-link\" href=\"https:\/\/www.rr.senac.br\/portalsenac\/senac-roraima-promove-palestra-sobre-inovacao-tecnologica-com-convidado-nacional\/\">Continuar lendo <span class=\"screen-reader-text\">Senac Roraima promove palestra sobre inova\u00e7\u00e3o tecnol\u00f3gica com convidado nacional<\/span><\/a><\/p>\n","protected":false},"author":7,"featured_media":7980,"comment_status":"closed","ping_status":"","sticky":false,"template":"","format":"standard","meta":{"_jetpack_memberships_contains_paid_content":false,"_joinchat":[],"footnotes":""},"categories":[12],"tags":[],"class_list":["post-7979","post","type-post","status-publish","format-standard","has-post-thumbnail","hentry","category-ultimas-noticias","entry"],"jetpack_featured_media_url":"https:\/\/i0.wp.com\/www.rr.senac.br\/portalsenac\/wp-content\/uploads\/2024\/11\/senac_rr_palestra_mindset.png?fit=2048%2C1365&ssl=1","jetpack_sharing_enabled":true,"_links":{"self":[{"href":"https:\/\/www.rr.senac.br\/portalsenac\/wp-json\/wp\/v2\/posts\/7979","targetHints":{"allow":["GET"]}}],"collection":[{"href":"https:\/\/www.rr.senac.br\/portalsenac\/wp-json\/wp\/v2\/posts"}],"about":[{"href":"https:\/\/www.rr.senac.br\/portalsenac\/wp-json\/wp\/v2\/types\/post"}],"author":[{"embeddable":true,"href":"https:\/\/www.rr.senac.br\/portalsenac\/wp-json\/wp\/v2\/users\/7"}],"replies":[{"embeddable":true,"href":"https:\/\/www.rr.senac.br\/portalsenac\/wp-json\/wp\/v2\/comments?post=7979"}],"version-history":[{"count":1,"href":"https:\/\/www.rr.senac.br\/portalsenac\/wp-json\/wp\/v2\/posts\/7979\/revisions"}],"predecessor-version":[{"id":7981,"href":"https:\/\/www.rr.senac.br\/portalsenac\/wp-json\/wp\/v2\/posts\/7979\/revisions\/7981"}],"wp:featuredmedia":[{"embeddable":true,"href":"https:\/\/www.rr.senac.br\/portalsenac\/wp-json\/wp\/v2\/media\/7980"}],"wp:attachment":[{"href":"https:\/\/www.rr.senac.br\/portalsenac\/wp-json\/wp\/v2\/media?parent=7979"}],"wp:term":[{"taxonomy":"category","embeddable":true,"href":"https:\/\/www.rr.senac.br\/portalsenac\/wp-json\/wp\/v2\/categories?post=7979"},{"taxonomy":"post_tag","embeddable":true,"href":"https:\/\/www.rr.senac.br\/portalsenac\/wp-json\/wp\/v2\/tags?post=7979"}],"curies":[{"name":"wp","href":"https:\/\/api.w.org\/{rel}","templated":true}]}}