{"id":8021,"date":"2024-12-06T16:16:31","date_gmt":"2024-12-06T20:16:31","guid":{"rendered":"https:\/\/www.rr.senac.br\/portalsenac\/?p=8021"},"modified":"2024-12-06T17:51:52","modified_gmt":"2024-12-06T21:51:52","slug":"empresarios-imprensa-e-artistas-locais-sao-homenageados-pelo-sistema-fecomercio-em-roraima","status":"publish","type":"post","link":"https:\/\/www.rr.senac.br\/portalsenac\/empresarios-imprensa-e-artistas-locais-sao-homenageados-pelo-sistema-fecomercio-em-roraima\/","title":{"rendered":"Empres\u00e1rios, imprensa e artistas locais s\u00e3o homenageados pelo Sistema Fecom\u00e9rcio em Roraima"},"content":{"rendered":"\n<figure class=\"wp-block-image size-large\"><img data-recalc-dims=\"1\" fetchpriority=\"high\" decoding=\"async\" width=\"750\" height=\"500\" src=\"https:\/\/i0.wp.com\/www.rr.senac.br\/portalsenac\/wp-content\/uploads\/2024\/12\/senac_sesc_destaques_comercio-13.png?resize=750%2C500&#038;ssl=1\" alt=\"\" class=\"wp-image-8022\" srcset=\"https:\/\/i0.wp.com\/www.rr.senac.br\/portalsenac\/wp-content\/uploads\/2024\/12\/senac_sesc_destaques_comercio-13.png?resize=1024%2C683&amp;ssl=1 1024w, https:\/\/i0.wp.com\/www.rr.senac.br\/portalsenac\/wp-content\/uploads\/2024\/12\/senac_sesc_destaques_comercio-13.png?resize=300%2C200&amp;ssl=1 300w, https:\/\/i0.wp.com\/www.rr.senac.br\/portalsenac\/wp-content\/uploads\/2024\/12\/senac_sesc_destaques_comercio-13.png?resize=768%2C512&amp;ssl=1 768w, https:\/\/i0.wp.com\/www.rr.senac.br\/portalsenac\/wp-content\/uploads\/2024\/12\/senac_sesc_destaques_comercio-13.png?resize=1536%2C1024&amp;ssl=1 1536w, https:\/\/i0.wp.com\/www.rr.senac.br\/portalsenac\/wp-content\/uploads\/2024\/12\/senac_sesc_destaques_comercio-13.png?resize=2048%2C1365&amp;ssl=1 2048w, https:\/\/i0.wp.com\/www.rr.senac.br\/portalsenac\/wp-content\/uploads\/2024\/12\/senac_sesc_destaques_comercio-13.png?resize=1568%2C1045&amp;ssl=1 1568w, https:\/\/i0.wp.com\/www.rr.senac.br\/portalsenac\/wp-content\/uploads\/2024\/12\/senac_sesc_destaques_comercio-13.png?w=2250&amp;ssl=1 2250w\" sizes=\"(max-width: 750px) 100vw, 750px\" \/><\/figure>\n\n\n\n<div style=\"height:3px\" aria-hidden=\"true\" class=\"wp-block-spacer\"><\/div>\n\n\n\n<p>Na noite do \u00faltimo dia 4, quarta-feira, o Servi\u00e7o Nacional de Aprendizagem Comercial (Senac) e Servi\u00e7o Social do Com\u00e9rcio (Sesc-RR), no \u00e2mbito de sua tradicional parceria, proporcionaram mais uma edi\u00e7\u00e3o do \u2018Destaques do Com\u00e9rcio\u2019, momento destinado ao reconhecimento do desempenho dos empres\u00e1rios, artistas e ve\u00edculos de imprensa roraimenses, e sua relev\u00e2ncia na sociedade local.<\/p>\n\n\n\n<div style=\"height:4px\" aria-hidden=\"true\" class=\"wp-block-spacer\"><\/div>\n\n\n\n<p>Os homenageados foram recepcionados no teatro Jaber Xaud, localizado no Sesc Mecejana, para uma noite de esplendor em que, al\u00e9m de receberem o aguardado trof\u00e9u, puderam conferir em primeira m\u00e3o o lan\u00e7amento da agenda 2025 \u201cMelodia em Cores\u201d, e apreciarem a exposi\u00e7\u00e3o das artes que comp\u00f5em o material na galeria Franco Melcchiori.<\/p>\n\n\n\n<div style=\"height:4px\" aria-hidden=\"true\" class=\"wp-block-spacer\"><\/div>\n\n\n\n<figure class=\"wp-block-image size-large\"><img data-recalc-dims=\"1\" decoding=\"async\" width=\"750\" height=\"500\" src=\"https:\/\/i0.wp.com\/www.rr.senac.br\/portalsenac\/wp-content\/uploads\/2024\/12\/senac_sesc_rr_destaques_do_comercio.png?resize=750%2C500&#038;ssl=1\" alt=\"\" class=\"wp-image-8023\" srcset=\"https:\/\/i0.wp.com\/www.rr.senac.br\/portalsenac\/wp-content\/uploads\/2024\/12\/senac_sesc_rr_destaques_do_comercio.png?resize=1024%2C683&amp;ssl=1 1024w, https:\/\/i0.wp.com\/www.rr.senac.br\/portalsenac\/wp-content\/uploads\/2024\/12\/senac_sesc_rr_destaques_do_comercio.png?resize=300%2C200&amp;ssl=1 300w, https:\/\/i0.wp.com\/www.rr.senac.br\/portalsenac\/wp-content\/uploads\/2024\/12\/senac_sesc_rr_destaques_do_comercio.png?resize=768%2C512&amp;ssl=1 768w, https:\/\/i0.wp.com\/www.rr.senac.br\/portalsenac\/wp-content\/uploads\/2024\/12\/senac_sesc_rr_destaques_do_comercio.png?resize=1536%2C1024&amp;ssl=1 1536w, https:\/\/i0.wp.com\/www.rr.senac.br\/portalsenac\/wp-content\/uploads\/2024\/12\/senac_sesc_rr_destaques_do_comercio.png?resize=1568%2C1045&amp;ssl=1 1568w, https:\/\/i0.wp.com\/www.rr.senac.br\/portalsenac\/wp-content\/uploads\/2024\/12\/senac_sesc_rr_destaques_do_comercio.png?w=2048&amp;ssl=1 2048w\" sizes=\"(max-width: 750px) 100vw, 750px\" \/><\/figure>\n\n\n\n<div style=\"height:3px\" aria-hidden=\"true\" class=\"wp-block-spacer\"><\/div>\n\n\n\n<p>O presidente do Sistema Fecom\u00e9rcio em Roraima, Ademir dos Santos, explica que conceder tal reconhecimento, e cultivar as parcerias, \u00e9 essencial para fomentar o desenvolvimento do estado.<\/p>\n\n\n\n<div style=\"height:3px\" aria-hidden=\"true\" class=\"wp-block-spacer\"><\/div>\n\n\n\n<blockquote class=\"wp-block-quote is-layout-flow wp-block-quote-is-layout-flow\">\n<p>\u201c\u00c9 um momento de conversa\u00e7\u00e3o, em que podemos unir as empresas com o sistema, para que a gente possa mostrar os servi\u00e7os que prestamos no dia a dia. Este \u00e9 o momento que a gente escolheu para poder prestigiar e conceder este m\u00e9rito aos empres\u00e1rios do com\u00e9rcio, a imprensa, aos artistas que contribu\u00edram conosco, com a sua arte, para a agenda de ano de 2025. Essas s\u00e3o as parcerias que d\u00e3o certo e o estado de Roraima s\u00f3 tem a ganhar\u201d, disse o presidente.<\/p>\n<\/blockquote>\n\n\n\n<div style=\"height:9px\" aria-hidden=\"true\" class=\"wp-block-spacer\"><\/div>\n\n\n\n<figure class=\"wp-block-image size-large\"><img data-recalc-dims=\"1\" decoding=\"async\" width=\"750\" height=\"500\" src=\"https:\/\/i0.wp.com\/www.rr.senac.br\/portalsenac\/wp-content\/uploads\/2024\/12\/senac_sesc_destaques_comercio-11.png?resize=750%2C500&#038;ssl=1\" alt=\"\" class=\"wp-image-8024\" srcset=\"https:\/\/i0.wp.com\/www.rr.senac.br\/portalsenac\/wp-content\/uploads\/2024\/12\/senac_sesc_destaques_comercio-11.png?resize=1024%2C683&amp;ssl=1 1024w, https:\/\/i0.wp.com\/www.rr.senac.br\/portalsenac\/wp-content\/uploads\/2024\/12\/senac_sesc_destaques_comercio-11.png?resize=300%2C200&amp;ssl=1 300w, https:\/\/i0.wp.com\/www.rr.senac.br\/portalsenac\/wp-content\/uploads\/2024\/12\/senac_sesc_destaques_comercio-11.png?resize=768%2C512&amp;ssl=1 768w, https:\/\/i0.wp.com\/www.rr.senac.br\/portalsenac\/wp-content\/uploads\/2024\/12\/senac_sesc_destaques_comercio-11.png?resize=1536%2C1024&amp;ssl=1 1536w, https:\/\/i0.wp.com\/www.rr.senac.br\/portalsenac\/wp-content\/uploads\/2024\/12\/senac_sesc_destaques_comercio-11.png?resize=2048%2C1365&amp;ssl=1 2048w, https:\/\/i0.wp.com\/www.rr.senac.br\/portalsenac\/wp-content\/uploads\/2024\/12\/senac_sesc_destaques_comercio-11.png?w=2250&amp;ssl=1 2250w\" sizes=\"(max-width: 750px) 100vw, 750px\" \/><\/figure>\n\n\n\n<div style=\"height:3px\" aria-hidden=\"true\" class=\"wp-block-spacer\"><\/div>\n\n\n\n<p>Fernanda Paula Barbosa, diretora regional do Senac, diz que o \u2018Destaques do Com\u00e9rcio\u2019 vai al\u00e9m de oferecer uma noite especial, preparada com excel\u00eancia.<\/p>\n\n\n\n<div style=\"height:2px\" aria-hidden=\"true\" class=\"wp-block-spacer\"><\/div>\n\n\n\n<blockquote class=\"wp-block-quote is-layout-flow wp-block-quote-is-layout-flow\">\n<p>\u201cEsta \u00e9 uma iniciativa que celebra as empresas do com\u00e9rcio que mais investiram em cursos do Senac e as que mais emitiram credenciais do Sesc ao longo do ano. Esse evento anual \u00e9 uma oportunidade valiosa para fortalecer os v\u00ednculos com nossos parceiros e expressar nossa gratid\u00e3o pelo apoio e confian\u00e7a\u201d, afirmou.<\/p>\n<\/blockquote>\n\n\n\n<div style=\"height:2px\" aria-hidden=\"true\" class=\"wp-block-spacer\"><\/div>\n\n\n\n<figure class=\"wp-block-image size-large\"><img data-recalc-dims=\"1\" loading=\"lazy\" decoding=\"async\" width=\"750\" height=\"500\" src=\"https:\/\/i0.wp.com\/www.rr.senac.br\/portalsenac\/wp-content\/uploads\/2024\/12\/senac_sesc_destaques_comercio-3.png?resize=750%2C500&#038;ssl=1\" alt=\"\" class=\"wp-image-8025\" srcset=\"https:\/\/i0.wp.com\/www.rr.senac.br\/portalsenac\/wp-content\/uploads\/2024\/12\/senac_sesc_destaques_comercio-3.png?resize=1024%2C683&amp;ssl=1 1024w, https:\/\/i0.wp.com\/www.rr.senac.br\/portalsenac\/wp-content\/uploads\/2024\/12\/senac_sesc_destaques_comercio-3.png?resize=300%2C200&amp;ssl=1 300w, https:\/\/i0.wp.com\/www.rr.senac.br\/portalsenac\/wp-content\/uploads\/2024\/12\/senac_sesc_destaques_comercio-3.png?resize=768%2C512&amp;ssl=1 768w, https:\/\/i0.wp.com\/www.rr.senac.br\/portalsenac\/wp-content\/uploads\/2024\/12\/senac_sesc_destaques_comercio-3.png?resize=1536%2C1024&amp;ssl=1 1536w, https:\/\/i0.wp.com\/www.rr.senac.br\/portalsenac\/wp-content\/uploads\/2024\/12\/senac_sesc_destaques_comercio-3.png?resize=2048%2C1365&amp;ssl=1 2048w, https:\/\/i0.wp.com\/www.rr.senac.br\/portalsenac\/wp-content\/uploads\/2024\/12\/senac_sesc_destaques_comercio-3.png?resize=1568%2C1045&amp;ssl=1 1568w, https:\/\/i0.wp.com\/www.rr.senac.br\/portalsenac\/wp-content\/uploads\/2024\/12\/senac_sesc_destaques_comercio-3.png?w=2250&amp;ssl=1 2250w\" sizes=\"(max-width: 750px) 100vw, 750px\" \/><figcaption class=\"wp-element-caption\">A diretora regional do Senac, Fernanda Paula Barbosa, recepciona os representantes da Cl\u00ednica Medici, juntamente com a diretora regional do Sesc, Lisiane Gassner Carnetti<\/figcaption><\/figure>\n\n\n\n<div style=\"height:4px\" aria-hidden=\"true\" class=\"wp-block-spacer\"><\/div>\n\n\n\n<p><strong>Homenageados da noite<\/strong><\/p>\n\n\n\n<p>Durante o \u2018Destaques do Com\u00e9rcio\u2019 o teatro Jaber Xaud foi palco do melhor da cultura de Roraima, onde os homenageados subiram para receber o seu trof\u00e9u de honra \u00e0s a\u00e7\u00f5es que incentivam a qualidade de vida dos comerci\u00e1rios.<\/p>\n\n\n\n<div style=\"height:4px\" aria-hidden=\"true\" class=\"wp-block-spacer\"><\/div>\n\n\n\n<p>\u00c9 o exemplo de Fl\u00e1vio Nogueira, propriet\u00e1rio da Pau Brasil, um dos empres\u00e1rios que investiram em treinamentos corporativos que resultam na evolu\u00e7\u00e3o das equipes.<\/p>\n\n\n\n<div style=\"height:3px\" aria-hidden=\"true\" class=\"wp-block-spacer\"><\/div>\n\n\n\n<figure class=\"wp-block-image size-large\"><img data-recalc-dims=\"1\" loading=\"lazy\" decoding=\"async\" width=\"750\" height=\"500\" src=\"https:\/\/i0.wp.com\/www.rr.senac.br\/portalsenac\/wp-content\/uploads\/2024\/12\/senac_sesc_destaques_comercio-12.png?resize=750%2C500&#038;ssl=1\" alt=\"\" class=\"wp-image-8026\" srcset=\"https:\/\/i0.wp.com\/www.rr.senac.br\/portalsenac\/wp-content\/uploads\/2024\/12\/senac_sesc_destaques_comercio-12.png?resize=1024%2C683&amp;ssl=1 1024w, https:\/\/i0.wp.com\/www.rr.senac.br\/portalsenac\/wp-content\/uploads\/2024\/12\/senac_sesc_destaques_comercio-12.png?resize=300%2C200&amp;ssl=1 300w, https:\/\/i0.wp.com\/www.rr.senac.br\/portalsenac\/wp-content\/uploads\/2024\/12\/senac_sesc_destaques_comercio-12.png?resize=768%2C512&amp;ssl=1 768w, https:\/\/i0.wp.com\/www.rr.senac.br\/portalsenac\/wp-content\/uploads\/2024\/12\/senac_sesc_destaques_comercio-12.png?resize=1536%2C1024&amp;ssl=1 1536w, https:\/\/i0.wp.com\/www.rr.senac.br\/portalsenac\/wp-content\/uploads\/2024\/12\/senac_sesc_destaques_comercio-12.png?resize=2048%2C1365&amp;ssl=1 2048w, https:\/\/i0.wp.com\/www.rr.senac.br\/portalsenac\/wp-content\/uploads\/2024\/12\/senac_sesc_destaques_comercio-12.png?resize=1568%2C1045&amp;ssl=1 1568w, https:\/\/i0.wp.com\/www.rr.senac.br\/portalsenac\/wp-content\/uploads\/2024\/12\/senac_sesc_destaques_comercio-12.png?w=2250&amp;ssl=1 2250w\" sizes=\"(max-width: 750px) 100vw, 750px\" \/><\/figure>\n\n\n\n<div style=\"height:4px\" aria-hidden=\"true\" class=\"wp-block-spacer\"><\/div>\n\n\n\n<p>Segundo o empres\u00e1rio:<\/p>\n\n\n\n<div style=\"height:1px\" aria-hidden=\"true\" class=\"wp-block-spacer\"><\/div>\n\n\n\n<blockquote class=\"wp-block-quote is-layout-flow wp-block-quote-is-layout-flow\">\n<p>\u00c9 de extrema import\u00e2ncia, n\u00e3o para mim, mas para todas as pessoas que foram homenageadas. Para todos os empres\u00e1rios que est\u00e3o no estado de Roraima, que tem dificuldade em empreender, receber esse reconhecimento \u00e9 de extrema import\u00e2ncia e relev\u00e2ncia para que possamos continuar trabalhando, e continuar os esfor\u00e7os para que as coisas possam dar certo. Agrade\u00e7o imensamente toda a institui\u00e7\u00e3o pelo reconhecimento\u201d.<\/p>\n<\/blockquote>\n\n\n\n<div style=\"height:6px\" aria-hidden=\"true\" class=\"wp-block-spacer\"><\/div>\n\n\n\n<p>Reconhecer os ve\u00edculos de imprensa \u00e9 tamb\u00e9m parte do compromisso assumido pelas institui\u00e7\u00f5es que representam o Sistema Fecom\u00e9rcio em Roraima, como o Senac e Sesc. A honraria acontece em raz\u00e3o do trabalho prestado pelos ve\u00edculos que amplificam as pautas relevantes ao com\u00e9rcio de bens, servi\u00e7os e turismo no estado.<\/p>\n\n\n\n<div style=\"height:4px\" aria-hidden=\"true\" class=\"wp-block-spacer\"><\/div>\n\n\n\n<p>Frente ao trof\u00e9u recebido, os comunicadores premiados refletem sobre as conquistas de 2024. Conforme o radialista Jos\u00e9 Maria Carneiro o ano foi repleto de b\u00ean\u00e7\u00e3os, e cada um dos dias trabalhados resultam na premia\u00e7\u00e3o.<\/p>\n\n\n\n<div style=\"height:1px\" aria-hidden=\"true\" class=\"wp-block-spacer\"><\/div>\n\n\n\n<figure class=\"wp-block-image size-large\"><img data-recalc-dims=\"1\" loading=\"lazy\" decoding=\"async\" width=\"750\" height=\"500\" src=\"https:\/\/i0.wp.com\/www.rr.senac.br\/portalsenac\/wp-content\/uploads\/2024\/12\/senac_sesc_destaques_comercio-4.png?resize=750%2C500&#038;ssl=1\" alt=\"\" class=\"wp-image-8027\" srcset=\"https:\/\/i0.wp.com\/www.rr.senac.br\/portalsenac\/wp-content\/uploads\/2024\/12\/senac_sesc_destaques_comercio-4.png?resize=1024%2C683&amp;ssl=1 1024w, https:\/\/i0.wp.com\/www.rr.senac.br\/portalsenac\/wp-content\/uploads\/2024\/12\/senac_sesc_destaques_comercio-4.png?resize=300%2C200&amp;ssl=1 300w, https:\/\/i0.wp.com\/www.rr.senac.br\/portalsenac\/wp-content\/uploads\/2024\/12\/senac_sesc_destaques_comercio-4.png?resize=768%2C512&amp;ssl=1 768w, https:\/\/i0.wp.com\/www.rr.senac.br\/portalsenac\/wp-content\/uploads\/2024\/12\/senac_sesc_destaques_comercio-4.png?resize=1536%2C1024&amp;ssl=1 1536w, https:\/\/i0.wp.com\/www.rr.senac.br\/portalsenac\/wp-content\/uploads\/2024\/12\/senac_sesc_destaques_comercio-4.png?resize=2048%2C1365&amp;ssl=1 2048w, https:\/\/i0.wp.com\/www.rr.senac.br\/portalsenac\/wp-content\/uploads\/2024\/12\/senac_sesc_destaques_comercio-4.png?resize=1568%2C1045&amp;ssl=1 1568w, https:\/\/i0.wp.com\/www.rr.senac.br\/portalsenac\/wp-content\/uploads\/2024\/12\/senac_sesc_destaques_comercio-4.png?w=2250&amp;ssl=1 2250w\" sizes=\"(max-width: 750px) 100vw, 750px\" \/><\/figure>\n\n\n\n<div style=\"height:1px\" aria-hidden=\"true\" class=\"wp-block-spacer\"><\/div>\n\n\n\n<blockquote class=\"wp-block-quote is-layout-flow wp-block-quote-is-layout-flow\">\n<p>O &#8216;Destaques do Com\u00e9rcio&#8217;, como o nome j\u00e1 diz, \u00e9 exatamente cada dia de trabalho que voc\u00ea faz, e hoje colhe os frutos. Hoje os parceiros da Fecom\u00e9rcio, do Sesc e do Senac, est\u00e3o de parab\u00e9ns, pois est\u00e3o colhendo frutos. Ao empres\u00e1rio colher frutos, a valoriza\u00e7\u00e3o da empresa, \u00e9 tamb\u00e9m a valoriza\u00e7\u00e3o dos seus funcion\u00e1rios\u201d.<\/p>\n<\/blockquote>\n\n\n\n<div style=\"height:4px\" aria-hidden=\"true\" class=\"wp-block-spacer\"><\/div>\n\n\n\n<blockquote class=\"wp-block-quote is-layout-flow wp-block-quote-is-layout-flow\">\n<p>O com\u00e9rcio \u00e9 um importante setor da economia de um Estado, e a popula\u00e7\u00e3o pode entender melhor a dimens\u00e3o dessa contribui\u00e7\u00e3o, por meio das reportagens que mostram como o com\u00e9rcio est\u00e1 ligado ao desenvolvimento de uma regi\u00e3o, e como ele est\u00e1 pr\u00f3ximo da popula\u00e7\u00e3o\u201d, explica a produtora Tamara Ara\u00fajo, sobre como acontece o alinhamento de interesses entre Fecom\u00e9rcio, Senac, Sesc e imprensa.<\/p>\n\n\n\n<div style=\"height:2px\" aria-hidden=\"true\" class=\"wp-block-spacer\"><\/div>\n<\/blockquote>\n\n\n\n<figure class=\"wp-block-image size-large\"><img data-recalc-dims=\"1\" loading=\"lazy\" decoding=\"async\" width=\"750\" height=\"500\" src=\"https:\/\/i0.wp.com\/www.rr.senac.br\/portalsenac\/wp-content\/uploads\/2024\/12\/senac_sesc_destaques_comercio-10.png?resize=750%2C500&#038;ssl=1\" alt=\"\" class=\"wp-image-8028\" srcset=\"https:\/\/i0.wp.com\/www.rr.senac.br\/portalsenac\/wp-content\/uploads\/2024\/12\/senac_sesc_destaques_comercio-10.png?resize=1024%2C683&amp;ssl=1 1024w, https:\/\/i0.wp.com\/www.rr.senac.br\/portalsenac\/wp-content\/uploads\/2024\/12\/senac_sesc_destaques_comercio-10.png?resize=300%2C200&amp;ssl=1 300w, https:\/\/i0.wp.com\/www.rr.senac.br\/portalsenac\/wp-content\/uploads\/2024\/12\/senac_sesc_destaques_comercio-10.png?resize=768%2C512&amp;ssl=1 768w, https:\/\/i0.wp.com\/www.rr.senac.br\/portalsenac\/wp-content\/uploads\/2024\/12\/senac_sesc_destaques_comercio-10.png?resize=1536%2C1024&amp;ssl=1 1536w, https:\/\/i0.wp.com\/www.rr.senac.br\/portalsenac\/wp-content\/uploads\/2024\/12\/senac_sesc_destaques_comercio-10.png?resize=2048%2C1365&amp;ssl=1 2048w, https:\/\/i0.wp.com\/www.rr.senac.br\/portalsenac\/wp-content\/uploads\/2024\/12\/senac_sesc_destaques_comercio-10.png?resize=1568%2C1045&amp;ssl=1 1568w, https:\/\/i0.wp.com\/www.rr.senac.br\/portalsenac\/wp-content\/uploads\/2024\/12\/senac_sesc_destaques_comercio-10.png?w=2250&amp;ssl=1 2250w\" sizes=\"(max-width: 750px) 100vw, 750px\" \/><\/figure>\n\n\n\n<div style=\"height:3px\" aria-hidden=\"true\" class=\"wp-block-spacer\"><\/div>\n\n\n\n<div style=\"height:4px\" aria-hidden=\"true\" class=\"wp-block-spacer\"><\/div>\n\n\n\n<p>Com o lan\u00e7amento da agenda \u201cMelodia em Cores\u201d, os artistas que tanto contribuem com a valoriza\u00e7\u00e3o da identidade cultural de Roraima, n\u00e3o poderiam deixar de serem celebrados. A ilustradora Raquel Rocha, que j\u00e1 participou de outras edi\u00e7\u00f5es da agenda anual, diz que \u00e9 importante contar com esta plataforma para apresentar seu trabalho.<\/p>\n\n\n\n<div style=\"height:3px\" aria-hidden=\"true\" class=\"wp-block-spacer\"><\/div>\n\n\n\n<figure class=\"wp-block-gallery has-nested-images columns-default is-cropped wp-block-gallery-1 is-layout-flex wp-block-gallery-is-layout-flex\">\n<figure class=\"wp-block-image size-large\"><img data-recalc-dims=\"1\" loading=\"lazy\" decoding=\"async\" width=\"750\" height=\"500\" data-id=\"8031\" src=\"https:\/\/i0.wp.com\/www.rr.senac.br\/portalsenac\/wp-content\/uploads\/2024\/12\/senac_sesc_destaques_comercio-7.png?resize=750%2C500&#038;ssl=1\" alt=\"\" class=\"wp-image-8031\" srcset=\"https:\/\/i0.wp.com\/www.rr.senac.br\/portalsenac\/wp-content\/uploads\/2024\/12\/senac_sesc_destaques_comercio-7.png?resize=1024%2C683&amp;ssl=1 1024w, https:\/\/i0.wp.com\/www.rr.senac.br\/portalsenac\/wp-content\/uploads\/2024\/12\/senac_sesc_destaques_comercio-7.png?resize=300%2C200&amp;ssl=1 300w, https:\/\/i0.wp.com\/www.rr.senac.br\/portalsenac\/wp-content\/uploads\/2024\/12\/senac_sesc_destaques_comercio-7.png?resize=768%2C512&amp;ssl=1 768w, https:\/\/i0.wp.com\/www.rr.senac.br\/portalsenac\/wp-content\/uploads\/2024\/12\/senac_sesc_destaques_comercio-7.png?resize=1536%2C1024&amp;ssl=1 1536w, https:\/\/i0.wp.com\/www.rr.senac.br\/portalsenac\/wp-content\/uploads\/2024\/12\/senac_sesc_destaques_comercio-7.png?resize=2048%2C1365&amp;ssl=1 2048w, https:\/\/i0.wp.com\/www.rr.senac.br\/portalsenac\/wp-content\/uploads\/2024\/12\/senac_sesc_destaques_comercio-7.png?resize=1568%2C1045&amp;ssl=1 1568w, https:\/\/i0.wp.com\/www.rr.senac.br\/portalsenac\/wp-content\/uploads\/2024\/12\/senac_sesc_destaques_comercio-7.png?w=2250&amp;ssl=1 2250w\" sizes=\"(max-width: 750px) 100vw, 750px\" \/><\/figure>\n\n\n\n<figure class=\"wp-block-image size-large\"><img data-recalc-dims=\"1\" loading=\"lazy\" decoding=\"async\" width=\"750\" height=\"500\" data-id=\"8030\" src=\"https:\/\/i0.wp.com\/www.rr.senac.br\/portalsenac\/wp-content\/uploads\/2024\/12\/senac_sesc_destaques_comercio-2.png?resize=750%2C500&#038;ssl=1\" alt=\"\" class=\"wp-image-8030\" srcset=\"https:\/\/i0.wp.com\/www.rr.senac.br\/portalsenac\/wp-content\/uploads\/2024\/12\/senac_sesc_destaques_comercio-2.png?resize=1024%2C683&amp;ssl=1 1024w, https:\/\/i0.wp.com\/www.rr.senac.br\/portalsenac\/wp-content\/uploads\/2024\/12\/senac_sesc_destaques_comercio-2.png?resize=300%2C200&amp;ssl=1 300w, https:\/\/i0.wp.com\/www.rr.senac.br\/portalsenac\/wp-content\/uploads\/2024\/12\/senac_sesc_destaques_comercio-2.png?resize=768%2C512&amp;ssl=1 768w, https:\/\/i0.wp.com\/www.rr.senac.br\/portalsenac\/wp-content\/uploads\/2024\/12\/senac_sesc_destaques_comercio-2.png?resize=1536%2C1024&amp;ssl=1 1536w, https:\/\/i0.wp.com\/www.rr.senac.br\/portalsenac\/wp-content\/uploads\/2024\/12\/senac_sesc_destaques_comercio-2.png?resize=2048%2C1365&amp;ssl=1 2048w, https:\/\/i0.wp.com\/www.rr.senac.br\/portalsenac\/wp-content\/uploads\/2024\/12\/senac_sesc_destaques_comercio-2.png?resize=1568%2C1045&amp;ssl=1 1568w, https:\/\/i0.wp.com\/www.rr.senac.br\/portalsenac\/wp-content\/uploads\/2024\/12\/senac_sesc_destaques_comercio-2.png?w=2250&amp;ssl=1 2250w\" sizes=\"(max-width: 750px) 100vw, 750px\" \/><\/figure>\n\n\n\n<figure class=\"wp-block-image size-large\"><img data-recalc-dims=\"1\" loading=\"lazy\" decoding=\"async\" width=\"750\" height=\"500\" data-id=\"8029\" src=\"https:\/\/i0.wp.com\/www.rr.senac.br\/portalsenac\/wp-content\/uploads\/2024\/12\/senac_sesc_destaques_comercio-6.png?resize=750%2C500&#038;ssl=1\" alt=\"\" class=\"wp-image-8029\" srcset=\"https:\/\/i0.wp.com\/www.rr.senac.br\/portalsenac\/wp-content\/uploads\/2024\/12\/senac_sesc_destaques_comercio-6.png?resize=1024%2C683&amp;ssl=1 1024w, https:\/\/i0.wp.com\/www.rr.senac.br\/portalsenac\/wp-content\/uploads\/2024\/12\/senac_sesc_destaques_comercio-6.png?resize=300%2C200&amp;ssl=1 300w, https:\/\/i0.wp.com\/www.rr.senac.br\/portalsenac\/wp-content\/uploads\/2024\/12\/senac_sesc_destaques_comercio-6.png?resize=768%2C512&amp;ssl=1 768w, https:\/\/i0.wp.com\/www.rr.senac.br\/portalsenac\/wp-content\/uploads\/2024\/12\/senac_sesc_destaques_comercio-6.png?resize=1536%2C1024&amp;ssl=1 1536w, https:\/\/i0.wp.com\/www.rr.senac.br\/portalsenac\/wp-content\/uploads\/2024\/12\/senac_sesc_destaques_comercio-6.png?resize=2048%2C1365&amp;ssl=1 2048w, https:\/\/i0.wp.com\/www.rr.senac.br\/portalsenac\/wp-content\/uploads\/2024\/12\/senac_sesc_destaques_comercio-6.png?resize=1568%2C1045&amp;ssl=1 1568w, https:\/\/i0.wp.com\/www.rr.senac.br\/portalsenac\/wp-content\/uploads\/2024\/12\/senac_sesc_destaques_comercio-6.png?w=2250&amp;ssl=1 2250w\" sizes=\"(max-width: 750px) 100vw, 750px\" \/><\/figure>\n<\/figure>\n\n\n\n<div style=\"height:3px\" aria-hidden=\"true\" class=\"wp-block-spacer\"><\/div>\n\n\n\n<blockquote class=\"wp-block-quote is-layout-flow wp-block-quote-is-layout-flow\">\n<p>Ter participado da agenda me deixou muito realizada profissionalmente, ainda mais por ser a minha segunda participa\u00e7\u00e3o em menos de quatro anos. Esse ano eu fiquei muito feliz por dividir espa\u00e7o na agenda com outros ilustradores, visto que estamos em um estado em que o cen\u00e1rio para a atua\u00e7\u00e3o de ilustradores ainda \u00e9 limitado e at\u00e9 desconhecido, ver a arte gr\u00e1fica sendo reconhecido no meio das artes visuais \u00e9 gratificante\u201d, relatou.<\/p>\n<\/blockquote>\n\n\n\n<div style=\"height:2px\" aria-hidden=\"true\" class=\"wp-block-spacer\"><\/div>\n\n\n\n<figure class=\"wp-block-image size-large\"><img data-recalc-dims=\"1\" loading=\"lazy\" decoding=\"async\" width=\"750\" height=\"500\" src=\"https:\/\/i0.wp.com\/www.rr.senac.br\/portalsenac\/wp-content\/uploads\/2024\/12\/senac_sesc_destaques_comercio-9.png?resize=750%2C500&#038;ssl=1\" alt=\"\" class=\"wp-image-8032\" srcset=\"https:\/\/i0.wp.com\/www.rr.senac.br\/portalsenac\/wp-content\/uploads\/2024\/12\/senac_sesc_destaques_comercio-9.png?resize=1024%2C683&amp;ssl=1 1024w, https:\/\/i0.wp.com\/www.rr.senac.br\/portalsenac\/wp-content\/uploads\/2024\/12\/senac_sesc_destaques_comercio-9.png?resize=300%2C200&amp;ssl=1 300w, https:\/\/i0.wp.com\/www.rr.senac.br\/portalsenac\/wp-content\/uploads\/2024\/12\/senac_sesc_destaques_comercio-9.png?resize=768%2C512&amp;ssl=1 768w, https:\/\/i0.wp.com\/www.rr.senac.br\/portalsenac\/wp-content\/uploads\/2024\/12\/senac_sesc_destaques_comercio-9.png?resize=1536%2C1024&amp;ssl=1 1536w, https:\/\/i0.wp.com\/www.rr.senac.br\/portalsenac\/wp-content\/uploads\/2024\/12\/senac_sesc_destaques_comercio-9.png?resize=2048%2C1365&amp;ssl=1 2048w, https:\/\/i0.wp.com\/www.rr.senac.br\/portalsenac\/wp-content\/uploads\/2024\/12\/senac_sesc_destaques_comercio-9.png?resize=1568%2C1045&amp;ssl=1 1568w, https:\/\/i0.wp.com\/www.rr.senac.br\/portalsenac\/wp-content\/uploads\/2024\/12\/senac_sesc_destaques_comercio-9.png?w=2250&amp;ssl=1 2250w\" sizes=\"(max-width: 750px) 100vw, 750px\" \/><\/figure>\n\n\n\n<div style=\"height:4px\" aria-hidden=\"true\" class=\"wp-block-spacer\"><\/div>\n\n\n\n<p>A edi\u00e7\u00e3o 2024 do \u2018Destaques do Com\u00e9rcio\u2019 encerrou com uma apresenta\u00e7\u00e3o musical do trio Roraimeira, que neste ano completou 40 anos de carreira.<\/p>\n\n\n\n<div style=\"height:2px\" aria-hidden=\"true\" class=\"wp-block-spacer\"><\/div>\n\n\n\n<p><strong>Categorias premiadas<\/strong><\/p>\n\n\n\n<p>O trof\u00e9u \u2018Destaques do com\u00e9rcio\u2019 foi entregue a quatro categorias espec\u00edficas: empresas, imprensa, artistas musicais e artistas visuais. A seguir veja a lista completa de destaques de cada categoria.<\/p>\n\n\n\n<div style=\"height:2px\" aria-hidden=\"true\" class=\"wp-block-spacer\"><\/div>\n\n\n\n<details class=\"wp-block-details is-layout-flow wp-block-details-is-layout-flow\"><summary>EMPRESAS<\/summary>\n<p>Faculdade Est\u00e1cio<\/p>\n\n\n\n<p>Jacar\u00e9 Autope\u00e7as<\/p>\n\n\n\n<p>Grupo BRB &#8211; Brasferro\/Brasmol\/ Dipronto\/ BW<\/p>\n\n\n\n<p>Auto posto F\u00eanix<\/p>\n\n\n\n<p>Hospital Lotty Iris<\/p>\n\n\n\n<p>Prosserv<\/p>\n\n\n\n<p>Grupo Rio Negro<\/p>\n\n\n\n<p>Norter &#8211; Assessoria Empresarial<\/p>\n\n\n\n<p>Grupo Behnck<\/p>\n\n\n\n<p>Dental Alencar<\/p>\n\n\n\n<p>Boa Vista Pisos E Revestimentos<\/p>\n\n\n\n<p>Agroindustrial Serra Verde<\/p>\n\n\n\n<p>Instituto Boa Vista De M\u00fasica<\/p>\n\n\n\n<p>Supermercado Db<\/p>\n\n\n\n<p>Vimezer<\/p>\n\n\n\n<p>Caf\u00e9 Expresso<\/p>\n\n\n\n<p>Tropical Ve\u00edculos<\/p>\n\n\n\n<p>Casa Lira<\/p>\n\n\n\n<p>Grupo Perin<\/p>\n\n\n\n<p>Cl\u00ednica Medici<\/p>\n\n\n\n<p>Shopping Patio Roraima<\/p>\n\n\n\n<p>Pau Brasil Madeireira E Materiais De Constru\u00e7\u00e3o<\/p>\n\n\n\n<p>Audiplan e Agrororaima<\/p>\n\n\n\n<p>STI \u2013 Solu\u00e7\u00f5es Em Tecnologia De Roraima<\/p>\n<\/details>\n\n\n\n<details class=\"wp-block-details is-layout-flow wp-block-details-is-layout-flow\"><summary>VE\u00cdCULOS DE IMPRENSA<\/summary>\n<p>G1 Roraima<\/p>\n\n\n\n<p>Roraima Em Foco<\/p>\n\n\n\n<p>Panor\u00e2mica News<\/p>\n\n\n\n<p>Roraima 1<\/p>\n\n\n\n<p>Folha De Boa Vista<\/p>\n\n\n\n<p>Roraima Em Tempo<\/p>\n\n\n\n<p>O Painel<\/p>\n\n\n\n<p>Portal Boa Vista<\/p>\n\n\n\n<p>R\u00e1dio Tropical<\/p>\n\n\n\n<p>R\u00e1dio DPE<\/p>\n\n\n\n<p>R\u00e1dio Roraima<\/p>\n\n\n\n<p>R\u00e1dio Monte Roraima<\/p>\n\n\n\n<p>Rede Amaz\u00f4nica<\/p>\n\n\n\n<p>TV Assembleia<\/p>\n\n\n\n<p>TV Norte<\/p>\n<\/details>\n\n\n\n<div style=\"height:4px\" aria-hidden=\"true\" class=\"wp-block-spacer\"><\/div>\n\n\n\n<details class=\"wp-block-details is-layout-flow wp-block-details-is-layout-flow\"><summary>ARTISTAS MUSICAIS<\/summary>\n<p>Anne Louise<\/p>\n\n\n\n<p>Bod\u00f3 Valorizado<\/p>\n\n\n\n<p>Ana Lu<\/p>\n\n\n\n<p>Banda Garden<\/p>\n\n\n\n<p>Zerbine Ara\u00fajo<\/p>\n\n\n\n<p>Banda De Um<\/p>\n\n\n\n<p>Banda Natu<\/p>\n\n\n\n<p>Ben Charles<\/p>\n\n\n\n<p>Euterpe<\/p>\n\n\n\n<p>Eliakin Rufino<\/p>\n\n\n\n<p>Neuber Uchoa<\/p>\n\n\n\n<p>Zeca Preto<\/p>\n<\/details>\n\n\n\n<div style=\"height:5px\" aria-hidden=\"true\" class=\"wp-block-spacer\"><\/div>\n\n\n\n<details class=\"wp-block-details is-layout-flow wp-block-details-is-layout-flow\"><summary>ARTISTAS VISUAIS<\/summary>\n<p>Matheus Lopes<\/p>\n\n\n\n<p>Raquel Rocha<\/p>\n\n\n\n<p>Samuel Felipe<\/p>\n\n\n\n<p>Sulivan Felipe<\/p>\n\n\n\n<p>Tafinis Said<\/p>\n\n\n\n<p>Yasmin Gabriela Faray<\/p>\n<\/details>\n\n\n\n<div style=\"height:4px\" aria-hidden=\"true\" class=\"wp-block-spacer\"><\/div>\n\n\n\n<p>Confira o <a href=\"https:\/\/www.facebook.com\/media\/set\/?vanity=senac.roraima&amp;set=a.568452645885683&amp;__cft__[0]=AZUuo-ko0Kt72pnzNl5FvJJSwd6TIt5bZDc4SYwv4rbDHIwKS2JIksbJ4Uvo7gsEwZYKZCKJVaMWKiAXAKMjnip2Tbdzd6vP_1hLPpUF-TGL8xmcZrB9tgqR6Zasv6SYOCtBDsDQvrCkM-TbwxdmMr0LDUMqjiNUsHkxfqLaoHHVEmR64XN3T_0dDDYbk6HFABE&amp;__tn__=-R\">\u00e1lbum de fotos completo<\/a> no facebook. <\/p>\n\n\n\n<div style=\"height:3px\" aria-hidden=\"true\" class=\"wp-block-spacer\"><\/div>\n\n\n\n<p>Por Liana Lima, analista t\u00e9c. de comunica\u00e7\u00e3o do Senac. <\/p>\n\n\n\n<div style=\"height:3px\" aria-hidden=\"true\" class=\"wp-block-spacer\"><\/div>\n","protected":false},"excerpt":{"rendered":"<p>Na noite do \u00faltimo dia 4, quarta-feira, o Servi\u00e7o Nacional de Aprendizagem Comercial (Senac) e Servi\u00e7o Social do Com\u00e9rcio (Sesc-RR), no \u00e2mbito de sua tradicional parceria, proporcionaram mais uma edi\u00e7\u00e3o do \u2018Destaques do Com\u00e9rcio\u2019, momento destinado ao reconhecimento do desempenho dos empres\u00e1rios, artistas e ve\u00edculos&hellip; <a class=\"more-link\" href=\"https:\/\/www.rr.senac.br\/portalsenac\/empresarios-imprensa-e-artistas-locais-sao-homenageados-pelo-sistema-fecomercio-em-roraima\/\">Continuar lendo <span class=\"screen-reader-text\">Empres\u00e1rios, imprensa e artistas locais s\u00e3o homenageados pelo Sistema Fecom\u00e9rcio em Roraima<\/span><\/a><\/p>\n","protected":false},"author":7,"featured_media":8022,"comment_status":"closed","ping_status":"","sticky":false,"template":"","format":"standard","meta":{"_jetpack_memberships_contains_paid_content":false,"_joinchat":[],"footnotes":""},"categories":[12],"tags":[],"class_list":["post-8021","post","type-post","status-publish","format-standard","has-post-thumbnail","hentry","category-ultimas-noticias","entry"],"jetpack_featured_media_url":"https:\/\/i0.wp.com\/www.rr.senac.br\/portalsenac\/wp-content\/uploads\/2024\/12\/senac_sesc_destaques_comercio-13.png?fit=2304%2C1536&ssl=1","jetpack_sharing_enabled":true,"_links":{"self":[{"href":"https:\/\/www.rr.senac.br\/portalsenac\/wp-json\/wp\/v2\/posts\/8021","targetHints":{"allow":["GET"]}}],"collection":[{"href":"https:\/\/www.rr.senac.br\/portalsenac\/wp-json\/wp\/v2\/posts"}],"about":[{"href":"https:\/\/www.rr.senac.br\/portalsenac\/wp-json\/wp\/v2\/types\/post"}],"author":[{"embeddable":true,"href":"https:\/\/www.rr.senac.br\/portalsenac\/wp-json\/wp\/v2\/users\/7"}],"replies":[{"embeddable":true,"href":"https:\/\/www.rr.senac.br\/portalsenac\/wp-json\/wp\/v2\/comments?post=8021"}],"version-history":[{"count":2,"href":"https:\/\/www.rr.senac.br\/portalsenac\/wp-json\/wp\/v2\/posts\/8021\/revisions"}],"predecessor-version":[{"id":8034,"href":"https:\/\/www.rr.senac.br\/portalsenac\/wp-json\/wp\/v2\/posts\/8021\/revisions\/8034"}],"wp:featuredmedia":[{"embeddable":true,"href":"https:\/\/www.rr.senac.br\/portalsenac\/wp-json\/wp\/v2\/media\/8022"}],"wp:attachment":[{"href":"https:\/\/www.rr.senac.br\/portalsenac\/wp-json\/wp\/v2\/media?parent=8021"}],"wp:term":[{"taxonomy":"category","embeddable":true,"href":"https:\/\/www.rr.senac.br\/portalsenac\/wp-json\/wp\/v2\/categories?post=8021"},{"taxonomy":"post_tag","embeddable":true,"href":"https:\/\/www.rr.senac.br\/portalsenac\/wp-json\/wp\/v2\/tags?post=8021"}],"curies":[{"name":"wp","href":"https:\/\/api.w.org\/{rel}","templated":true}]}}