{"id":8087,"date":"2024-12-20T21:23:27","date_gmt":"2024-12-21T01:23:27","guid":{"rendered":"https:\/\/www.rr.senac.br\/portalsenac\/?p=8087"},"modified":"2024-12-21T00:02:37","modified_gmt":"2024-12-21T04:02:37","slug":"final-de-ano-senac-mais-de-340-alunos-formados-pela-instituicao-no-segundo-semestre","status":"publish","type":"post","link":"https:\/\/www.rr.senac.br\/portalsenac\/final-de-ano-senac-mais-de-340-alunos-formados-pela-instituicao-no-segundo-semestre\/","title":{"rendered":"Final de ano #Senac: mais de 340 alunos formados pela institui\u00e7\u00e3o no segundo semestre"},"content":{"rendered":"\n<div style=\"height:6px\" aria-hidden=\"true\" class=\"wp-block-spacer\"><\/div>\n\n\n\n<p><em>Encerrou nesta sexta-feira, 20, a temporada de formaturas<\/em><\/p>\n\n\n\n<figure class=\"wp-block-image size-large\"><img data-recalc-dims=\"1\" fetchpriority=\"high\" decoding=\"async\" width=\"750\" height=\"500\" src=\"https:\/\/i0.wp.com\/www.rr.senac.br\/portalsenac\/wp-content\/uploads\/2024\/12\/senac_rr_formatura-2.png?resize=750%2C500&#038;ssl=1\" alt=\"\" class=\"wp-image-8089\" srcset=\"https:\/\/i0.wp.com\/www.rr.senac.br\/portalsenac\/wp-content\/uploads\/2024\/12\/senac_rr_formatura-2.png?resize=1024%2C683&amp;ssl=1 1024w, https:\/\/i0.wp.com\/www.rr.senac.br\/portalsenac\/wp-content\/uploads\/2024\/12\/senac_rr_formatura-2.png?resize=300%2C200&amp;ssl=1 300w, https:\/\/i0.wp.com\/www.rr.senac.br\/portalsenac\/wp-content\/uploads\/2024\/12\/senac_rr_formatura-2.png?resize=768%2C512&amp;ssl=1 768w, https:\/\/i0.wp.com\/www.rr.senac.br\/portalsenac\/wp-content\/uploads\/2024\/12\/senac_rr_formatura-2.png?resize=1536%2C1024&amp;ssl=1 1536w, https:\/\/i0.wp.com\/www.rr.senac.br\/portalsenac\/wp-content\/uploads\/2024\/12\/senac_rr_formatura-2.png?resize=1568%2C1045&amp;ssl=1 1568w, https:\/\/i0.wp.com\/www.rr.senac.br\/portalsenac\/wp-content\/uploads\/2024\/12\/senac_rr_formatura-2.png?w=2048&amp;ssl=1 2048w\" sizes=\"(max-width: 750px) 100vw, 750px\" \/><\/figure>\n\n\n\n<div style=\"height:1px\" aria-hidden=\"true\" class=\"wp-block-spacer\"><\/div>\n\n\n\n<p>Certificado em m\u00e3os e felicidade estampada no rosto. Assim, mais de 200 alunos do Servi\u00e7o Nacional de Aprendizagem Comercial (Senac-RR) celebraram a vit\u00f3ria de concluir uma etapa importante na vida profissional. Durante o m\u00eas de dezembro aconteceu a tradicional temporada de formaturas da institui\u00e7\u00e3o, que contou com cinco emocionantes cerim\u00f4nias de encerramento de curso, tanto na capital, como nas unidades do Senac no interior do estado.<\/p>\n\n\n\n<div style=\"height:4px\" aria-hidden=\"true\" class=\"wp-block-spacer\"><\/div>\n\n\n\n<p>Os formandos das turmas de Aprendizagem Comercial, programa que \u00e9 porta de entrada para o mercado de trabalho, e Centro de Idiomas, que oferta o ensino de diversos idiomas em Boa Vista (RR), receberam, na ocasi\u00e3o, seus certificados. Os alunos dos cursos t\u00e9cnicos em Administra\u00e7\u00e3o, executados nos mun\u00edcipios do interior, colaram grau e receberam seus diplomas.<\/p>\n\n\n\n<div style=\"height:4px\" aria-hidden=\"true\" class=\"wp-block-spacer\"><\/div>\n\n\n\n<div class=\"wp-block-jetpack-slideshow aligncenter\" data-effect=\"slide\"><div class=\"wp-block-jetpack-slideshow_container swiper-container\"><ul class=\"wp-block-jetpack-slideshow_swiper-wrapper swiper-wrapper\"><li class=\"wp-block-jetpack-slideshow_slide swiper-slide\"><figure><img data-recalc-dims=\"1\" decoding=\"async\" width=\"750\" height=\"500\" alt=\"\" class=\"wp-block-jetpack-slideshow_image wp-image-8090\" data-id=\"8090\" src=\"https:\/\/i0.wp.com\/www.rr.senac.br\/portalsenac\/wp-content\/uploads\/2024\/12\/senac_rr_formatura-6.png?resize=750%2C500&#038;ssl=1\" srcset=\"https:\/\/i0.wp.com\/www.rr.senac.br\/portalsenac\/wp-content\/uploads\/2024\/12\/senac_rr_formatura-6.png?resize=1024%2C683&amp;ssl=1 1024w, https:\/\/i0.wp.com\/www.rr.senac.br\/portalsenac\/wp-content\/uploads\/2024\/12\/senac_rr_formatura-6.png?resize=300%2C200&amp;ssl=1 300w, https:\/\/i0.wp.com\/www.rr.senac.br\/portalsenac\/wp-content\/uploads\/2024\/12\/senac_rr_formatura-6.png?resize=768%2C512&amp;ssl=1 768w, https:\/\/i0.wp.com\/www.rr.senac.br\/portalsenac\/wp-content\/uploads\/2024\/12\/senac_rr_formatura-6.png?resize=1536%2C1024&amp;ssl=1 1536w, https:\/\/i0.wp.com\/www.rr.senac.br\/portalsenac\/wp-content\/uploads\/2024\/12\/senac_rr_formatura-6.png?resize=1568%2C1045&amp;ssl=1 1568w, https:\/\/i0.wp.com\/www.rr.senac.br\/portalsenac\/wp-content\/uploads\/2024\/12\/senac_rr_formatura-6.png?w=2048&amp;ssl=1 2048w\" sizes=\"(max-width: 750px) 100vw, 750px\" \/><\/figure><\/li><li class=\"wp-block-jetpack-slideshow_slide swiper-slide\"><figure><img data-recalc-dims=\"1\" decoding=\"async\" width=\"750\" height=\"500\" alt=\"\" class=\"wp-block-jetpack-slideshow_image wp-image-8091\" data-id=\"8091\" src=\"https:\/\/i0.wp.com\/www.rr.senac.br\/portalsenac\/wp-content\/uploads\/2024\/12\/senac_rr_formatura-11.png?resize=750%2C500&#038;ssl=1\" srcset=\"https:\/\/i0.wp.com\/www.rr.senac.br\/portalsenac\/wp-content\/uploads\/2024\/12\/senac_rr_formatura-11.png?resize=1024%2C683&amp;ssl=1 1024w, https:\/\/i0.wp.com\/www.rr.senac.br\/portalsenac\/wp-content\/uploads\/2024\/12\/senac_rr_formatura-11.png?resize=300%2C200&amp;ssl=1 300w, https:\/\/i0.wp.com\/www.rr.senac.br\/portalsenac\/wp-content\/uploads\/2024\/12\/senac_rr_formatura-11.png?resize=768%2C512&amp;ssl=1 768w, https:\/\/i0.wp.com\/www.rr.senac.br\/portalsenac\/wp-content\/uploads\/2024\/12\/senac_rr_formatura-11.png?resize=1536%2C1024&amp;ssl=1 1536w, https:\/\/i0.wp.com\/www.rr.senac.br\/portalsenac\/wp-content\/uploads\/2024\/12\/senac_rr_formatura-11.png?resize=1568%2C1045&amp;ssl=1 1568w, https:\/\/i0.wp.com\/www.rr.senac.br\/portalsenac\/wp-content\/uploads\/2024\/12\/senac_rr_formatura-11.png?w=2048&amp;ssl=1 2048w\" sizes=\"(max-width: 750px) 100vw, 750px\" \/><\/figure><\/li><\/ul><a class=\"wp-block-jetpack-slideshow_button-prev swiper-button-prev swiper-button-white\" role=\"button\"><\/a><a class=\"wp-block-jetpack-slideshow_button-next swiper-button-next swiper-button-white\" role=\"button\"><\/a><a aria-label=\"Pause Slideshow\" class=\"wp-block-jetpack-slideshow_button-pause\" role=\"button\"><\/a><div class=\"wp-block-jetpack-slideshow_pagination swiper-pagination swiper-pagination-white\"><\/div><\/div><\/div>\n\n\n\n<div style=\"height:1px\" aria-hidden=\"true\" class=\"wp-block-spacer\"><\/div>\n\n\n\n<div style=\"height:3px\" aria-hidden=\"true\" class=\"wp-block-spacer\"><\/div>\n\n\n\n<p>N\u00e3o desistir diante dos desafios e obst\u00e1culos da vida durante o curso levou a aluna Joyce Almeida ao p\u00falpito da cerim\u00f4nia de cola\u00e7\u00e3o de grau, com a miss\u00e3o de conduzir seus colegas durante o juramento, que marca a transi\u00e7\u00e3o de estudantes para profissionais aptos a exercer suas fun\u00e7\u00f5es. Joyce se formou no Curso T\u00e9cnico em Administra\u00e7\u00e3o ofertado pelo Programa Senac de Gratuidade (PSG), na unidade Norm\u00e9lia Mafra, localizada no mun\u00edcipio de S\u00e3o Luiz (RR).<\/p>\n\n\n\n<div style=\"height:2px\" aria-hidden=\"true\" class=\"wp-block-spacer\"><\/div>\n\n\n\n<figure class=\"wp-block-image size-large\"><img data-recalc-dims=\"1\" loading=\"lazy\" decoding=\"async\" width=\"750\" height=\"500\" src=\"https:\/\/i0.wp.com\/www.rr.senac.br\/portalsenac\/wp-content\/uploads\/2024\/12\/senac_rr_formatura-3.png?resize=750%2C500&#038;ssl=1\" alt=\"\" class=\"wp-image-8092\" srcset=\"https:\/\/i0.wp.com\/www.rr.senac.br\/portalsenac\/wp-content\/uploads\/2024\/12\/senac_rr_formatura-3.png?resize=1024%2C683&amp;ssl=1 1024w, https:\/\/i0.wp.com\/www.rr.senac.br\/portalsenac\/wp-content\/uploads\/2024\/12\/senac_rr_formatura-3.png?resize=300%2C200&amp;ssl=1 300w, https:\/\/i0.wp.com\/www.rr.senac.br\/portalsenac\/wp-content\/uploads\/2024\/12\/senac_rr_formatura-3.png?resize=768%2C512&amp;ssl=1 768w, https:\/\/i0.wp.com\/www.rr.senac.br\/portalsenac\/wp-content\/uploads\/2024\/12\/senac_rr_formatura-3.png?resize=1536%2C1024&amp;ssl=1 1536w, https:\/\/i0.wp.com\/www.rr.senac.br\/portalsenac\/wp-content\/uploads\/2024\/12\/senac_rr_formatura-3.png?resize=1568%2C1045&amp;ssl=1 1568w, https:\/\/i0.wp.com\/www.rr.senac.br\/portalsenac\/wp-content\/uploads\/2024\/12\/senac_rr_formatura-3.png?w=2048&amp;ssl=1 2048w\" sizes=\"(max-width: 750px) 100vw, 750px\" \/><\/figure>\n\n\n\n<div style=\"height:1px\" aria-hidden=\"true\" class=\"wp-block-spacer\"><\/div>\n\n\n\n<figure class=\"wp-block-pullquote\"><blockquote><p>Este curso foi uma realiza\u00e7\u00e3o. N\u00e3o tenho palavras para agradecer ao Senac pela oportunidade. Me senti vitoriosa, por diversas vezes achava que desistiria do curso e no final fiz o juramento. Foi fant\u00e1stico! \u201d, comemorou.<\/p><\/blockquote><\/figure>\n\n\n\n<div style=\"height:4px\" aria-hidden=\"true\" class=\"wp-block-spacer\"><\/div>\n\n\n\n<p>Na unidade do Senac em S\u00e3o Luiz (RR), Joyce e seus colegas encontraram apoio e acolhimento por parte de toda a equipe, que vibraram pelos formandos. A diretora da unidade, Jaciana da Silva, explica que falar sobre a jornada da turma gera emo\u00e7\u00e3o.<\/p>\n\n\n\n<p>\u201cO Senac por meio do Curso T\u00e9cnico em Administra\u00e7\u00e3o buscou estimular os alunos por meio de situa\u00e7\u00f5es de aprendizagem, atitudes empreendedoras, sustent\u00e1veis e colaborativas, articulando as compet\u00eancias do perfil profissional. Os alunos demonstraram em diversos momentos muita criatividade, empenho, empatia e respeito entre si\u201d.&nbsp;<\/p>\n\n\n\n<div style=\"height:4px\" aria-hidden=\"true\" class=\"wp-block-spacer\"><\/div>\n\n\n\n<div class=\"wp-block-jetpack-slideshow aligncenter\" data-effect=\"slide\"><div class=\"wp-block-jetpack-slideshow_container swiper-container\"><ul class=\"wp-block-jetpack-slideshow_swiper-wrapper swiper-wrapper\"><li class=\"wp-block-jetpack-slideshow_slide swiper-slide\"><figure><img data-recalc-dims=\"1\" loading=\"lazy\" decoding=\"async\" width=\"750\" height=\"500\" alt=\"\" class=\"wp-block-jetpack-slideshow_image wp-image-8093\" data-id=\"8093\" src=\"https:\/\/i0.wp.com\/www.rr.senac.br\/portalsenac\/wp-content\/uploads\/2024\/12\/senac_rr_formatura-7.png?resize=750%2C500&#038;ssl=1\" srcset=\"https:\/\/i0.wp.com\/www.rr.senac.br\/portalsenac\/wp-content\/uploads\/2024\/12\/senac_rr_formatura-7.png?resize=1024%2C683&amp;ssl=1 1024w, https:\/\/i0.wp.com\/www.rr.senac.br\/portalsenac\/wp-content\/uploads\/2024\/12\/senac_rr_formatura-7.png?resize=300%2C200&amp;ssl=1 300w, https:\/\/i0.wp.com\/www.rr.senac.br\/portalsenac\/wp-content\/uploads\/2024\/12\/senac_rr_formatura-7.png?resize=768%2C512&amp;ssl=1 768w, https:\/\/i0.wp.com\/www.rr.senac.br\/portalsenac\/wp-content\/uploads\/2024\/12\/senac_rr_formatura-7.png?resize=1536%2C1024&amp;ssl=1 1536w, https:\/\/i0.wp.com\/www.rr.senac.br\/portalsenac\/wp-content\/uploads\/2024\/12\/senac_rr_formatura-7.png?resize=1568%2C1045&amp;ssl=1 1568w, https:\/\/i0.wp.com\/www.rr.senac.br\/portalsenac\/wp-content\/uploads\/2024\/12\/senac_rr_formatura-7.png?w=2048&amp;ssl=1 2048w\" sizes=\"(max-width: 750px) 100vw, 750px\" \/><\/figure><\/li><li class=\"wp-block-jetpack-slideshow_slide swiper-slide\"><figure><img data-recalc-dims=\"1\" loading=\"lazy\" decoding=\"async\" width=\"750\" height=\"500\" alt=\"\" class=\"wp-block-jetpack-slideshow_image wp-image-8095\" data-id=\"8095\" src=\"https:\/\/i0.wp.com\/www.rr.senac.br\/portalsenac\/wp-content\/uploads\/2024\/12\/senac_rr_formatura-4.png?resize=750%2C500&#038;ssl=1\" srcset=\"https:\/\/i0.wp.com\/www.rr.senac.br\/portalsenac\/wp-content\/uploads\/2024\/12\/senac_rr_formatura-4.png?resize=1024%2C683&amp;ssl=1 1024w, https:\/\/i0.wp.com\/www.rr.senac.br\/portalsenac\/wp-content\/uploads\/2024\/12\/senac_rr_formatura-4.png?resize=300%2C200&amp;ssl=1 300w, https:\/\/i0.wp.com\/www.rr.senac.br\/portalsenac\/wp-content\/uploads\/2024\/12\/senac_rr_formatura-4.png?resize=768%2C512&amp;ssl=1 768w, https:\/\/i0.wp.com\/www.rr.senac.br\/portalsenac\/wp-content\/uploads\/2024\/12\/senac_rr_formatura-4.png?resize=1536%2C1024&amp;ssl=1 1536w, https:\/\/i0.wp.com\/www.rr.senac.br\/portalsenac\/wp-content\/uploads\/2024\/12\/senac_rr_formatura-4.png?resize=1568%2C1045&amp;ssl=1 1568w, https:\/\/i0.wp.com\/www.rr.senac.br\/portalsenac\/wp-content\/uploads\/2024\/12\/senac_rr_formatura-4.png?w=2048&amp;ssl=1 2048w\" sizes=\"(max-width: 750px) 100vw, 750px\" \/><\/figure><\/li><li class=\"wp-block-jetpack-slideshow_slide swiper-slide\"><figure><img data-recalc-dims=\"1\" loading=\"lazy\" decoding=\"async\" width=\"750\" height=\"500\" alt=\"\" class=\"wp-block-jetpack-slideshow_image wp-image-8096\" data-id=\"8096\" src=\"https:\/\/i0.wp.com\/www.rr.senac.br\/portalsenac\/wp-content\/uploads\/2024\/12\/senac_rr_formatura-8.png?resize=750%2C500&#038;ssl=1\" srcset=\"https:\/\/i0.wp.com\/www.rr.senac.br\/portalsenac\/wp-content\/uploads\/2024\/12\/senac_rr_formatura-8.png?resize=1024%2C683&amp;ssl=1 1024w, https:\/\/i0.wp.com\/www.rr.senac.br\/portalsenac\/wp-content\/uploads\/2024\/12\/senac_rr_formatura-8.png?resize=300%2C200&amp;ssl=1 300w, https:\/\/i0.wp.com\/www.rr.senac.br\/portalsenac\/wp-content\/uploads\/2024\/12\/senac_rr_formatura-8.png?resize=768%2C512&amp;ssl=1 768w, https:\/\/i0.wp.com\/www.rr.senac.br\/portalsenac\/wp-content\/uploads\/2024\/12\/senac_rr_formatura-8.png?resize=1536%2C1024&amp;ssl=1 1536w, https:\/\/i0.wp.com\/www.rr.senac.br\/portalsenac\/wp-content\/uploads\/2024\/12\/senac_rr_formatura-8.png?resize=1568%2C1045&amp;ssl=1 1568w, https:\/\/i0.wp.com\/www.rr.senac.br\/portalsenac\/wp-content\/uploads\/2024\/12\/senac_rr_formatura-8.png?w=2048&amp;ssl=1 2048w\" sizes=\"(max-width: 750px) 100vw, 750px\" \/><\/figure><\/li><\/ul><a class=\"wp-block-jetpack-slideshow_button-prev swiper-button-prev swiper-button-white\" role=\"button\"><\/a><a class=\"wp-block-jetpack-slideshow_button-next swiper-button-next swiper-button-white\" role=\"button\"><\/a><a aria-label=\"Pause Slideshow\" class=\"wp-block-jetpack-slideshow_button-pause\" role=\"button\"><\/a><div class=\"wp-block-jetpack-slideshow_pagination swiper-pagination swiper-pagination-white\"><\/div><\/div><\/div>\n\n\n\n<div style=\"height:4px\" aria-hidden=\"true\" class=\"wp-block-spacer\"><\/div>\n\n\n\n<p>Para Lindcy Nogueira, apaixonada pela l\u00edngua inglesa e estudante \u00e1vida do idioma, ser aluna do Centro de Idiomas do Senac, que no segundo semestre de 2024 certificou 118 alunos, significa estar preparado para vivenciar o idioma por completo. Nesta etapa de formaturas, ela recebeu seu certificado de Ingl\u00eas <em>Advanced<\/em>.&nbsp;<\/p>\n\n\n\n<div style=\"height:5px\" aria-hidden=\"true\" class=\"wp-block-spacer\"><\/div>\n\n\n\n<p><strong><em>\u201cTer um local para ir diariamente com uma metodologia que direciona e percebe as lacunas que precisam ser preenchidas torna o processo mais r\u00e1pido. Significa ser capaz de lidar com assuntos variados em um idioma novo. Participando de in\u00fameras simula\u00e7\u00f5es e debates, a gente se sente mais preparado pro ingl\u00eas da vida real\u201d<\/em><\/strong>. &nbsp;<\/p>\n\n\n\n<div style=\"height:3px\" aria-hidden=\"true\" class=\"wp-block-spacer\"><\/div>\n\n\n\n<figure class=\"wp-block-image size-large\"><img data-recalc-dims=\"1\" loading=\"lazy\" decoding=\"async\" width=\"750\" height=\"500\" src=\"https:\/\/i0.wp.com\/www.rr.senac.br\/portalsenac\/wp-content\/uploads\/2024\/12\/senac_rr_idiomas-1.png?resize=750%2C500&#038;ssl=1\" alt=\"\" class=\"wp-image-8097\" srcset=\"https:\/\/i0.wp.com\/www.rr.senac.br\/portalsenac\/wp-content\/uploads\/2024\/12\/senac_rr_idiomas-1.png?resize=1024%2C683&amp;ssl=1 1024w, https:\/\/i0.wp.com\/www.rr.senac.br\/portalsenac\/wp-content\/uploads\/2024\/12\/senac_rr_idiomas-1.png?resize=300%2C200&amp;ssl=1 300w, https:\/\/i0.wp.com\/www.rr.senac.br\/portalsenac\/wp-content\/uploads\/2024\/12\/senac_rr_idiomas-1.png?resize=768%2C512&amp;ssl=1 768w, https:\/\/i0.wp.com\/www.rr.senac.br\/portalsenac\/wp-content\/uploads\/2024\/12\/senac_rr_idiomas-1.png?resize=1536%2C1024&amp;ssl=1 1536w, https:\/\/i0.wp.com\/www.rr.senac.br\/portalsenac\/wp-content\/uploads\/2024\/12\/senac_rr_idiomas-1.png?resize=1568%2C1045&amp;ssl=1 1568w, https:\/\/i0.wp.com\/www.rr.senac.br\/portalsenac\/wp-content\/uploads\/2024\/12\/senac_rr_idiomas-1.png?w=2048&amp;ssl=1 2048w\" sizes=\"(max-width: 750px) 100vw, 750px\" \/><\/figure>\n\n\n\n<div style=\"height:5px\" aria-hidden=\"true\" class=\"wp-block-spacer\"><\/div>\n\n\n\n<p><strong>Da aprendizagem \u00e0 contrata\u00e7\u00e3o<\/strong><\/p>\n\n\n\n<p><strong><em>\u201cEu vi uma porta aberta para viver novas experi\u00eancias na \u00e1rea profissional\u201d<\/em><\/strong>, foi o que contou Daleska Marquez, formanda da turma de aprendizagem comercial em servi\u00e7os administrativos. Ela n\u00e3o pensou duas vezes em se candidatar ao programa que garante todo o suporte para jovens, como ela, entrarem no mercado de trabalho com excel\u00eancia.<\/p>\n\n\n\n<div style=\"height:1px\" aria-hidden=\"true\" class=\"wp-block-spacer\"><\/div>\n\n\n\n<p><strong><em>\u201cA experi\u00eancia que o Senac me ofereceu como Jovem Aprendiz, e trabalhar como assistente administrativo me tocou tanto, que \u00e9 uma profiss\u00e3o que espero poder continuar exercendo. Gostei e agora faz parte da minha vida\u201d<\/em><\/strong>, declarou.<\/p>\n\n\n\n<div style=\"height:6px\" aria-hidden=\"true\" class=\"wp-block-spacer\"><\/div>\n\n\n\n<figure class=\"wp-block-image size-large\"><img data-recalc-dims=\"1\" loading=\"lazy\" decoding=\"async\" width=\"750\" height=\"500\" src=\"https:\/\/i0.wp.com\/www.rr.senac.br\/portalsenac\/wp-content\/uploads\/2024\/12\/senac_rr_formatura-9.png?resize=750%2C500&#038;ssl=1\" alt=\"\" class=\"wp-image-8098\" srcset=\"https:\/\/i0.wp.com\/www.rr.senac.br\/portalsenac\/wp-content\/uploads\/2024\/12\/senac_rr_formatura-9.png?resize=1024%2C683&amp;ssl=1 1024w, https:\/\/i0.wp.com\/www.rr.senac.br\/portalsenac\/wp-content\/uploads\/2024\/12\/senac_rr_formatura-9.png?resize=300%2C200&amp;ssl=1 300w, https:\/\/i0.wp.com\/www.rr.senac.br\/portalsenac\/wp-content\/uploads\/2024\/12\/senac_rr_formatura-9.png?resize=768%2C512&amp;ssl=1 768w, https:\/\/i0.wp.com\/www.rr.senac.br\/portalsenac\/wp-content\/uploads\/2024\/12\/senac_rr_formatura-9.png?resize=1536%2C1024&amp;ssl=1 1536w, https:\/\/i0.wp.com\/www.rr.senac.br\/portalsenac\/wp-content\/uploads\/2024\/12\/senac_rr_formatura-9.png?resize=1568%2C1045&amp;ssl=1 1568w, https:\/\/i0.wp.com\/www.rr.senac.br\/portalsenac\/wp-content\/uploads\/2024\/12\/senac_rr_formatura-9.png?w=2048&amp;ssl=1 2048w\" sizes=\"(max-width: 750px) 100vw, 750px\" \/><\/figure>\n\n\n\n<div style=\"height:4px\" aria-hidden=\"true\" class=\"wp-block-spacer\"><\/div>\n\n\n\n<p>Elias Chaves, formando da turma de aprendizagem comercial em servi\u00e7os administrativos, tamb\u00e9m aproveitou sem hesitar as oportunidades que surgiram durante sua experi\u00eancia como Jovem Aprendiz. Com seu per\u00edodo de participa\u00e7\u00e3o no programa, Elias se destacou na empresa e conseguiu a t\u00e3o sonhada efetiva\u00e7\u00e3o!<\/p>\n\n\n\n<div style=\"height:2px\" aria-hidden=\"true\" class=\"wp-block-spacer\"><\/div>\n\n\n\n<figure class=\"wp-block-pullquote\"><blockquote><p><strong><em>O Senac abre portas para jovens, como eu. Com seus cursos me tornou mais profissional e eu adquiri responsabilidade para o mercado de trabalho. Gra\u00e7as ao Senac com as aulas te\u00f3ricas, pude destacar minha pr\u00e1tica na loja em que trabalho. Eles gostaram do meu desempenho, e fui efetivado\u201d.<\/em><\/strong><\/p><\/blockquote><\/figure>\n\n\n\n<div style=\"height:8px\" aria-hidden=\"true\" class=\"wp-block-spacer\"><\/div>\n\n\n\n<p><strong>Impacto educacional 2024<\/strong><\/p>\n\n\n\n<p>A diretora regional do Senac, Fernanda Paula Barbosa, diz que este momento \u00e9 de celebra\u00e7\u00e3o da marca positiva que a educa\u00e7\u00e3o deixa na trajet\u00f3ria dos alunos que se formam pela institui\u00e7\u00e3o.<\/p>\n\n\n\n<div style=\"height:1px\" aria-hidden=\"true\" class=\"wp-block-spacer\"><\/div>\n\n\n\n<figure class=\"wp-block-pullquote\"><blockquote><p>Como diretora do Senac, \u00e9 com imensa alegria que celebro as realiza\u00e7\u00f5es de 2024. Neste ano, tivemos a honra de formar mais de 200 alunos apenas no segundo semestre, em cerim\u00f4nias marcantes que simbolizaram a conquista de sonhos e a transforma\u00e7\u00e3o de vidas. Esses momentos reafirmam o compromisso do Senac em oferecer uma educa\u00e7\u00e3o de qualidade e preparar profissionais para os desafios do mercado&#8221;, contou Fernanda.<\/p><\/blockquote><\/figure>\n\n\n\n<div style=\"height:4px\" aria-hidden=\"true\" class=\"wp-block-spacer\"><\/div>\n\n\n\n<p>Ao todo, em 2024, o Senac RR preparou mais de 6.000 alunos para os diversos segmentos do com\u00e9rcio, al\u00e9m de executar mais de 1.150.000 horas de educa\u00e7\u00e3o profissional, em variados n\u00edveis.<\/p>\n\n\n\n<div style=\"height:2px\" aria-hidden=\"true\" class=\"wp-block-spacer\"><\/div>\n\n\n\n<p>Confira as fotos oficiais das cerim\u00f4nias de formatura no <a href=\"https:\/\/www.facebook.com\/senac.roraima\/?locale=pt_BR\">Facebook do Senac RR<\/a>. <\/p>\n\n\n\n<div style=\"height:7px\" aria-hidden=\"true\" class=\"wp-block-spacer\"><\/div>\n\n\n\n<p>Por Liana Lima, analista t\u00e9c. de comunica\u00e7\u00e3o do Senac RR.<\/p>\n\n\n\n<div style=\"height:5px\" aria-hidden=\"true\" class=\"wp-block-spacer\"><\/div>\n\n\n\n<p><\/p>\n","protected":false},"excerpt":{"rendered":"<p>Encerrou nesta sexta-feira, 20, a temporada de formaturas Certificado em m\u00e3os e felicidade estampada no rosto. Assim, mais de 200 alunos do Servi\u00e7o Nacional de Aprendizagem Comercial (Senac-RR) celebraram a vit\u00f3ria de concluir uma etapa importante na vida profissional. Durante o m\u00eas de dezembro aconteceu&hellip; <a class=\"more-link\" href=\"https:\/\/www.rr.senac.br\/portalsenac\/final-de-ano-senac-mais-de-340-alunos-formados-pela-instituicao-no-segundo-semestre\/\">Continuar lendo <span class=\"screen-reader-text\">Final de ano #Senac: mais de 340 alunos formados pela institui\u00e7\u00e3o no segundo semestre<\/span><\/a><\/p>\n","protected":false},"author":7,"featured_media":8088,"comment_status":"closed","ping_status":"","sticky":false,"template":"","format":"standard","meta":{"_jetpack_memberships_contains_paid_content":false,"_joinchat":[],"footnotes":""},"categories":[12],"tags":[],"class_list":["post-8087","post","type-post","status-publish","format-standard","has-post-thumbnail","hentry","category-ultimas-noticias","entry"],"jetpack_featured_media_url":"https:\/\/i0.wp.com\/www.rr.senac.br\/portalsenac\/wp-content\/uploads\/2024\/12\/senac_rr_formatura-1.png?fit=2048%2C1365&ssl=1","jetpack_sharing_enabled":true,"_links":{"self":[{"href":"https:\/\/www.rr.senac.br\/portalsenac\/wp-json\/wp\/v2\/posts\/8087","targetHints":{"allow":["GET"]}}],"collection":[{"href":"https:\/\/www.rr.senac.br\/portalsenac\/wp-json\/wp\/v2\/posts"}],"about":[{"href":"https:\/\/www.rr.senac.br\/portalsenac\/wp-json\/wp\/v2\/types\/post"}],"author":[{"embeddable":true,"href":"https:\/\/www.rr.senac.br\/portalsenac\/wp-json\/wp\/v2\/users\/7"}],"replies":[{"embeddable":true,"href":"https:\/\/www.rr.senac.br\/portalsenac\/wp-json\/wp\/v2\/comments?post=8087"}],"version-history":[{"count":3,"href":"https:\/\/www.rr.senac.br\/portalsenac\/wp-json\/wp\/v2\/posts\/8087\/revisions"}],"predecessor-version":[{"id":8101,"href":"https:\/\/www.rr.senac.br\/portalsenac\/wp-json\/wp\/v2\/posts\/8087\/revisions\/8101"}],"wp:featuredmedia":[{"embeddable":true,"href":"https:\/\/www.rr.senac.br\/portalsenac\/wp-json\/wp\/v2\/media\/8088"}],"wp:attachment":[{"href":"https:\/\/www.rr.senac.br\/portalsenac\/wp-json\/wp\/v2\/media?parent=8087"}],"wp:term":[{"taxonomy":"category","embeddable":true,"href":"https:\/\/www.rr.senac.br\/portalsenac\/wp-json\/wp\/v2\/categories?post=8087"},{"taxonomy":"post_tag","embeddable":true,"href":"https:\/\/www.rr.senac.br\/portalsenac\/wp-json\/wp\/v2\/tags?post=8087"}],"curies":[{"name":"wp","href":"https:\/\/api.w.org\/{rel}","templated":true}]}}