{"id":8103,"date":"2025-01-06T16:22:03","date_gmt":"2025-01-06T20:22:03","guid":{"rendered":"https:\/\/www.rr.senac.br\/portalsenac\/?p=8103"},"modified":"2025-01-06T16:22:03","modified_gmt":"2025-01-06T20:22:03","slug":"campanha-de-cursos-promocionais-fazsenac-esta-no-ar","status":"publish","type":"post","link":"https:\/\/www.rr.senac.br\/portalsenac\/campanha-de-cursos-promocionais-fazsenac-esta-no-ar\/","title":{"rendered":"Campanha de cursos promocionais #FazSenac est\u00e1 no ar"},"content":{"rendered":"\n<figure class=\"wp-block-image size-large\"><img data-recalc-dims=\"1\" fetchpriority=\"high\" decoding=\"async\" width=\"750\" height=\"375\" src=\"https:\/\/i0.wp.com\/www.rr.senac.br\/portalsenac\/wp-content\/uploads\/2025\/01\/senac_cursos_promocionais.png?resize=750%2C375&#038;ssl=1\" alt=\"\" class=\"wp-image-8104\" srcset=\"https:\/\/i0.wp.com\/www.rr.senac.br\/portalsenac\/wp-content\/uploads\/2025\/01\/senac_cursos_promocionais.png?resize=1024%2C512&amp;ssl=1 1024w, https:\/\/i0.wp.com\/www.rr.senac.br\/portalsenac\/wp-content\/uploads\/2025\/01\/senac_cursos_promocionais.png?resize=300%2C150&amp;ssl=1 300w, https:\/\/i0.wp.com\/www.rr.senac.br\/portalsenac\/wp-content\/uploads\/2025\/01\/senac_cursos_promocionais.png?resize=768%2C384&amp;ssl=1 768w, https:\/\/i0.wp.com\/www.rr.senac.br\/portalsenac\/wp-content\/uploads\/2025\/01\/senac_cursos_promocionais.png?w=1500&amp;ssl=1 1500w\" sizes=\"(max-width: 750px) 100vw, 750px\" \/><\/figure>\n\n\n\n<p class=\"has-text-align-center\"><em>S\u00e3o mais de 20 cursos com matr\u00edculas abertas<\/em><\/p>\n\n\n\n<div style=\"height:5px\" aria-hidden=\"true\" class=\"wp-block-spacer\"><\/div>\n\n\n\n<p><strong>Que tal come\u00e7ar o ano com o p\u00e9 direito?<\/strong> O Servi\u00e7o Nacional de Aprendizagem Comercial (Senac RR) lan\u00e7ou uma programa\u00e7\u00e3o imperd\u00edvel de cursos promocionais, com valor acess\u00edvel. Por apenas <strong>R$100 <\/strong>o sonho de ser aluno do Senac pode se tornar realidade.<\/p>\n\n\n\n<div style=\"height:5px\" aria-hidden=\"true\" class=\"wp-block-spacer\"><\/div>\n\n\n\n<p>A campanha #FazSenac \u00e9 uma excelente porta de entrada para quem deseja conhecer a metodologia de educa\u00e7\u00e3o profissional da institui\u00e7\u00e3o, e come\u00e7ar o ano turbinando o curr\u00edculo, al\u00e9m de atualizar os conhecimentos e habilidades.<\/p>\n\n\n\n<div style=\"height:2px\" aria-hidden=\"true\" class=\"wp-block-spacer\"><\/div>\n\n\n\n<p>Com mais de 20 turmas abertas, a programa\u00e7\u00e3o de cursos promocionais contempla diversos segmentos de profissionaliza\u00e7\u00e3o, com cargas hor\u00e1rias de at\u00e9 20 horas. As aulas est\u00e3o previstas para come\u00e7ar em fevereiro.<\/p>\n\n\n\n<div style=\"height:6px\" aria-hidden=\"true\" class=\"wp-block-spacer\"><\/div>\n\n\n\n<p>O coordenador de cursos do Senac, Rodrigo Evangelista, destaca que a oferta dos t\u00edtulos promocionais, como Maquiagem Carnavalesca e Cria\u00e7\u00e3o de Adere\u00e7os de Carnaval, podem ser uma chance para fazer uma renda extra durante as festividades, e dar um <em>up<\/em> na carreira.<\/p>\n\n\n\n<div style=\"height:0px\" aria-hidden=\"true\" class=\"wp-block-spacer\"><\/div>\n\n\n\n<blockquote class=\"wp-block-quote is-layout-flow wp-block-quote-is-layout-flow\">\n<p>Os cursos da campanha #FazSenac ir\u00e3o dar o ponta p\u00e9 inicial no ano de 2025. S\u00e3o cursos das \u00e1reas de gest\u00e3o, com\u00e9rcio, sa\u00fade, gastronomia e muito mais. Com o carnaval chegando, esta tamb\u00e9m \u00e9 uma \u00f3tima oportunidade para fazer uma renda extra e usar a criatividade&#8221;. <\/p>\n<\/blockquote>\n\n\n\n<div style=\"height:1px\" aria-hidden=\"true\" class=\"wp-block-spacer\"><\/div>\n\n\n\n<p>Para se matricular \u00e9 muito f\u00e1cil! \u00c9 s\u00f3 acessar o <a href=\"https:\/\/cursos.rr.senac.br\/\">site do Senac<\/a> (<a href=\"https:\/\/cursos.rr.senac.br\/\">https:\/\/cursos.rr.senac.br\/<\/a>), e escolher o curso de prefer\u00eancia. \u00c9 importante lembrar de atentar-se aos requisitos de cada curso. As matr\u00edculas tamb\u00e9m acontecem de forma presencial nas unidades do Senac, na capital, e em S\u00e3o Luiz (RR).<\/p>\n\n\n\n<div style=\"height:2px\" aria-hidden=\"true\" class=\"wp-block-spacer\"><\/div>\n\n\n\n<p>Mais informa\u00e7\u00f5es podem ser consultadas no WhatsApp da Central de Atendimento: (95) 98420-9992, e nas redes sociais @senacrr.<\/p>\n\n\n\n<div style=\"height:3px\" aria-hidden=\"true\" class=\"wp-block-spacer\"><\/div>\n\n\n\n<p>Por Liana Lima &#8211; analista t\u00e9c. de comunica\u00e7\u00e3o do Senac RR<\/p>\n\n\n\n<div style=\"height:3px\" aria-hidden=\"true\" class=\"wp-block-spacer\"><\/div>\n\n\n\n<p><\/p>\n","protected":false},"excerpt":{"rendered":"<p>S\u00e3o mais de 20 cursos com matr\u00edculas abertas Que tal come\u00e7ar o ano com o p\u00e9 direito? O Servi\u00e7o Nacional de Aprendizagem Comercial (Senac RR) lan\u00e7ou uma programa\u00e7\u00e3o imperd\u00edvel de cursos promocionais, com valor acess\u00edvel. Por apenas R$100 o sonho de ser aluno do Senac&hellip; <a class=\"more-link\" href=\"https:\/\/www.rr.senac.br\/portalsenac\/campanha-de-cursos-promocionais-fazsenac-esta-no-ar\/\">Continuar lendo <span class=\"screen-reader-text\">Campanha de cursos promocionais #FazSenac est\u00e1 no ar<\/span><\/a><\/p>\n","protected":false},"author":7,"featured_media":8104,"comment_status":"closed","ping_status":"","sticky":false,"template":"","format":"standard","meta":{"_jetpack_memberships_contains_paid_content":false,"_joinchat":[],"footnotes":""},"categories":[12],"tags":[],"class_list":["post-8103","post","type-post","status-publish","format-standard","has-post-thumbnail","hentry","category-ultimas-noticias","entry"],"jetpack_featured_media_url":"https:\/\/i0.wp.com\/www.rr.senac.br\/portalsenac\/wp-content\/uploads\/2025\/01\/senac_cursos_promocionais.png?fit=1500%2C750&ssl=1","jetpack_sharing_enabled":true,"_links":{"self":[{"href":"https:\/\/www.rr.senac.br\/portalsenac\/wp-json\/wp\/v2\/posts\/8103","targetHints":{"allow":["GET"]}}],"collection":[{"href":"https:\/\/www.rr.senac.br\/portalsenac\/wp-json\/wp\/v2\/posts"}],"about":[{"href":"https:\/\/www.rr.senac.br\/portalsenac\/wp-json\/wp\/v2\/types\/post"}],"author":[{"embeddable":true,"href":"https:\/\/www.rr.senac.br\/portalsenac\/wp-json\/wp\/v2\/users\/7"}],"replies":[{"embeddable":true,"href":"https:\/\/www.rr.senac.br\/portalsenac\/wp-json\/wp\/v2\/comments?post=8103"}],"version-history":[{"count":1,"href":"https:\/\/www.rr.senac.br\/portalsenac\/wp-json\/wp\/v2\/posts\/8103\/revisions"}],"predecessor-version":[{"id":8105,"href":"https:\/\/www.rr.senac.br\/portalsenac\/wp-json\/wp\/v2\/posts\/8103\/revisions\/8105"}],"wp:featuredmedia":[{"embeddable":true,"href":"https:\/\/www.rr.senac.br\/portalsenac\/wp-json\/wp\/v2\/media\/8104"}],"wp:attachment":[{"href":"https:\/\/www.rr.senac.br\/portalsenac\/wp-json\/wp\/v2\/media?parent=8103"}],"wp:term":[{"taxonomy":"category","embeddable":true,"href":"https:\/\/www.rr.senac.br\/portalsenac\/wp-json\/wp\/v2\/categories?post=8103"},{"taxonomy":"post_tag","embeddable":true,"href":"https:\/\/www.rr.senac.br\/portalsenac\/wp-json\/wp\/v2\/tags?post=8103"}],"curies":[{"name":"wp","href":"https:\/\/api.w.org\/{rel}","templated":true}]}}