{"id":8162,"date":"2025-01-21T14:51:33","date_gmt":"2025-01-21T18:51:33","guid":{"rendered":"https:\/\/www.rr.senac.br\/portalsenac\/?p=8162"},"modified":"2025-01-21T14:51:33","modified_gmt":"2025-01-21T18:51:33","slug":"primeiro-psg-do-ano-senac-oferta-mais-de-470-vagas-em-cursos-gratuitos","status":"publish","type":"post","link":"https:\/\/www.rr.senac.br\/portalsenac\/primeiro-psg-do-ano-senac-oferta-mais-de-470-vagas-em-cursos-gratuitos\/","title":{"rendered":"Primeiro PSG do ano: Senac oferta mais de 470 vagas em cursos gratuitos"},"content":{"rendered":"\n<figure class=\"wp-block-image size-large\"><img data-recalc-dims=\"1\" fetchpriority=\"high\" decoding=\"async\" width=\"750\" height=\"500\" src=\"https:\/\/i0.wp.com\/www.rr.senac.br\/portalsenac\/wp-content\/uploads\/2025\/01\/senac_rr_cursos_gratis.jpeg?resize=750%2C500&#038;ssl=1\" alt=\"\" class=\"wp-image-8163\" srcset=\"https:\/\/i0.wp.com\/www.rr.senac.br\/portalsenac\/wp-content\/uploads\/2025\/01\/senac_rr_cursos_gratis.jpeg?resize=1024%2C682&amp;ssl=1 1024w, https:\/\/i0.wp.com\/www.rr.senac.br\/portalsenac\/wp-content\/uploads\/2025\/01\/senac_rr_cursos_gratis.jpeg?resize=300%2C200&amp;ssl=1 300w, https:\/\/i0.wp.com\/www.rr.senac.br\/portalsenac\/wp-content\/uploads\/2025\/01\/senac_rr_cursos_gratis.jpeg?resize=768%2C512&amp;ssl=1 768w, https:\/\/i0.wp.com\/www.rr.senac.br\/portalsenac\/wp-content\/uploads\/2025\/01\/senac_rr_cursos_gratis.jpeg?resize=1536%2C1023&amp;ssl=1 1536w, https:\/\/i0.wp.com\/www.rr.senac.br\/portalsenac\/wp-content\/uploads\/2025\/01\/senac_rr_cursos_gratis.jpeg?resize=1568%2C1045&amp;ssl=1 1568w, https:\/\/i0.wp.com\/www.rr.senac.br\/portalsenac\/wp-content\/uploads\/2025\/01\/senac_rr_cursos_gratis.jpeg?w=1600&amp;ssl=1 1600w\" sizes=\"(max-width: 750px) 100vw, 750px\" \/><\/figure>\n\n\n\n<p>Est\u00e1 oficialmente aberta a temporada 2025 do Programa Senac de Gratuidade (PSG)! <\/p>\n\n\n\n<div style=\"height:0px\" aria-hidden=\"true\" class=\"wp-block-spacer\"><\/div>\n\n\n\n<p>Com o lan\u00e7amento do 1\u00ba edital de cursos gratuitos do ano, o Servi\u00e7o Nacional de Aprendizagem Comercial contempla a capital, Boa Vista (RR), com mais de 470 vagas em cursos totalmente gr\u00e1tis. O per\u00edodo de inscri\u00e7\u00f5es se inicia neste dia 22 (quarta-feira), no <em>site<\/em> da institui\u00e7\u00e3o. \u00a0<\/p>\n\n\n\n<div style=\"height:0px\" aria-hidden=\"true\" class=\"wp-block-spacer\"><\/div>\n\n\n\n<p>O PSG \u00e9 destinado a candidatos com renda familiar <em>per capita <\/em>de at\u00e9 dois sal\u00e1rios m\u00ednimos federais, alunos e egressos do ensino p\u00fablico, e trabalhadores desempregados ou empregados. Al\u00e9m dos crit\u00e9rios obrigat\u00f3rios para participa\u00e7\u00e3o no Programa, para realizar a matr\u00edcula \u00e9 necess\u00e1rio que o aluno cumpra os requisitos espec\u00edficos relacionados a cada curso, conforme descrito em <a href=\"https:\/\/app.rr.senac.br\/send3\/site\/psg\/curso_selecao\/8690085\">edital<\/a>.<\/p>\n\n\n\n<div style=\"height:3px\" aria-hidden=\"true\" class=\"wp-block-spacer\"><\/div>\n\n\n\n<p>As vagas oferecidas est\u00e3o distribu\u00eddas entre diversos segmentos do conhecimento tais como gest\u00e3o, tecnologia, comunica\u00e7\u00e3o, beleza, sa\u00fade, educa\u00e7\u00e3o, entre outros, em diferentes n\u00edveis de ensino, inclusive t\u00e9cnico, e certifica\u00e7\u00f5es que v\u00e3o de 20 at\u00e9 1000 horas de carga hor\u00e1ria.<\/p>\n\n\n\n<div style=\"height:0px\" aria-hidden=\"true\" class=\"wp-block-spacer\"><\/div>\n\n\n\n<p><strong>\u201c<em>O Senac Roraima vem inovando no lan\u00e7amento de cursos de qualifica\u00e7\u00e3o entregando para a popula\u00e7\u00e3o de Roraima o que n\u00f3s temos de melhor no que diz respeito \u00e0 capacita\u00e7\u00e3o profissional. Essa \u00e9 uma grande oportunidade para que voc\u00ea possa iniciar o ano de 2025 cheio de realiza\u00e7\u00f5es atrav\u00e9s do Senac\u201d<\/em><\/strong>, declarou o Gerente de Educa\u00e7\u00e3o Profissional, C\u00e9lio Melo.<\/p>\n\n\n\n<div style=\"height:2px\" aria-hidden=\"true\" class=\"wp-block-spacer\"><\/div>\n\n\n\n<p>S\u00e3o mais de 20 t\u00edtulos de cursos com vagas abertas. As aulas t\u00eam previs\u00e3o para in\u00edcio no m\u00eas de fevereiro, e acontecer\u00e3o nas unidades do Senac em Boa Vista, localizadas nos bairros S\u00e3o Francisco e Asa Branca.<\/p>\n\n\n\n<div style=\"height:2px\" aria-hidden=\"true\" class=\"wp-block-spacer\"><\/div>\n\n\n\n<p>Os requisitos, vagas e cursos completos podem ser conferidos no <em>site<\/em>, por meio do edital. Para mais informa\u00e7\u00f5es, em caso de d\u00favidas, os interessados devem procurar as Centrais de Atendimento nas unidades do Senac na capital, atrav\u00e9s dos telefones (95) 3623-1431, (95) 3626-8434, ou WhatsApp (95) 98420-9992. Acompanhe tamb\u00e9m pelas redes sociais <a href=\"https:\/\/www.instagram.com\/senacrr?igsh=c3g2Mm5tMnB2ZWF6\">@senacrr<\/a>.<\/p>\n\n\n\n<div style=\"height:1px\" aria-hidden=\"true\" class=\"wp-block-spacer\"><\/div>\n\n\n\n<details class=\"wp-block-details is-layout-flow wp-block-details-is-layout-flow\"><summary><strong>Confira os t\u00edtulos ofertados para a capital<\/strong><\/summary>\n<p>Assistente de Secretaria Escolar \u2013 20 vagas \u2013 unidade Senac S\u00e3o Francisco<\/p>\n\n\n\n<p>Programador Web \u2013 22 vagas \u2013 unidade Senac S\u00e3o Francisco<\/p>\n\n\n\n<p>Lei Geral de Prote\u00e7\u00e3o de Dados Pessoais (LGPD) \u2013 22 vagas \u2013 unidade Senac S\u00e3o Francisco<\/p>\n\n\n\n<p>Administra\u00e7\u00e3o Financeira \u2013 20 vagas \u2013 unidade Senac S\u00e3o Francisco<\/p>\n\n\n\n<p>Operador de Editora\u00e7\u00e3o Eletr\u00f4nica \u2013 22 vagas \u2013 unidade Senac S\u00e3o Francisco<\/p>\n\n\n\n<p>T\u00e9cnico em Administra\u00e7\u00e3o \u2013 20 vagas \u2013 unidade Senac S\u00e3o Francisco<\/p>\n\n\n\n<p>T\u00e9cnico em Eventos \u2013 20 vagas \u2013 unidade Senac S\u00e3o Francisco<\/p>\n\n\n\n<p>Agente de Informa\u00e7\u00f5es Tur\u00edsticas \u2013 20 vagas \u2013 unidade Senac S\u00e3o Francisco<\/p>\n\n\n\n<p>Qualidade no Atendimento em Servi\u00e7os de Alimentos e Bebidas \u2013 15 vagas \u2013 unidade Senac S\u00e3o Francisco<\/p>\n\n\n\n<p>Alimentos l\u00e1cteos e f\u00f3rmulas: atua\u00e7\u00e3o em lact\u00e1rio \u2013 20 vagas \u2013 unidade Senac S\u00e3o Francisco<\/p>\n\n\n\n<p>Salgadeiro \u2013 16 vagas \u2013 unidade Senac S\u00e3o Francisco<\/p>\n\n\n\n<p>L\u00edngua Brasileira de Sinais &#8211; Libras B\u00e1sico \u2013 15 vagas \u2013 Senac Idiomas<\/p>\n\n\n\n<p>Libras Intermedi\u00e1rio \u2013 15 vagas \u2013 Senac Idiomas<\/p>\n\n\n\n<p>Atendente de Farm\u00e1cia \u2013 20 vagas \u2013 unidade Senac S\u00e3o Francisco<\/p>\n\n\n\n<p>Copeiro Hospitalar \u2013 20 vagas \u2013 unidade Senac S\u00e3o Francisco<\/p>\n\n\n\n<p>Massagista \u2013 20 vagas \u2013 unidade Senac S\u00e3o Francisco<\/p>\n\n\n\n<p>Auxiliar em sa\u00fade bucal \u2013 20 vagas \u2013 unidade Senac S\u00e3o Francisco<\/p>\n\n\n\n<p>Assistente de contabilidade \u2013 30 vagas \u2013 unidade Senac Asa Branca<\/p>\n\n\n\n<p>Assistente Administrativo \u2013 30 vagas \u2013 unidade Senac Asa Branca<\/p>\n\n\n\n<p>Recepcionista \u2013 30 vagas \u2013 unidade Senac Asa Branca<\/p>\n\n\n\n<p>T\u00e9cnico em Recursos Humanos \u2013 30 vagas \u2013 unidade Senac Asa Branca<\/p>\n\n\n\n<p>Auxiliar de Padeiro \u2013 16 vagas \u2013 unidade Senac Asa Branca<\/p>\n\n\n\n<p>Pizzaiolo \u2013 16 vagas \u2013 unidade Senac Asa Branca<\/p>\n<\/details>\n\n\n\n<div style=\"height:0px\" aria-hidden=\"true\" class=\"wp-block-spacer\"><\/div>\n\n\n\n<p>Por Liana Lima, analista t\u00e9c. de comunica\u00e7\u00e3o do Senac<\/p>\n","protected":false},"excerpt":{"rendered":"<p>Est\u00e1 oficialmente aberta a temporada 2025 do Programa Senac de Gratuidade (PSG)! Com o lan\u00e7amento do 1\u00ba edital de cursos gratuitos do ano, o Servi\u00e7o Nacional de Aprendizagem Comercial contempla a capital, Boa Vista (RR), com mais de 470 vagas em cursos totalmente gr\u00e1tis. O&hellip; <a class=\"more-link\" href=\"https:\/\/www.rr.senac.br\/portalsenac\/primeiro-psg-do-ano-senac-oferta-mais-de-470-vagas-em-cursos-gratuitos\/\">Continuar lendo <span class=\"screen-reader-text\">Primeiro PSG do ano: Senac oferta mais de 470 vagas em cursos gratuitos<\/span><\/a><\/p>\n","protected":false},"author":7,"featured_media":8163,"comment_status":"closed","ping_status":"","sticky":false,"template":"","format":"standard","meta":{"_jetpack_memberships_contains_paid_content":false,"_joinchat":[],"footnotes":""},"categories":[12],"tags":[],"class_list":["post-8162","post","type-post","status-publish","format-standard","has-post-thumbnail","hentry","category-ultimas-noticias","entry"],"jetpack_featured_media_url":"https:\/\/i0.wp.com\/www.rr.senac.br\/portalsenac\/wp-content\/uploads\/2025\/01\/senac_rr_cursos_gratis.jpeg?fit=1600%2C1066&ssl=1","jetpack_sharing_enabled":true,"_links":{"self":[{"href":"https:\/\/www.rr.senac.br\/portalsenac\/wp-json\/wp\/v2\/posts\/8162","targetHints":{"allow":["GET"]}}],"collection":[{"href":"https:\/\/www.rr.senac.br\/portalsenac\/wp-json\/wp\/v2\/posts"}],"about":[{"href":"https:\/\/www.rr.senac.br\/portalsenac\/wp-json\/wp\/v2\/types\/post"}],"author":[{"embeddable":true,"href":"https:\/\/www.rr.senac.br\/portalsenac\/wp-json\/wp\/v2\/users\/7"}],"replies":[{"embeddable":true,"href":"https:\/\/www.rr.senac.br\/portalsenac\/wp-json\/wp\/v2\/comments?post=8162"}],"version-history":[{"count":1,"href":"https:\/\/www.rr.senac.br\/portalsenac\/wp-json\/wp\/v2\/posts\/8162\/revisions"}],"predecessor-version":[{"id":8164,"href":"https:\/\/www.rr.senac.br\/portalsenac\/wp-json\/wp\/v2\/posts\/8162\/revisions\/8164"}],"wp:featuredmedia":[{"embeddable":true,"href":"https:\/\/www.rr.senac.br\/portalsenac\/wp-json\/wp\/v2\/media\/8163"}],"wp:attachment":[{"href":"https:\/\/www.rr.senac.br\/portalsenac\/wp-json\/wp\/v2\/media?parent=8162"}],"wp:term":[{"taxonomy":"category","embeddable":true,"href":"https:\/\/www.rr.senac.br\/portalsenac\/wp-json\/wp\/v2\/categories?post=8162"},{"taxonomy":"post_tag","embeddable":true,"href":"https:\/\/www.rr.senac.br\/portalsenac\/wp-json\/wp\/v2\/tags?post=8162"}],"curies":[{"name":"wp","href":"https:\/\/api.w.org\/{rel}","templated":true}]}}