{"id":8192,"date":"2025-02-18T11:59:14","date_gmt":"2025-02-18T15:59:14","guid":{"rendered":"https:\/\/www.rr.senac.br\/portalsenac\/?p=8192"},"modified":"2025-02-18T11:59:14","modified_gmt":"2025-02-18T15:59:14","slug":"alunos-do-senac-roraima-voltam-as-aulas-nas-unidades-da-instituicao","status":"publish","type":"post","link":"https:\/\/www.rr.senac.br\/portalsenac\/alunos-do-senac-roraima-voltam-as-aulas-nas-unidades-da-instituicao\/","title":{"rendered":"Alunos do Senac Roraima voltam \u00e0s aulas nas unidades da institui\u00e7\u00e3o"},"content":{"rendered":"\n<figure class=\"wp-block-image size-large\"><img data-recalc-dims=\"1\" fetchpriority=\"high\" decoding=\"async\" width=\"750\" height=\"500\" src=\"https:\/\/i0.wp.com\/www.rr.senac.br\/portalsenac\/wp-content\/uploads\/2025\/02\/volta_as_aulas_senac_rr-2.jpeg?resize=750%2C500&#038;ssl=1\" alt=\"\" class=\"wp-image-8194\" srcset=\"https:\/\/i0.wp.com\/www.rr.senac.br\/portalsenac\/wp-content\/uploads\/2025\/02\/volta_as_aulas_senac_rr-2.jpeg?resize=1024%2C682&amp;ssl=1 1024w, https:\/\/i0.wp.com\/www.rr.senac.br\/portalsenac\/wp-content\/uploads\/2025\/02\/volta_as_aulas_senac_rr-2.jpeg?resize=300%2C200&amp;ssl=1 300w, https:\/\/i0.wp.com\/www.rr.senac.br\/portalsenac\/wp-content\/uploads\/2025\/02\/volta_as_aulas_senac_rr-2.jpeg?resize=768%2C512&amp;ssl=1 768w, https:\/\/i0.wp.com\/www.rr.senac.br\/portalsenac\/wp-content\/uploads\/2025\/02\/volta_as_aulas_senac_rr-2.jpeg?resize=1536%2C1023&amp;ssl=1 1536w, https:\/\/i0.wp.com\/www.rr.senac.br\/portalsenac\/wp-content\/uploads\/2025\/02\/volta_as_aulas_senac_rr-2.jpeg?resize=1568%2C1045&amp;ssl=1 1568w, https:\/\/i0.wp.com\/www.rr.senac.br\/portalsenac\/wp-content\/uploads\/2025\/02\/volta_as_aulas_senac_rr-2.jpeg?w=1600&amp;ssl=1 1600w\" sizes=\"(max-width: 750px) 100vw, 750px\" \/><\/figure>\n\n\n\n<p class=\"has-text-align-center\"><em>Aula-show marcou o retorno do per\u00edodo letivo<\/em><\/p>\n\n\n\n<div style=\"height:0px\" aria-hidden=\"true\" class=\"wp-block-spacer\"><\/div>\n\n\n\n<p>Neste m\u00eas de fevereiro, o Servi\u00e7o Nacional de Aprendizagem Comercial (Senac\/RR) mata as saudades dos alunos que alegram as salas de aulas e engrandecem a miss\u00e3o da institui\u00e7\u00e3o. Desde o dia 03, segunda-feira, as unidades do Senac\/RR na capital e interiores do estado, retomaram as atividades letivas. \u00a0<\/p>\n\n\n\n<div style=\"height:0px\" aria-hidden=\"true\" class=\"wp-block-spacer\"><\/div>\n\n\n\n<p><strong>Aula-show \u201cA m\u00e1gica do Amanh\u00e3\u201d<\/strong><\/p>\n\n\n\n<p>Na sexta-feira, 07, o Senac recepcionou seus alunos com uma aula-show inaugural. A programa\u00e7\u00e3o, que se estendeu durante todo o dia, foi intitulada <strong>\u201cA m\u00e1gica do amanh\u00e3: o futuro chegou\u201d.<\/strong><\/p>\n\n\n\n<div style=\"height:0px\" aria-hidden=\"true\" class=\"wp-block-spacer\"><\/div>\n\n\n\n<p>As palestras &#8220;O papel do usu\u00e1rio na seguran\u00e7a de <em>endpoints&#8221;, <\/em>conduzida pelo instrutor do Senac\/RR, Fernando Serr\u00e3o; e &#8220;Como se adaptar e crescer na era digital&#8221;, ministrada por Eduardo Riva, tamb\u00e9m docente do Senac\/RR, destacaram os temas que est\u00e3o pautando a revolu\u00e7\u00e3o digital das profiss\u00f5es e educa\u00e7\u00e3o para o trabalho.<\/p>\n\n\n\n<figure class=\"wp-block-embed is-type-video is-provider-youtube wp-block-embed-youtube wp-embed-aspect-16-9 wp-has-aspect-ratio\"><div class=\"wp-block-embed__wrapper\">\n<iframe title=\"Senac Acontece #23 -  &quot;A M\u00e1gica do Amanh\u00e3&quot;\" width=\"750\" height=\"422\" src=\"https:\/\/www.youtube.com\/embed\/ebrN_PKAHa8?feature=oembed\" frameborder=\"0\" allow=\"accelerometer; autoplay; clipboard-write; encrypted-media; gyroscope; picture-in-picture; web-share\" referrerpolicy=\"strict-origin-when-cross-origin\" allowfullscreen><\/iframe>\n<\/div><figcaption class=\"wp-element-caption\">Veja os bastidores da aula-show no Senac Acontece<\/figcaption><\/figure>\n\n\n\n<p>Alunos, docentes e colaboradores da institui\u00e7\u00e3o apreciaram uma palestra inusitada e cheia de surpresas, conduzida por Jardel Beck. Dono de um curr\u00edculo extenso na \u00e1rea da administra\u00e7\u00e3o, marketing e neolingu\u00edstica, o palestrante tamb\u00e9m \u00e9 m\u00e1gico. Com truques surpreendentes, Jardel compartilhou mensagens de desenvolvimento pessoal para um ano letivo de muitas reflex\u00f5es e conquistas.<\/p>\n\n\n\n<div style=\"height:4px\" aria-hidden=\"true\" class=\"wp-block-spacer\"><\/div>\n\n\n\n<div class=\"wp-block-jetpack-slideshow aligncenter\" data-effect=\"slide\"><div class=\"wp-block-jetpack-slideshow_container swiper-container\"><ul class=\"wp-block-jetpack-slideshow_swiper-wrapper swiper-wrapper\"><li class=\"wp-block-jetpack-slideshow_slide swiper-slide\"><figure><img data-recalc-dims=\"1\" decoding=\"async\" width=\"750\" height=\"500\" alt=\"\" class=\"wp-block-jetpack-slideshow_image wp-image-8198\" data-id=\"8198\" src=\"https:\/\/i0.wp.com\/www.rr.senac.br\/portalsenac\/wp-content\/uploads\/2025\/02\/aula-show_magica_senac_rr-1.png?resize=750%2C500&#038;ssl=1\" srcset=\"https:\/\/i0.wp.com\/www.rr.senac.br\/portalsenac\/wp-content\/uploads\/2025\/02\/aula-show_magica_senac_rr-1.png?w=1024&amp;ssl=1 1024w, https:\/\/i0.wp.com\/www.rr.senac.br\/portalsenac\/wp-content\/uploads\/2025\/02\/aula-show_magica_senac_rr-1.png?resize=300%2C200&amp;ssl=1 300w, https:\/\/i0.wp.com\/www.rr.senac.br\/portalsenac\/wp-content\/uploads\/2025\/02\/aula-show_magica_senac_rr-1.png?resize=768%2C512&amp;ssl=1 768w\" sizes=\"(max-width: 750px) 100vw, 750px\" \/><\/figure><\/li><li class=\"wp-block-jetpack-slideshow_slide swiper-slide\"><figure><img data-recalc-dims=\"1\" decoding=\"async\" width=\"750\" height=\"500\" alt=\"\" class=\"wp-block-jetpack-slideshow_image wp-image-8193\" data-id=\"8193\" src=\"https:\/\/i0.wp.com\/www.rr.senac.br\/portalsenac\/wp-content\/uploads\/2025\/02\/volta_as_aulas_senac_rr.jpeg?resize=750%2C500&#038;ssl=1\" srcset=\"https:\/\/i0.wp.com\/www.rr.senac.br\/portalsenac\/wp-content\/uploads\/2025\/02\/volta_as_aulas_senac_rr.jpeg?resize=1024%2C682&amp;ssl=1 1024w, https:\/\/i0.wp.com\/www.rr.senac.br\/portalsenac\/wp-content\/uploads\/2025\/02\/volta_as_aulas_senac_rr.jpeg?resize=300%2C200&amp;ssl=1 300w, https:\/\/i0.wp.com\/www.rr.senac.br\/portalsenac\/wp-content\/uploads\/2025\/02\/volta_as_aulas_senac_rr.jpeg?resize=768%2C512&amp;ssl=1 768w, https:\/\/i0.wp.com\/www.rr.senac.br\/portalsenac\/wp-content\/uploads\/2025\/02\/volta_as_aulas_senac_rr.jpeg?resize=1536%2C1023&amp;ssl=1 1536w, https:\/\/i0.wp.com\/www.rr.senac.br\/portalsenac\/wp-content\/uploads\/2025\/02\/volta_as_aulas_senac_rr.jpeg?resize=1568%2C1045&amp;ssl=1 1568w, https:\/\/i0.wp.com\/www.rr.senac.br\/portalsenac\/wp-content\/uploads\/2025\/02\/volta_as_aulas_senac_rr.jpeg?w=1600&amp;ssl=1 1600w\" sizes=\"(max-width: 750px) 100vw, 750px\" \/><\/figure><\/li><\/ul><a class=\"wp-block-jetpack-slideshow_button-prev swiper-button-prev swiper-button-white\" role=\"button\"><\/a><a class=\"wp-block-jetpack-slideshow_button-next swiper-button-next swiper-button-white\" role=\"button\"><\/a><a aria-label=\"Pause Slideshow\" class=\"wp-block-jetpack-slideshow_button-pause\" role=\"button\"><\/a><div class=\"wp-block-jetpack-slideshow_pagination swiper-pagination swiper-pagination-white\"><\/div><\/div><\/div>\n\n\n\n<div style=\"height:5px\" aria-hidden=\"true\" class=\"wp-block-spacer\"><\/div>\n\n\n\n<p><strong><em>\u201cMe senti inspirada (pela palestra), principalmente pelos temas de lideran\u00e7a, que \u00e9 algo que j\u00e1 me interessa. Achei sensacional! \u201d<\/em><\/strong>, disse a aluna Sarah Rezende, 19, do curso T\u00e9cnico em Administra\u00e7\u00e3o. Na exposi\u00e7\u00e3o de servi\u00e7os do Senac, ela se encantou pelas inova\u00e7\u00f5es apresentadas, e j\u00e1 se mostra ansiosa para os cursos na \u00e1rea da tecnologia em 2025.<\/p>\n\n\n\n<div style=\"height:1px\" aria-hidden=\"true\" class=\"wp-block-spacer\"><\/div>\n\n\n\n<p>Ao todo, 449 alunos do Senac\/RR participaram da aula-show <strong>\u201cA m\u00e1gica do amanh\u00e3: o futuro chegou\u201d<\/strong>. Confira as fotos oficiais do evento no <a href=\"https:\/\/www.facebook.com\/share\/p\/14phMcmguR\/\">Facebook<\/a>.<\/p>\n\n\n\n<div style=\"height:4px\" aria-hidden=\"true\" class=\"wp-block-spacer\"><\/div>\n\n\n\n<p><strong>Volta \u00e0s aulas<\/strong><\/p>\n\n\n\n<p>Lirian Mota, \u00e9 aposentada, e em busca de dar um upgrade em seu guarda-roupa, n\u00e3o perdeu tempo para se inscrever no curso Customiza\u00e7\u00e3o de Roupas e Acess\u00f3rios, parte da campanha #FazSenac, no segmento de moda. O curso iniciou no dia 10, segunda-feira.<\/p>\n\n\n\n<div style=\"height:2px\" aria-hidden=\"true\" class=\"wp-block-spacer\"><\/div>\n\n\n\n<figure class=\"wp-block-image size-full\"><img data-recalc-dims=\"1\" loading=\"lazy\" decoding=\"async\" width=\"750\" height=\"500\" src=\"https:\/\/i0.wp.com\/www.rr.senac.br\/portalsenac\/wp-content\/uploads\/2025\/02\/volta_as_aulas_senac_rr.png?resize=750%2C500&#038;ssl=1\" alt=\"\" class=\"wp-image-8196\" srcset=\"https:\/\/i0.wp.com\/www.rr.senac.br\/portalsenac\/wp-content\/uploads\/2025\/02\/volta_as_aulas_senac_rr.png?w=1024&amp;ssl=1 1024w, https:\/\/i0.wp.com\/www.rr.senac.br\/portalsenac\/wp-content\/uploads\/2025\/02\/volta_as_aulas_senac_rr.png?resize=300%2C200&amp;ssl=1 300w, https:\/\/i0.wp.com\/www.rr.senac.br\/portalsenac\/wp-content\/uploads\/2025\/02\/volta_as_aulas_senac_rr.png?resize=768%2C512&amp;ssl=1 768w\" sizes=\"(max-width: 750px) 100vw, 750px\" \/><\/figure>\n\n\n\n<div style=\"height:2px\" aria-hidden=\"true\" class=\"wp-block-spacer\"><\/div>\n\n\n\n<p><strong><em>\u201cCome\u00e7ar pela costura e customiza\u00e7\u00e3o \u00e9 interessante para o meu dia a dia, e eu vim para preencher o meu tempo. Quero customizar as minhas roupas e reformar o meu guarda roupa a partir de pequenos detalhes\u201d<\/em><\/strong>, relatou a aluna.<\/p>\n\n\n\n<div style=\"height:2px\" aria-hidden=\"true\" class=\"wp-block-spacer\"><\/div>\n\n\n\n<figure class=\"wp-block-image size-large\"><img data-recalc-dims=\"1\" loading=\"lazy\" decoding=\"async\" width=\"750\" height=\"500\" src=\"https:\/\/i0.wp.com\/www.rr.senac.br\/portalsenac\/wp-content\/uploads\/2025\/02\/volta_as_aulas_senac_rr-1.png?resize=750%2C500&#038;ssl=1\" alt=\"\" class=\"wp-image-8199\" srcset=\"https:\/\/i0.wp.com\/www.rr.senac.br\/portalsenac\/wp-content\/uploads\/2025\/02\/volta_as_aulas_senac_rr-1.png?resize=1024%2C683&amp;ssl=1 1024w, https:\/\/i0.wp.com\/www.rr.senac.br\/portalsenac\/wp-content\/uploads\/2025\/02\/volta_as_aulas_senac_rr-1.png?resize=300%2C200&amp;ssl=1 300w, https:\/\/i0.wp.com\/www.rr.senac.br\/portalsenac\/wp-content\/uploads\/2025\/02\/volta_as_aulas_senac_rr-1.png?resize=768%2C512&amp;ssl=1 768w, https:\/\/i0.wp.com\/www.rr.senac.br\/portalsenac\/wp-content\/uploads\/2025\/02\/volta_as_aulas_senac_rr-1.png?resize=1536%2C1024&amp;ssl=1 1536w, https:\/\/i0.wp.com\/www.rr.senac.br\/portalsenac\/wp-content\/uploads\/2025\/02\/volta_as_aulas_senac_rr-1.png?resize=1568%2C1045&amp;ssl=1 1568w, https:\/\/i0.wp.com\/www.rr.senac.br\/portalsenac\/wp-content\/uploads\/2025\/02\/volta_as_aulas_senac_rr-1.png?w=2048&amp;ssl=1 2048w\" sizes=\"(max-width: 750px) 100vw, 750px\" \/><\/figure>\n\n\n\n<div style=\"height:2px\" aria-hidden=\"true\" class=\"wp-block-spacer\"><\/div>\n\n\n\n<p>Segundo a Ger\u00eancia de Educa\u00e7\u00e3o Profissional do Senac\/RR, mais de 2.600 alunos foram recepcionados nas unidades nesta volta \u00e0s aulas; o n\u00famero abrange cursos de diversos n\u00edveis e modalidades, como Programa Senac de Gratuidade (PSG), #FazSenac, programa\u00e7\u00e3o de cursos promocionais, al\u00e9m de turmas da aprendizagem comercial.<\/p>\n\n\n\n<div style=\"height:2px\" aria-hidden=\"true\" class=\"wp-block-spacer\"><\/div>\n\n\n\n<p>Por Liana Lima, analista t\u00e9c. de comunica\u00e7\u00e3o do Senac\/RR. <\/p>\n\n\n\n<div style=\"height:2px\" aria-hidden=\"true\" class=\"wp-block-spacer\"><\/div>\n\n\n\n<p><\/p>\n","protected":false},"excerpt":{"rendered":"<p>Aula-show marcou o retorno do per\u00edodo letivo Neste m\u00eas de fevereiro, o Servi\u00e7o Nacional de Aprendizagem Comercial (Senac\/RR) mata as saudades dos alunos que alegram as salas de aulas e engrandecem a miss\u00e3o da institui\u00e7\u00e3o. Desde o dia 03, segunda-feira, as unidades do Senac\/RR na&hellip; <a class=\"more-link\" href=\"https:\/\/www.rr.senac.br\/portalsenac\/alunos-do-senac-roraima-voltam-as-aulas-nas-unidades-da-instituicao\/\">Continuar lendo <span class=\"screen-reader-text\">Alunos do Senac Roraima voltam \u00e0s aulas nas unidades da institui\u00e7\u00e3o<\/span><\/a><\/p>\n","protected":false},"author":7,"featured_media":8194,"comment_status":"closed","ping_status":"","sticky":false,"template":"","format":"standard","meta":{"_jetpack_memberships_contains_paid_content":false,"_joinchat":[],"footnotes":""},"categories":[12],"tags":[],"class_list":["post-8192","post","type-post","status-publish","format-standard","has-post-thumbnail","hentry","category-ultimas-noticias","entry"],"jetpack_featured_media_url":"https:\/\/i0.wp.com\/www.rr.senac.br\/portalsenac\/wp-content\/uploads\/2025\/02\/volta_as_aulas_senac_rr-2.jpeg?fit=1600%2C1066&ssl=1","jetpack_sharing_enabled":true,"_links":{"self":[{"href":"https:\/\/www.rr.senac.br\/portalsenac\/wp-json\/wp\/v2\/posts\/8192","targetHints":{"allow":["GET"]}}],"collection":[{"href":"https:\/\/www.rr.senac.br\/portalsenac\/wp-json\/wp\/v2\/posts"}],"about":[{"href":"https:\/\/www.rr.senac.br\/portalsenac\/wp-json\/wp\/v2\/types\/post"}],"author":[{"embeddable":true,"href":"https:\/\/www.rr.senac.br\/portalsenac\/wp-json\/wp\/v2\/users\/7"}],"replies":[{"embeddable":true,"href":"https:\/\/www.rr.senac.br\/portalsenac\/wp-json\/wp\/v2\/comments?post=8192"}],"version-history":[{"count":1,"href":"https:\/\/www.rr.senac.br\/portalsenac\/wp-json\/wp\/v2\/posts\/8192\/revisions"}],"predecessor-version":[{"id":8200,"href":"https:\/\/www.rr.senac.br\/portalsenac\/wp-json\/wp\/v2\/posts\/8192\/revisions\/8200"}],"wp:featuredmedia":[{"embeddable":true,"href":"https:\/\/www.rr.senac.br\/portalsenac\/wp-json\/wp\/v2\/media\/8194"}],"wp:attachment":[{"href":"https:\/\/www.rr.senac.br\/portalsenac\/wp-json\/wp\/v2\/media?parent=8192"}],"wp:term":[{"taxonomy":"category","embeddable":true,"href":"https:\/\/www.rr.senac.br\/portalsenac\/wp-json\/wp\/v2\/categories?post=8192"},{"taxonomy":"post_tag","embeddable":true,"href":"https:\/\/www.rr.senac.br\/portalsenac\/wp-json\/wp\/v2\/tags?post=8192"}],"curies":[{"name":"wp","href":"https:\/\/api.w.org\/{rel}","templated":true}]}}