{"id":8230,"date":"2025-02-26T12:05:39","date_gmt":"2025-02-26T16:05:39","guid":{"rendered":"https:\/\/www.rr.senac.br\/portalsenac\/?p=8230"},"modified":"2025-02-26T14:21:50","modified_gmt":"2025-02-26T18:21:50","slug":"programa-senac-de-gratuidade-abre-edital-para-municipios-do-interior-de-roraima","status":"publish","type":"post","link":"https:\/\/www.rr.senac.br\/portalsenac\/programa-senac-de-gratuidade-abre-edital-para-municipios-do-interior-de-roraima\/","title":{"rendered":"Programa Senac de Gratuidade abre edital para munic\u00edpios do interior de Roraima"},"content":{"rendered":"\n<figure class=\"wp-block-image size-large\"><img data-recalc-dims=\"1\" fetchpriority=\"high\" decoding=\"async\" width=\"750\" height=\"500\" src=\"https:\/\/i0.wp.com\/www.rr.senac.br\/portalsenac\/wp-content\/uploads\/2025\/02\/senac_gratuidade_rr.jpeg?resize=750%2C500&#038;ssl=1\" alt=\"\" class=\"wp-image-8231\" srcset=\"https:\/\/i0.wp.com\/www.rr.senac.br\/portalsenac\/wp-content\/uploads\/2025\/02\/senac_gratuidade_rr.jpeg?resize=1024%2C682&amp;ssl=1 1024w, https:\/\/i0.wp.com\/www.rr.senac.br\/portalsenac\/wp-content\/uploads\/2025\/02\/senac_gratuidade_rr.jpeg?resize=300%2C200&amp;ssl=1 300w, https:\/\/i0.wp.com\/www.rr.senac.br\/portalsenac\/wp-content\/uploads\/2025\/02\/senac_gratuidade_rr.jpeg?resize=768%2C512&amp;ssl=1 768w, https:\/\/i0.wp.com\/www.rr.senac.br\/portalsenac\/wp-content\/uploads\/2025\/02\/senac_gratuidade_rr.jpeg?resize=1536%2C1023&amp;ssl=1 1536w, https:\/\/i0.wp.com\/www.rr.senac.br\/portalsenac\/wp-content\/uploads\/2025\/02\/senac_gratuidade_rr.jpeg?resize=1568%2C1045&amp;ssl=1 1568w, https:\/\/i0.wp.com\/www.rr.senac.br\/portalsenac\/wp-content\/uploads\/2025\/02\/senac_gratuidade_rr.jpeg?w=1600&amp;ssl=1 1600w\" sizes=\"(max-width: 750px) 100vw, 750px\" \/><\/figure>\n\n\n\n<p class=\"has-text-align-center\"><em>Os cursos ofertados contemplam Iracema e S\u00e3o Luiz do Anau\u00e1<\/em><\/p>\n\n\n\n<div style=\"height:4px\" aria-hidden=\"true\" class=\"wp-block-spacer\"><\/div>\n\n\n\n<p>Tem cursos gr\u00e1tis para os interiores! O Senac\/RR lan\u00e7ou neste dia 26, quarta-feira, o quarto edital do Programa Senac de Gratuidade (PSG), com 62 vagas para cursos gratuitos nos munic\u00edpios de Iracema e S\u00e3o Luiz do Anau\u00e1, em Roraima. O <a href=\"https:\/\/app.rr.senac.br\/send3\/site\/psg\/curso_selecao\/408629\">edital<\/a> j\u00e1 est\u00e1 dispon\u00edvel no site e consta todas as informa\u00e7\u00f5es essenciais aos interessados como pr\u00e9-requisitos de acesso e documenta\u00e7\u00e3o necess\u00e1ria para matr\u00edculas.<\/p>\n\n\n\n<div style=\"height:3px\" aria-hidden=\"true\" class=\"wp-block-spacer\"><\/div>\n\n\n\n<p>Nos munic\u00edpios, as matr\u00edculas acontecem exclusivamente de forma presencial, a partir deste dia 27, quinta-feira, na unidade Senac Norm\u00e9lia Mafra, em S\u00e3o Luiz do Anau\u00e1 (RR), e na Unidade Educacional de Campo Sesc\/Senac Iracema, conforme disponibilidade de vagas. A documenta\u00e7\u00e3o deve ser entregue no ato da inscri\u00e7\u00e3o.<\/p>\n\n\n\n<div style=\"height:4px\" aria-hidden=\"true\" class=\"wp-block-spacer\"><\/div>\n\n\n\n<p>Entre os cursos ofertados para Iracema e S\u00e3o Luiz do Anau\u00e1 est\u00e3o Salgadeiro, Assistente de Secretaria Escolar, Design de Sobrancelhas e Depila\u00e7\u00e3o Eg\u00edpcia; \u00e1reas que demonstram crescimento, e podem representar alternativas de fonte de renda e lucro.<\/p>\n\n\n\n<div style=\"height:4px\" aria-hidden=\"true\" class=\"wp-block-spacer\"><\/div>\n\n\n\n<p>Para mais informa\u00e7\u00f5es os interessados podem procurar as Centrais de Atendimento nas unidades do Senac na capital, atrav\u00e9s dos telefones (95) 3623-1431, (95) 3626-8434, ou WhatsApp (95) 98420-9992. Acompanhe tamb\u00e9m pelas redes sociais @senacrr.<\/p>\n\n\n\n<p><\/p>\n\n\n\n<p>Por Liana Lima, analista t\u00e9c. de comunica\u00e7\u00e3o do Senac\/RR.<\/p>\n","protected":false},"excerpt":{"rendered":"<p>Os cursos ofertados contemplam Iracema e S\u00e3o Luiz do Anau\u00e1 Tem cursos gr\u00e1tis para os interiores! O Senac\/RR lan\u00e7ou neste dia 26, quarta-feira, o quarto edital do Programa Senac de Gratuidade (PSG), com 62 vagas para cursos gratuitos nos munic\u00edpios de Iracema e S\u00e3o Luiz&hellip; <a class=\"more-link\" href=\"https:\/\/www.rr.senac.br\/portalsenac\/programa-senac-de-gratuidade-abre-edital-para-municipios-do-interior-de-roraima\/\">Continuar lendo <span class=\"screen-reader-text\">Programa Senac de Gratuidade abre edital para munic\u00edpios do interior de Roraima<\/span><\/a><\/p>\n","protected":false},"author":7,"featured_media":8231,"comment_status":"closed","ping_status":"","sticky":false,"template":"","format":"standard","meta":{"_jetpack_memberships_contains_paid_content":false,"_joinchat":[],"footnotes":""},"categories":[12],"tags":[],"class_list":["post-8230","post","type-post","status-publish","format-standard","has-post-thumbnail","hentry","category-ultimas-noticias","entry"],"jetpack_featured_media_url":"https:\/\/i0.wp.com\/www.rr.senac.br\/portalsenac\/wp-content\/uploads\/2025\/02\/senac_gratuidade_rr.jpeg?fit=1600%2C1066&ssl=1","jetpack_sharing_enabled":true,"_links":{"self":[{"href":"https:\/\/www.rr.senac.br\/portalsenac\/wp-json\/wp\/v2\/posts\/8230","targetHints":{"allow":["GET"]}}],"collection":[{"href":"https:\/\/www.rr.senac.br\/portalsenac\/wp-json\/wp\/v2\/posts"}],"about":[{"href":"https:\/\/www.rr.senac.br\/portalsenac\/wp-json\/wp\/v2\/types\/post"}],"author":[{"embeddable":true,"href":"https:\/\/www.rr.senac.br\/portalsenac\/wp-json\/wp\/v2\/users\/7"}],"replies":[{"embeddable":true,"href":"https:\/\/www.rr.senac.br\/portalsenac\/wp-json\/wp\/v2\/comments?post=8230"}],"version-history":[{"count":4,"href":"https:\/\/www.rr.senac.br\/portalsenac\/wp-json\/wp\/v2\/posts\/8230\/revisions"}],"predecessor-version":[{"id":8235,"href":"https:\/\/www.rr.senac.br\/portalsenac\/wp-json\/wp\/v2\/posts\/8230\/revisions\/8235"}],"wp:featuredmedia":[{"embeddable":true,"href":"https:\/\/www.rr.senac.br\/portalsenac\/wp-json\/wp\/v2\/media\/8231"}],"wp:attachment":[{"href":"https:\/\/www.rr.senac.br\/portalsenac\/wp-json\/wp\/v2\/media?parent=8230"}],"wp:term":[{"taxonomy":"category","embeddable":true,"href":"https:\/\/www.rr.senac.br\/portalsenac\/wp-json\/wp\/v2\/categories?post=8230"},{"taxonomy":"post_tag","embeddable":true,"href":"https:\/\/www.rr.senac.br\/portalsenac\/wp-json\/wp\/v2\/tags?post=8230"}],"curies":[{"name":"wp","href":"https:\/\/api.w.org\/{rel}","templated":true}]}}