{"id":8293,"date":"2025-03-24T17:20:03","date_gmt":"2025-03-24T21:20:03","guid":{"rendered":"https:\/\/www.rr.senac.br\/portalsenac\/?p=8293"},"modified":"2025-03-24T17:20:03","modified_gmt":"2025-03-24T21:20:03","slug":"contrate-um-aprendiz-evento-alavancou-oportunidades-no-mercado-de-trabalho","status":"publish","type":"post","link":"https:\/\/www.rr.senac.br\/portalsenac\/contrate-um-aprendiz-evento-alavancou-oportunidades-no-mercado-de-trabalho\/","title":{"rendered":"Contrate um Aprendiz: evento alavancou oportunidades no mercado de trabalho"},"content":{"rendered":"\n<figure class=\"wp-block-image size-large\"><img data-recalc-dims=\"1\" fetchpriority=\"high\" decoding=\"async\" width=\"750\" height=\"500\" src=\"https:\/\/i0.wp.com\/www.rr.senac.br\/portalsenac\/wp-content\/uploads\/2025\/03\/contrate_um_aprendiz_senac-2.jpeg?resize=750%2C500&#038;ssl=1\" alt=\"\" class=\"wp-image-8296\" srcset=\"https:\/\/i0.wp.com\/www.rr.senac.br\/portalsenac\/wp-content\/uploads\/2025\/03\/contrate_um_aprendiz_senac-2.jpeg?resize=1024%2C682&amp;ssl=1 1024w, https:\/\/i0.wp.com\/www.rr.senac.br\/portalsenac\/wp-content\/uploads\/2025\/03\/contrate_um_aprendiz_senac-2.jpeg?resize=300%2C200&amp;ssl=1 300w, https:\/\/i0.wp.com\/www.rr.senac.br\/portalsenac\/wp-content\/uploads\/2025\/03\/contrate_um_aprendiz_senac-2.jpeg?resize=768%2C512&amp;ssl=1 768w, https:\/\/i0.wp.com\/www.rr.senac.br\/portalsenac\/wp-content\/uploads\/2025\/03\/contrate_um_aprendiz_senac-2.jpeg?resize=1536%2C1023&amp;ssl=1 1536w, https:\/\/i0.wp.com\/www.rr.senac.br\/portalsenac\/wp-content\/uploads\/2025\/03\/contrate_um_aprendiz_senac-2.jpeg?resize=1568%2C1045&amp;ssl=1 1568w, https:\/\/i0.wp.com\/www.rr.senac.br\/portalsenac\/wp-content\/uploads\/2025\/03\/contrate_um_aprendiz_senac-2.jpeg?w=1600&amp;ssl=1 1600w\" sizes=\"(max-width: 750px) 100vw, 750px\" \/><\/figure>\n\n\n\n<p class=\"has-text-align-center\"><em>Manh\u00e3 de atendimentos ficou marcada por muita conex\u00e3o e empregabilidade<\/em><\/p>\n\n\n\n<div style=\"height:4px\" aria-hidden=\"true\" class=\"wp-block-spacer\"><\/div>\n\n\n\n<p>Na \u00faltima sexta-feira, 21, o Servi\u00e7o Nacional de Aprendizagem Comercial (Senac\/RR) realizou a primeira edi\u00e7\u00e3o do evento \u201cContrate um Aprendiz\u201d. Foram mais de 150 participantes, entre jovens de 14 a 24 anos, al\u00e9m de pessoas com defici\u00eancia de idades variadas. Esta experi\u00eancia de conex\u00e3o e oportunidades tomou lugar na unidade do Senac Ministro Ernane Galv\u00eaas (S\u00e3o Francisco), e se consolidou como mais um sucesso da institui\u00e7\u00e3o.<\/p>\n\n\n\n<div style=\"height:1px\" aria-hidden=\"true\" class=\"wp-block-spacer\"><\/div>\n\n\n\n<p>Esta iniciativa de empregabilidade foi idealizada pelo Banco de Oportunidades do Senac, e disp\u00f4s de uma rodada de inscri\u00e7\u00f5es <em>online <\/em>em que foram abertas 200 vagas. &nbsp;Para fazer acontecer, foi firmada uma parceria com cinco empresas, que abra\u00e7aram completamente a miss\u00e3o de analisar curr\u00edculos e entrevistar os candidatos.<\/p>\n\n\n\n<div style=\"height:1px\" aria-hidden=\"true\" class=\"wp-block-spacer\"><\/div>\n\n\n\n<p><strong><a href=\"https:\/\/vm.tiktok.com\/ZMBAvmLDQ\/\">Confira os melhores momentos do evento de uma forma descontra\u00edda<\/a><\/strong><\/p>\n\n\n\n<div style=\"height:3px\" aria-hidden=\"true\" class=\"wp-block-spacer\"><\/div>\n\n\n\n<p><strong>Como surgiu?<\/strong><\/p>\n\n\n\n<p>Segundo Suelen Santos, analista do Banco de Oportunidades do Senac, e uma das organizadoras do evento, a ideia de realizar o \u201cContrate um Aprendiz\u201d surgiu diante da necessidade de dar visibilidade aos jovens que buscam se inserir no mercado: <strong><em>\u201cO evento, ent\u00e3o, foi idealizado para criar um espa\u00e7o onde esses jovens pudessem se conectar diretamente com as empresas, aumentando suas chances de inser\u00e7\u00e3o no mercado de trabalho\u201d.<\/em><\/strong><\/p>\n\n\n\n<div style=\"height:1px\" aria-hidden=\"true\" class=\"wp-block-spacer\"><\/div>\n\n\n\n<p><strong><em>\u201cA iniciativa n\u00e3o apenas reduziu o tempo e os desafios do recrutamento, mas tamb\u00e9m aumentou as chances de uma sele\u00e7\u00e3o mais assertiva, beneficiando tanto os jovens em busca de oportunidades quanto as empresas em busca de talentos alinhados \u00e0s suas necessidades\u201d<\/em><\/strong>, contou Suelen.<\/p>\n\n\n\n<div style=\"height:3px\" aria-hidden=\"true\" class=\"wp-block-spacer\"><\/div>\n\n\n\n<p>A realiza\u00e7\u00e3o do \u201cContrate um Aprendiz\u201d sintoniza com as tend\u00eancias para a aprendizagem comercial em 2025 que, conforme levantamento do Banco de Oportunidades, deve demonstrar crescimento e impacto social positivo.<\/p>\n\n\n\n<div style=\"height:5px\" aria-hidden=\"true\" class=\"wp-block-spacer\"><\/div>\n\n\n\n<p><strong>Experi\u00eancias e empregabilidade<\/strong><\/p>\n\n\n\n<div style=\"height:1px\" aria-hidden=\"true\" class=\"wp-block-spacer\"><\/div>\n\n\n\n<figure class=\"wp-block-image size-large\"><img data-recalc-dims=\"1\" decoding=\"async\" width=\"750\" height=\"500\" src=\"https:\/\/i0.wp.com\/www.rr.senac.br\/portalsenac\/wp-content\/uploads\/2025\/03\/contrate_um_aprendiz_senac-3.jpeg?resize=750%2C500&#038;ssl=1\" alt=\"\" class=\"wp-image-8295\" srcset=\"https:\/\/i0.wp.com\/www.rr.senac.br\/portalsenac\/wp-content\/uploads\/2025\/03\/contrate_um_aprendiz_senac-3.jpeg?resize=1024%2C682&amp;ssl=1 1024w, https:\/\/i0.wp.com\/www.rr.senac.br\/portalsenac\/wp-content\/uploads\/2025\/03\/contrate_um_aprendiz_senac-3.jpeg?resize=300%2C200&amp;ssl=1 300w, https:\/\/i0.wp.com\/www.rr.senac.br\/portalsenac\/wp-content\/uploads\/2025\/03\/contrate_um_aprendiz_senac-3.jpeg?resize=768%2C512&amp;ssl=1 768w, https:\/\/i0.wp.com\/www.rr.senac.br\/portalsenac\/wp-content\/uploads\/2025\/03\/contrate_um_aprendiz_senac-3.jpeg?resize=1536%2C1023&amp;ssl=1 1536w, https:\/\/i0.wp.com\/www.rr.senac.br\/portalsenac\/wp-content\/uploads\/2025\/03\/contrate_um_aprendiz_senac-3.jpeg?resize=1568%2C1045&amp;ssl=1 1568w, https:\/\/i0.wp.com\/www.rr.senac.br\/portalsenac\/wp-content\/uploads\/2025\/03\/contrate_um_aprendiz_senac-3.jpeg?w=1600&amp;ssl=1 1600w\" sizes=\"(max-width: 750px) 100vw, 750px\" \/><\/figure>\n\n\n\n<div style=\"height:5px\" aria-hidden=\"true\" class=\"wp-block-spacer\"><\/div>\n\n\n\n<p>Ana Clara Mendon\u00e7a, integrou o time de recrutamento da empresa Novo Tempo e, para ela, o evento se mostrou um \u00f3timo espa\u00e7o para observar potenciais. <strong><em>\u201cPara mim \u00e9 muito bom estar aqui, observando tantos jovens aprendizes sendo entrevistados, que podem ser, assim como eu, efetivados na empresa\u201d<\/em><\/strong>, contou Ana Clara, que leva o per\u00edodo como aprendiz no Senac marcado no curr\u00edculo.<\/p>\n\n\n\n<div style=\"height:1px\" aria-hidden=\"true\" class=\"wp-block-spacer\"><\/div>\n\n\n\n<p>J\u00falia Linhares, tamb\u00e9m da empresa Novo Tempo relata sua experi\u00eancia como parceira do \u201cContrate um Aprendiz\u201d: <strong><em>\u201cHoje n\u00f3s entrevistamos mais de 30 jovens, todos com suas personalidades, mas com o mesmo objetivo: conseguir um plano de carreira e crescimento na empresa. Ent\u00e3o, acredito que (o evento) \u00e9 algo bem inovador\u201d<\/em><\/strong>.<\/p>\n\n\n\n<div style=\"height:2px\" aria-hidden=\"true\" class=\"wp-block-spacer\"><\/div>\n\n\n\n<p><strong><em>\u201cEu fiz uma entrevista e entreguei meu curr\u00edculo para as empresas. Eu acho que fui muito bem e vou ficar aguardando o resultado. Estou tranquilo pois desde sempre me sinto preparado para novos desafios, e at\u00e9 um novo emprego\u201d<\/em><\/strong>, compartilhou o candidato Caio Ramos, 17 anos. Ele que \u00e9 aluno do Senac no curso T\u00e9cnico em Marketing, conta tamb\u00e9m que ser um aluno da institui\u00e7\u00e3o serviu de capacita\u00e7\u00e3o, com orienta\u00e7\u00f5es assertivas para o mercado profissional.<\/p>\n\n\n\n<div style=\"height:4px\" aria-hidden=\"true\" class=\"wp-block-spacer\"><\/div>\n\n\n\n<p><strong>Servi\u00e7os oferecidos<\/strong><\/p>\n\n\n\n<p>O \u201cContrate um Aprendiz\u201d do Senac ofereceu impress\u00e3o de curr\u00edculos e acesso direto \u00e0s empresas parceiras, que receberam os curr\u00edculos dos candidatos, e fizeram diversas rodadas de entrevistas para a contrata\u00e7\u00e3o de aprendizes na \u00e1rea comercial.<\/p>\n\n\n\n<div style=\"height:2px\" aria-hidden=\"true\" class=\"wp-block-spacer\"><\/div>\n\n\n\n<div style=\"height:4px\" aria-hidden=\"true\" class=\"wp-block-spacer\"><\/div>\n\n\n\n<p><strong>Empresas parceiras<\/strong><\/p>\n\n\n\n<div style=\"height:4px\" aria-hidden=\"true\" class=\"wp-block-spacer\"><\/div>\n\n\n\n<figure class=\"wp-block-image size-large\"><img data-recalc-dims=\"1\" decoding=\"async\" width=\"750\" height=\"500\" src=\"https:\/\/i0.wp.com\/www.rr.senac.br\/portalsenac\/wp-content\/uploads\/2025\/03\/contrate_um_aprendiz_senac-1.jpeg?resize=750%2C500&#038;ssl=1\" alt=\"\" class=\"wp-image-8294\" srcset=\"https:\/\/i0.wp.com\/www.rr.senac.br\/portalsenac\/wp-content\/uploads\/2025\/03\/contrate_um_aprendiz_senac-1.jpeg?resize=1024%2C682&amp;ssl=1 1024w, https:\/\/i0.wp.com\/www.rr.senac.br\/portalsenac\/wp-content\/uploads\/2025\/03\/contrate_um_aprendiz_senac-1.jpeg?resize=300%2C200&amp;ssl=1 300w, https:\/\/i0.wp.com\/www.rr.senac.br\/portalsenac\/wp-content\/uploads\/2025\/03\/contrate_um_aprendiz_senac-1.jpeg?resize=768%2C512&amp;ssl=1 768w, https:\/\/i0.wp.com\/www.rr.senac.br\/portalsenac\/wp-content\/uploads\/2025\/03\/contrate_um_aprendiz_senac-1.jpeg?resize=1536%2C1023&amp;ssl=1 1536w, https:\/\/i0.wp.com\/www.rr.senac.br\/portalsenac\/wp-content\/uploads\/2025\/03\/contrate_um_aprendiz_senac-1.jpeg?resize=1568%2C1045&amp;ssl=1 1568w, https:\/\/i0.wp.com\/www.rr.senac.br\/portalsenac\/wp-content\/uploads\/2025\/03\/contrate_um_aprendiz_senac-1.jpeg?w=1600&amp;ssl=1 1600w\" sizes=\"(max-width: 750px) 100vw, 750px\" \/><\/figure>\n\n\n\n<div style=\"height:4px\" aria-hidden=\"true\" class=\"wp-block-spacer\"><\/div>\n\n\n\n<p>Com o total de cinco parceiros nesta edi\u00e7\u00e3o piloto do evento, veja a seguir a lista das empresas contratantes:<\/p>\n\n\n\n<details class=\"wp-block-details is-layout-flow wp-block-details-is-layout-flow\"><summary><\/summary>\n<p>&#8211; Novo Tempo;<\/p>\n\n\n\n<p>&#8211; Goiana;<\/p>\n\n\n\n<p>&#8211; Gavi\u00e3o;<\/p>\n\n\n\n<p>&#8211; Butique Gelada;<\/p>\n\n\n\n<p>&#8211; Nova Era.<\/p>\n<\/details>\n\n\n\n<div style=\"height:2px\" aria-hidden=\"true\" class=\"wp-block-spacer\"><\/div>\n\n\n\n<p>Por Liana Lima, analista t\u00e9c. de comunica\u00e7\u00e3o do Senac\/RR. <\/p>\n\n\n\n<div style=\"height:5px\" aria-hidden=\"true\" class=\"wp-block-spacer\"><\/div>\n","protected":false},"excerpt":{"rendered":"<p>Manh\u00e3 de atendimentos ficou marcada por muita conex\u00e3o e empregabilidade Na \u00faltima sexta-feira, 21, o Servi\u00e7o Nacional de Aprendizagem Comercial (Senac\/RR) realizou a primeira edi\u00e7\u00e3o do evento \u201cContrate um Aprendiz\u201d. Foram mais de 150 participantes, entre jovens de 14 a 24 anos, al\u00e9m de pessoas&hellip; <a class=\"more-link\" href=\"https:\/\/www.rr.senac.br\/portalsenac\/contrate-um-aprendiz-evento-alavancou-oportunidades-no-mercado-de-trabalho\/\">Continuar lendo <span class=\"screen-reader-text\">Contrate um Aprendiz: evento alavancou oportunidades no mercado de trabalho<\/span><\/a><\/p>\n","protected":false},"author":7,"featured_media":8296,"comment_status":"closed","ping_status":"","sticky":false,"template":"","format":"standard","meta":{"_jetpack_memberships_contains_paid_content":false,"_joinchat":[],"footnotes":""},"categories":[12],"tags":[],"class_list":["post-8293","post","type-post","status-publish","format-standard","has-post-thumbnail","hentry","category-ultimas-noticias","entry"],"jetpack_featured_media_url":"https:\/\/i0.wp.com\/www.rr.senac.br\/portalsenac\/wp-content\/uploads\/2025\/03\/contrate_um_aprendiz_senac-2.jpeg?fit=1600%2C1066&ssl=1","jetpack_sharing_enabled":true,"_links":{"self":[{"href":"https:\/\/www.rr.senac.br\/portalsenac\/wp-json\/wp\/v2\/posts\/8293","targetHints":{"allow":["GET"]}}],"collection":[{"href":"https:\/\/www.rr.senac.br\/portalsenac\/wp-json\/wp\/v2\/posts"}],"about":[{"href":"https:\/\/www.rr.senac.br\/portalsenac\/wp-json\/wp\/v2\/types\/post"}],"author":[{"embeddable":true,"href":"https:\/\/www.rr.senac.br\/portalsenac\/wp-json\/wp\/v2\/users\/7"}],"replies":[{"embeddable":true,"href":"https:\/\/www.rr.senac.br\/portalsenac\/wp-json\/wp\/v2\/comments?post=8293"}],"version-history":[{"count":1,"href":"https:\/\/www.rr.senac.br\/portalsenac\/wp-json\/wp\/v2\/posts\/8293\/revisions"}],"predecessor-version":[{"id":8297,"href":"https:\/\/www.rr.senac.br\/portalsenac\/wp-json\/wp\/v2\/posts\/8293\/revisions\/8297"}],"wp:featuredmedia":[{"embeddable":true,"href":"https:\/\/www.rr.senac.br\/portalsenac\/wp-json\/wp\/v2\/media\/8296"}],"wp:attachment":[{"href":"https:\/\/www.rr.senac.br\/portalsenac\/wp-json\/wp\/v2\/media?parent=8293"}],"wp:term":[{"taxonomy":"category","embeddable":true,"href":"https:\/\/www.rr.senac.br\/portalsenac\/wp-json\/wp\/v2\/categories?post=8293"},{"taxonomy":"post_tag","embeddable":true,"href":"https:\/\/www.rr.senac.br\/portalsenac\/wp-json\/wp\/v2\/tags?post=8293"}],"curies":[{"name":"wp","href":"https:\/\/api.w.org\/{rel}","templated":true}]}}