{"id":8300,"date":"2025-03-31T10:31:32","date_gmt":"2025-03-31T14:31:32","guid":{"rendered":"https:\/\/www.rr.senac.br\/portalsenac\/?p=8300"},"modified":"2025-03-31T10:31:32","modified_gmt":"2025-03-31T14:31:32","slug":"cursos-gratuitos-senac-roraima-lanca-edital-com-261-vagas-para-cursos-em-boa-vista-rr","status":"publish","type":"post","link":"https:\/\/www.rr.senac.br\/portalsenac\/cursos-gratuitos-senac-roraima-lanca-edital-com-261-vagas-para-cursos-em-boa-vista-rr\/","title":{"rendered":"Cursos gratuitos: Senac Roraima lan\u00e7a edital com 261 vagas para cursos em Boa Vista (RR)"},"content":{"rendered":"\n<figure class=\"wp-block-gallery has-nested-images columns-default is-cropped wp-block-gallery-1 is-layout-flex wp-block-gallery-is-layout-flex\">\n<figure class=\"wp-block-image size-large\"><img data-recalc-dims=\"1\" fetchpriority=\"high\" decoding=\"async\" width=\"750\" height=\"500\" data-id=\"8301\" src=\"https:\/\/i0.wp.com\/www.rr.senac.br\/portalsenac\/wp-content\/uploads\/2025\/03\/cursos_gratis_roraima_senac.jpeg?resize=750%2C500&#038;ssl=1\" alt=\"\" class=\"wp-image-8301\" srcset=\"https:\/\/i0.wp.com\/www.rr.senac.br\/portalsenac\/wp-content\/uploads\/2025\/03\/cursos_gratis_roraima_senac.jpeg?resize=1024%2C682&amp;ssl=1 1024w, https:\/\/i0.wp.com\/www.rr.senac.br\/portalsenac\/wp-content\/uploads\/2025\/03\/cursos_gratis_roraima_senac.jpeg?resize=300%2C200&amp;ssl=1 300w, https:\/\/i0.wp.com\/www.rr.senac.br\/portalsenac\/wp-content\/uploads\/2025\/03\/cursos_gratis_roraima_senac.jpeg?resize=768%2C512&amp;ssl=1 768w, https:\/\/i0.wp.com\/www.rr.senac.br\/portalsenac\/wp-content\/uploads\/2025\/03\/cursos_gratis_roraima_senac.jpeg?resize=1536%2C1023&amp;ssl=1 1536w, https:\/\/i0.wp.com\/www.rr.senac.br\/portalsenac\/wp-content\/uploads\/2025\/03\/cursos_gratis_roraima_senac.jpeg?resize=1568%2C1045&amp;ssl=1 1568w, https:\/\/i0.wp.com\/www.rr.senac.br\/portalsenac\/wp-content\/uploads\/2025\/03\/cursos_gratis_roraima_senac.jpeg?w=1600&amp;ssl=1 1600w\" sizes=\"(max-width: 750px) 100vw, 750px\" \/><\/figure>\n<\/figure>\n\n\n\n<p class=\"has-text-align-center\"><em>S\u00e3o 13 t\u00edtulos de cursos, em diversos segmentos<\/em><\/p>\n\n\n\n<div style=\"height:2px\" aria-hidden=\"true\" class=\"wp-block-spacer\"><\/div>\n\n\n\n<p>O Servi\u00e7o Nacional de Aprendizagem Comercial (Senac\/RR) divulgou nesta segunda-feira, 31, 261 vagas para cursos 100% gratuitos, atrav\u00e9s de edital do Programa Senac de Gratuidade (PSG). As vagas atender\u00e3o a capital, Boa Vista (RR). &nbsp;<\/p>\n\n\n\n<div style=\"height:4px\" aria-hidden=\"true\" class=\"wp-block-spacer\"><\/div>\n\n\n\n<p><a href=\"https:\/\/app.rr.senac.br\/send3\/site\/psg\/curso_selecao\/5362\">ACESSE O EDITAL COMPLETO<\/a><\/p>\n\n\n\n<div style=\"height:2px\" aria-hidden=\"true\" class=\"wp-block-spacer\"><\/div>\n\n\n\n<p>Os interessados podem se inscrever no <a href=\"https:\/\/app.rr.senac.br\/psg\/#\/consulta-de-vagas\">site da institui\u00e7\u00e3o<\/a> a partir desta ter\u00e7a-feira, 01, at\u00e9 a quarta-feira, 02, ou enquanto houverem vagas. Em seguida, os candidatos inscritos devem realizar a confirma\u00e7\u00e3o da matr\u00edcula mediante entrega da documenta\u00e7\u00e3o de forma presencial, conforme descrito em edital.<\/p>\n\n\n\n<div style=\"height:2px\" aria-hidden=\"true\" class=\"wp-block-spacer\"><\/div>\n\n\n\n<p>S\u00e3o 13 t\u00edtulos de cursos dispon\u00edveis gratuitamente, em segmentos variados como gest\u00e3o, gastronomia, sa\u00fade e idiomas. As certifica\u00e7\u00f5es ofertadas variam de 40h a 240h. Com previs\u00e3o para iniciar ainda no m\u00eas de abril, as aulas ocorrem nas unidades do Senac S\u00e3o Francisco (Ministro Ernane Galv\u00eaas), Asa Branca (Ministro Bernardo Cabral) e Centro de Idiomas (Paulo do Vale Pereira Filho).&nbsp;<\/p>\n\n\n\n<div style=\"height:2px\" aria-hidden=\"true\" class=\"wp-block-spacer\"><\/div>\n\n\n\n<p>C\u00e9lio Melo, gerente de educa\u00e7\u00e3o profissional do Senac, destaca a import\u00e2ncia de ofertar capacita\u00e7\u00e3o profissional gratuita para o desenvolvimento da popula\u00e7\u00e3o roraimense. <\/p>\n\n\n\n<div style=\"height:4px\" aria-hidden=\"true\" class=\"wp-block-spacer\"><\/div>\n\n\n\n<p><strong><em>\u201cO mercado est\u00e1 em busca de pessoas qualificadas e com atua\u00e7\u00e3o a n\u00edvel de resolu\u00e7\u00e3o de problemas, criatividade, dinamismo e proatividade. Dentro deste contexto o Senac como institui\u00e7\u00e3o de forma\u00e7\u00e3o e capacita\u00e7\u00e3o profissional tem contribu\u00eddo bastante com a oferta de cursos que visam a qualifica\u00e7\u00e3o da m\u00e3o de obra local\u201d.<\/em><\/strong><\/p>\n\n\n\n<div style=\"height:4px\" aria-hidden=\"true\" class=\"wp-block-spacer\"><\/div>\n\n\n\n<p><strong>Requisitos<\/strong><\/p>\n\n\n\n<p>O Programa Senac de Gratuidade, ou PSG, \u00e9 destinado ao p\u00fablico em situa\u00e7\u00e3o de baixa renda, com renda familiar igual ou inferior a dois sal\u00e1rios m\u00ednimos federais <em>per capita. <\/em>Tamb\u00e9m devem ser observados os requisitos espec\u00edficos de cada curso, conforme segmento.<\/p>\n\n\n\n<div style=\"height:4px\" aria-hidden=\"true\" class=\"wp-block-spacer\"><\/div>\n\n\n\n<div class=\"wp-block-group\"><div class=\"wp-block-group__inner-container is-layout-constrained wp-block-group-is-layout-constrained\">\n<div class=\"wp-block-group\"><div class=\"wp-block-group__inner-container is-layout-constrained wp-block-group-is-layout-constrained\">\n<details class=\"wp-block-details is-layout-flow wp-block-details-is-layout-flow\"><summary>Confira quais os cursos dispon\u00edveis<\/summary>\n<p><em>Unidade Senac S\u00e3o Francisco (Ministro Ernane Galv\u00eaas)<\/em><\/p>\n\n\n\n<p>Assist\u00eancia de Enfermagem no Pr\u00e9-Natal e Puerp\u00e9rio \u2013 20 vagas<\/p>\n\n\n\n<p>Assistente de Recursos Humanos \u2013 20 vagas<\/p>\n\n\n\n<p>Assistente de Marketing e Vendas \u2013 20 vagas<\/p>\n\n\n\n<p>Bartender \u2013 16 vagas<\/p>\n\n\n\n<p>Gar\u00e7om \u2013 16 vagas<\/p>\n\n\n\n<p>Assistente Financeiro \u2013 20 vagas<\/p>\n\n\n\n<p>Operador de Caixa \u2013 20 vagas<\/p>\n\n\n\n<p>T\u00e9cnicas de Produ\u00e7\u00e3o de P\u00e3es Caseiros e Artesanais \u2013 8 vagas<\/p>\n\n\n\n<p><em>Unidade Senac Asa Branca (Ministro Bernardo Cabral)<\/em><\/p>\n\n\n\n<p>Auxiliar de padeiro \u2013 16 vagas<\/p>\n\n\n\n<p>T\u00e9cnicas de Atendimento e Recep\u00e7\u00e3o \u2013 30 vagas<\/p>\n\n\n\n<p>Sou Recepcionista \u2013 30 vagas<\/p>\n\n\n\n<p>Assistente Administrativo \u2013 30 vagas<\/p>\n\n\n\n<p><em>Centro de Idiomas (Paulo do Vale Pereira Filho)<\/em> Reda\u00e7\u00e3o Nota Mil \u2013 15 vagas<\/p>\n<\/details>\n<\/div><\/div>\n<\/div><\/div>\n\n\n\n<div style=\"height:3px\" aria-hidden=\"true\" class=\"wp-block-spacer\"><\/div>\n\n\n\n<p><strong>Mais informa\u00e7\u00f5es<\/strong><\/p>\n\n\n\n<p>Para mais informa\u00e7\u00f5es sobre o Programa Senac de Gratuidade, e programa\u00e7\u00e3o de cursos, os interessados podem procurar a Central de Atendimento, ou atrav\u00e9s dos telefones (95) 3623-1431, (95) 3626-8434, e WhatsApp (95) 98420-9992. O atendimento ocorre de segunda a sexta-feira, das 8h \u00e0s 18h. Mais detalhes e atualiza\u00e7\u00f5es tamb\u00e9m est\u00e3o dispon\u00edveis nas redes sociais oficiais, @senacrr.<\/p>\n\n\n\n<div style=\"height:2px\" aria-hidden=\"true\" class=\"wp-block-spacer\"><\/div>\n\n\n\n<p>Por Liana Lima, analista t\u00e9c. de comunica\u00e7\u00e3o do Senac\/RR.<\/p>\n\n\n\n<div style=\"height:0px\" aria-hidden=\"true\" class=\"wp-block-spacer\"><\/div>\n\n\n\n<p><\/p>\n","protected":false},"excerpt":{"rendered":"<p>S\u00e3o 13 t\u00edtulos de cursos, em diversos segmentos O Servi\u00e7o Nacional de Aprendizagem Comercial (Senac\/RR) divulgou nesta segunda-feira, 31, 261 vagas para cursos 100% gratuitos, atrav\u00e9s de edital do Programa Senac de Gratuidade (PSG). As vagas atender\u00e3o a capital, Boa Vista (RR). &nbsp; ACESSE O&hellip; <a class=\"more-link\" href=\"https:\/\/www.rr.senac.br\/portalsenac\/cursos-gratuitos-senac-roraima-lanca-edital-com-261-vagas-para-cursos-em-boa-vista-rr\/\">Continuar lendo <span class=\"screen-reader-text\">Cursos gratuitos: Senac Roraima lan\u00e7a edital com 261 vagas para cursos em Boa Vista (RR)<\/span><\/a><\/p>\n","protected":false},"author":7,"featured_media":8301,"comment_status":"closed","ping_status":"","sticky":false,"template":"","format":"standard","meta":{"_jetpack_memberships_contains_paid_content":false,"_joinchat":[],"footnotes":""},"categories":[12],"tags":[],"class_list":["post-8300","post","type-post","status-publish","format-standard","has-post-thumbnail","hentry","category-ultimas-noticias","entry"],"jetpack_featured_media_url":"https:\/\/i0.wp.com\/www.rr.senac.br\/portalsenac\/wp-content\/uploads\/2025\/03\/cursos_gratis_roraima_senac.jpeg?fit=1600%2C1066&ssl=1","jetpack_sharing_enabled":true,"_links":{"self":[{"href":"https:\/\/www.rr.senac.br\/portalsenac\/wp-json\/wp\/v2\/posts\/8300","targetHints":{"allow":["GET"]}}],"collection":[{"href":"https:\/\/www.rr.senac.br\/portalsenac\/wp-json\/wp\/v2\/posts"}],"about":[{"href":"https:\/\/www.rr.senac.br\/portalsenac\/wp-json\/wp\/v2\/types\/post"}],"author":[{"embeddable":true,"href":"https:\/\/www.rr.senac.br\/portalsenac\/wp-json\/wp\/v2\/users\/7"}],"replies":[{"embeddable":true,"href":"https:\/\/www.rr.senac.br\/portalsenac\/wp-json\/wp\/v2\/comments?post=8300"}],"version-history":[{"count":2,"href":"https:\/\/www.rr.senac.br\/portalsenac\/wp-json\/wp\/v2\/posts\/8300\/revisions"}],"predecessor-version":[{"id":8307,"href":"https:\/\/www.rr.senac.br\/portalsenac\/wp-json\/wp\/v2\/posts\/8300\/revisions\/8307"}],"wp:featuredmedia":[{"embeddable":true,"href":"https:\/\/www.rr.senac.br\/portalsenac\/wp-json\/wp\/v2\/media\/8301"}],"wp:attachment":[{"href":"https:\/\/www.rr.senac.br\/portalsenac\/wp-json\/wp\/v2\/media?parent=8300"}],"wp:term":[{"taxonomy":"category","embeddable":true,"href":"https:\/\/www.rr.senac.br\/portalsenac\/wp-json\/wp\/v2\/categories?post=8300"},{"taxonomy":"post_tag","embeddable":true,"href":"https:\/\/www.rr.senac.br\/portalsenac\/wp-json\/wp\/v2\/tags?post=8300"}],"curies":[{"name":"wp","href":"https:\/\/api.w.org\/{rel}","templated":true}]}}