{"id":8387,"date":"2025-04-09T09:13:42","date_gmt":"2025-04-09T13:13:42","guid":{"rendered":"https:\/\/www.rr.senac.br\/portalsenac\/?p=8387"},"modified":"2025-04-09T09:13:42","modified_gmt":"2025-04-09T13:13:42","slug":"convenio-entre-banco-de-oportunidades-e-iel-amplia-contratacoes-de-estagio-para-alunos-de-cursos-tecnicos-do-senac-roraima","status":"publish","type":"post","link":"https:\/\/www.rr.senac.br\/portalsenac\/convenio-entre-banco-de-oportunidades-e-iel-amplia-contratacoes-de-estagio-para-alunos-de-cursos-tecnicos-do-senac-roraima\/","title":{"rendered":"Conv\u00eanio entre Banco de Oportunidades e IEL amplia contrata\u00e7\u00f5es de est\u00e1gio para alunos de cursos t\u00e9cnicos do Senac Roraima"},"content":{"rendered":"\n<figure class=\"wp-block-image size-large\"><img data-recalc-dims=\"1\" fetchpriority=\"high\" decoding=\"async\" width=\"750\" height=\"422\" src=\"https:\/\/i0.wp.com\/www.rr.senac.br\/portalsenac\/wp-content\/uploads\/2025\/04\/senac_roraima_estagio.jpeg?resize=750%2C422&#038;ssl=1\" alt=\"\" class=\"wp-image-8393\" srcset=\"https:\/\/i0.wp.com\/www.rr.senac.br\/portalsenac\/wp-content\/uploads\/2025\/04\/senac_roraima_estagio.jpeg?resize=1024%2C576&amp;ssl=1 1024w, https:\/\/i0.wp.com\/www.rr.senac.br\/portalsenac\/wp-content\/uploads\/2025\/04\/senac_roraima_estagio.jpeg?resize=300%2C169&amp;ssl=1 300w, https:\/\/i0.wp.com\/www.rr.senac.br\/portalsenac\/wp-content\/uploads\/2025\/04\/senac_roraima_estagio.jpeg?resize=768%2C432&amp;ssl=1 768w, https:\/\/i0.wp.com\/www.rr.senac.br\/portalsenac\/wp-content\/uploads\/2025\/04\/senac_roraima_estagio.jpeg?w=1280&amp;ssl=1 1280w\" sizes=\"(max-width: 750px) 100vw, 750px\" \/><\/figure>\n\n\n\n<p>No segundo semestre do \u00faltimo ano, o Servi\u00e7o Nacional de Aprendizagem Comercial (Senac\/RR) se uniu ao Instituto Euvaldo Lodi (IEL\/RR) em um conv\u00eanio que tem como objetivo encaminhar os alunos de cursos t\u00e9cnicos do Senac a oportunidades de est\u00e1gio.\u00a0<\/p>\n\n\n\n<div style=\"height:2px\" aria-hidden=\"true\" class=\"wp-block-spacer\"><\/div>\n\n\n\n<p>A iniciativa \u00e9 desenvolvida pelo <a href=\"https:\/\/www.rr.senac.br\/portalsenac\/banco-de-oportunidade\/\">Banco de Oportunidades do Senac<\/a>, e pelo IEL, para integrar a institui\u00e7\u00e3o de ensino, contratantes e os alunos candidatos a vagas de est\u00e1gio que preparam os alunos para o mercado de trabalho, em alinhamento com o projeto pedag\u00f3gico dos cursos.<\/p>\n\n\n\n<div style=\"height:3px\" aria-hidden=\"true\" class=\"wp-block-spacer\"><\/div>\n\n\n\n<p><strong>Integra\u00e7\u00e3o<\/strong><\/p>\n\n\n\n<p>No m\u00eas de mar\u00e7o, um evento promovido pelo Senac\/RR reuniu 80 alunos dos cursos t\u00e9cnicos da institui\u00e7\u00e3o. Na ocasi\u00e3o, a analista do IEL, Hort\u00eancia dos Reis, marcou presen\u00e7a para apresentar sobre o cen\u00e1rio de empregabilidade e est\u00e1gios. Com uma sess\u00e3o de perguntas e respostas, os alunos participantes conheceram mais sobre o cadastro no sistema de vagas, em que podem acompanhar o surgimento de oportunidades.<\/p>\n\n\n\n<div style=\"height:3px\" aria-hidden=\"true\" class=\"wp-block-spacer\"><\/div>\n\n\n\n<p><strong>Contrata\u00e7\u00f5es<\/strong><\/p>\n\n\n\n<p>Com a consolida\u00e7\u00e3o do conv\u00eanio, os alunos do Senac j\u00e1 observam os resultados. A aluna, Carla Teixeira, do curso t\u00e9cnico em administra\u00e7\u00e3o assegurou uma vaga como estagi\u00e1ria, atrav\u00e9s das articula\u00e7\u00f5es entre o Banco de Oportunidades e IEL, e compartilha que tem altas expectativas de aprendizado pr\u00e1tico.<\/p>\n\n\n\n<div style=\"height:3px\" aria-hidden=\"true\" class=\"wp-block-spacer\"><\/div>\n\n\n\n<p><strong><em>\u201c\u00c9 uma oportunidade enorme de aprendizado, de aplicar no est\u00e1gio o que venho aprendendo na sala de aula. Al\u00e9m disso, vou ter a oportunidade de ver profissionais super capacitados trabalhando de perto, aprendendo com as suas experi\u00eancias, vou poder absorver todo conhecimento poss\u00edvel ao lado deles\u201d<\/em><\/strong>, contou Carla.<\/p>\n\n\n\n<div style=\"height:5px\" aria-hidden=\"true\" class=\"wp-block-spacer\"><\/div>\n\n\n\n<p>Rosilane, tamb\u00e9m aluna do curso t\u00e9cnico em administra\u00e7\u00e3o, assim como Carla, est\u00e1 com seu est\u00e1gio garantido. <strong><em>\u201cAcredito que poderei me qualificar ainda mais nesse per\u00edodo (de est\u00e1gio), juntando teoria e pr\u00e1tica\u201d<\/em><\/strong>, relatou a aluna.&nbsp;<\/p>\n\n\n\n<div style=\"height:2px\" aria-hidden=\"true\" class=\"wp-block-spacer\"><\/div>\n\n\n\n<p><strong>Incentivo \u00e0 perman\u00eancia<\/strong><\/p>\n\n\n\n<p>Segundo o Banco de Oportunidades do Senac, o conv\u00eanio atuar\u00e1 <strong><em>\u201campliando ainda mais as possibilidades de desenvolvimento dos alunos e promovendo integra\u00e7\u00e3o com o mercado de trabalho. Al\u00e9m disso, a parceria contribuir\u00e1 com o Programa Nacional de Gest\u00e3o da Perman\u00eancia do Senac\u201d.<\/em><\/strong><\/p>\n\n\n\n<div style=\"height:3px\" aria-hidden=\"true\" class=\"wp-block-spacer\"><\/div>\n\n\n\n<p>O <a href=\"https:\/\/espacodocente.senac.br\/todas-as-noticias\/programa-nacional-de-gestao-da-permanencia-e-lancado-com-o-objetivo-de-reduzir-a-evasao-na-educacao-profissional\/\">Programa de Gest\u00e3o da Perman\u00eancia do Senac<\/a> \u00e9 uma iniciativa a n\u00edvel nacional voltada para a redu\u00e7\u00e3o da evas\u00e3o escolar na Educa\u00e7\u00e3o Profissional. Com o Programa, os estudantes podem contar com o suporte e acompanhamento necess\u00e1rios para garantir que continuem os estudos e se desenvolvam profissionalmente.<\/p>\n\n\n\n<div style=\"height:0px\" aria-hidden=\"true\" class=\"wp-block-spacer\"><\/div>\n\n\n\n<p>Por Liana Lima, analista t\u00e9c. de comunica\u00e7\u00e3o do Senac\/RR. <\/p>\n\n\n\n<div style=\"height:0px\" aria-hidden=\"true\" class=\"wp-block-spacer\"><\/div>\n\n\n\n<p><\/p>\n","protected":false},"excerpt":{"rendered":"<p>No segundo semestre do \u00faltimo ano, o Servi\u00e7o Nacional de Aprendizagem Comercial (Senac\/RR) se uniu ao Instituto Euvaldo Lodi (IEL\/RR) em um conv\u00eanio que tem como objetivo encaminhar os alunos de cursos t\u00e9cnicos do Senac a oportunidades de est\u00e1gio.\u00a0 A iniciativa \u00e9 desenvolvida pelo Banco&hellip; <a class=\"more-link\" href=\"https:\/\/www.rr.senac.br\/portalsenac\/convenio-entre-banco-de-oportunidades-e-iel-amplia-contratacoes-de-estagio-para-alunos-de-cursos-tecnicos-do-senac-roraima\/\">Continuar lendo <span class=\"screen-reader-text\">Conv\u00eanio entre Banco de Oportunidades e IEL amplia contrata\u00e7\u00f5es de est\u00e1gio para alunos de cursos t\u00e9cnicos do Senac Roraima<\/span><\/a><\/p>\n","protected":false},"author":7,"featured_media":8393,"comment_status":"closed","ping_status":"","sticky":false,"template":"","format":"standard","meta":{"_jetpack_memberships_contains_paid_content":false,"_joinchat":[],"footnotes":""},"categories":[12],"tags":[],"class_list":["post-8387","post","type-post","status-publish","format-standard","has-post-thumbnail","hentry","category-ultimas-noticias","entry"],"jetpack_featured_media_url":"https:\/\/i0.wp.com\/www.rr.senac.br\/portalsenac\/wp-content\/uploads\/2025\/04\/senac_roraima_estagio.jpeg?fit=1280%2C720&ssl=1","jetpack_sharing_enabled":true,"_links":{"self":[{"href":"https:\/\/www.rr.senac.br\/portalsenac\/wp-json\/wp\/v2\/posts\/8387","targetHints":{"allow":["GET"]}}],"collection":[{"href":"https:\/\/www.rr.senac.br\/portalsenac\/wp-json\/wp\/v2\/posts"}],"about":[{"href":"https:\/\/www.rr.senac.br\/portalsenac\/wp-json\/wp\/v2\/types\/post"}],"author":[{"embeddable":true,"href":"https:\/\/www.rr.senac.br\/portalsenac\/wp-json\/wp\/v2\/users\/7"}],"replies":[{"embeddable":true,"href":"https:\/\/www.rr.senac.br\/portalsenac\/wp-json\/wp\/v2\/comments?post=8387"}],"version-history":[{"count":1,"href":"https:\/\/www.rr.senac.br\/portalsenac\/wp-json\/wp\/v2\/posts\/8387\/revisions"}],"predecessor-version":[{"id":8395,"href":"https:\/\/www.rr.senac.br\/portalsenac\/wp-json\/wp\/v2\/posts\/8387\/revisions\/8395"}],"wp:featuredmedia":[{"embeddable":true,"href":"https:\/\/www.rr.senac.br\/portalsenac\/wp-json\/wp\/v2\/media\/8393"}],"wp:attachment":[{"href":"https:\/\/www.rr.senac.br\/portalsenac\/wp-json\/wp\/v2\/media?parent=8387"}],"wp:term":[{"taxonomy":"category","embeddable":true,"href":"https:\/\/www.rr.senac.br\/portalsenac\/wp-json\/wp\/v2\/categories?post=8387"},{"taxonomy":"post_tag","embeddable":true,"href":"https:\/\/www.rr.senac.br\/portalsenac\/wp-json\/wp\/v2\/tags?post=8387"}],"curies":[{"name":"wp","href":"https:\/\/api.w.org\/{rel}","templated":true}]}}