{"id":8431,"date":"2025-05-05T09:16:21","date_gmt":"2025-05-05T13:16:21","guid":{"rendered":"https:\/\/www.rr.senac.br\/portalsenac\/?p=8431"},"modified":"2025-05-05T09:16:21","modified_gmt":"2025-05-05T13:16:21","slug":"senac-roraima-abre-vagas-gratuitas-de-cursos-tecnicos-e-livres-para-boa-vista-rr","status":"publish","type":"post","link":"https:\/\/www.rr.senac.br\/portalsenac\/senac-roraima-abre-vagas-gratuitas-de-cursos-tecnicos-e-livres-para-boa-vista-rr\/","title":{"rendered":"Senac Roraima abre vagas gratuitas de cursos t\u00e9cnicos e livres para Boa Vista (RR)"},"content":{"rendered":"\n<figure class=\"wp-block-image size-large\"><img data-recalc-dims=\"1\" fetchpriority=\"high\" decoding=\"async\" width=\"750\" height=\"500\" src=\"https:\/\/i0.wp.com\/www.rr.senac.br\/portalsenac\/wp-content\/uploads\/2025\/05\/senac_rr_gratuidade.jpeg?resize=750%2C500&#038;ssl=1\" alt=\"\" class=\"wp-image-8433\" srcset=\"https:\/\/i0.wp.com\/www.rr.senac.br\/portalsenac\/wp-content\/uploads\/2025\/05\/senac_rr_gratuidade.jpeg?resize=1024%2C682&amp;ssl=1 1024w, https:\/\/i0.wp.com\/www.rr.senac.br\/portalsenac\/wp-content\/uploads\/2025\/05\/senac_rr_gratuidade.jpeg?resize=300%2C200&amp;ssl=1 300w, https:\/\/i0.wp.com\/www.rr.senac.br\/portalsenac\/wp-content\/uploads\/2025\/05\/senac_rr_gratuidade.jpeg?resize=768%2C512&amp;ssl=1 768w, https:\/\/i0.wp.com\/www.rr.senac.br\/portalsenac\/wp-content\/uploads\/2025\/05\/senac_rr_gratuidade.jpeg?resize=1536%2C1023&amp;ssl=1 1536w, https:\/\/i0.wp.com\/www.rr.senac.br\/portalsenac\/wp-content\/uploads\/2025\/05\/senac_rr_gratuidade.jpeg?resize=1568%2C1045&amp;ssl=1 1568w, https:\/\/i0.wp.com\/www.rr.senac.br\/portalsenac\/wp-content\/uploads\/2025\/05\/senac_rr_gratuidade.jpeg?w=1600&amp;ssl=1 1600w\" sizes=\"(max-width: 750px) 100vw, 750px\" \/><\/figure>\n\n\n\n<p class=\"has-text-align-center\"><em>Inscri\u00e7\u00f5es no novo edital do PSG iniciam nesta ter\u00e7a-feira (06)<\/em><\/p>\n\n\n\n<div style=\"height:5px\" aria-hidden=\"true\" class=\"wp-block-spacer\"><\/div>\n\n\n\n<p>Na manh\u00e3 desta segunda-feira, 05, o Servi\u00e7o Nacional de Aprendizagem Comercial (Senac\/RR) lan\u00e7ou o mais novo edital do Programa Senac de Gratuidade, e oferece mais de 150 vagas para a popula\u00e7\u00e3o da cidade de Boa Vista &#8211; RR. As inscri\u00e7\u00f5es iniciam nesta ter\u00e7a-feira, 06, a partir das 8h30, diretamente no site do <a href=\"https:\/\/app.rr.senac.br\/psg\/#\/programa-senac-de-gratuidade\">Senac Roraima<\/a>.<\/p>\n\n\n\n<div style=\"height:4px\" aria-hidden=\"true\" class=\"wp-block-spacer\"><\/div>\n\n\n\n<p>Segundo os requisitos obrigat\u00f3rios do Programa, as vagas est\u00e3o destinadas a candidatos com renda m\u00e1xima de at\u00e9 dois sal\u00e1rios m\u00ednimos <em>per capita<\/em>, em situa\u00e7\u00e3o de desemprego, ou que sejam egressos de escola p\u00fablica; \u00e9 importante tamb\u00e9m observar os crit\u00e9rios espec\u00edficos para matr\u00edcula em cada um dos cursos. A etapa de entrega da documenta\u00e7\u00e3o acontece do dia 08, quinta-feira, ao dia 09, sexta-feira, presencialmente, na unidade de realiza\u00e7\u00e3o do curso.<\/p>\n\n\n\n<div style=\"height:2px\" aria-hidden=\"true\" class=\"wp-block-spacer\"><\/div>\n\n\n\n<p><a href=\"https:\/\/app.rr.senac.br\/send3\/site\/psg\/curso_selecao\/47332005\">SAIBA MAIS<\/a><\/p>\n\n\n\n<div style=\"height:1px\" aria-hidden=\"true\" class=\"wp-block-spacer\"><\/div>\n\n\n\n<p>Os t\u00edtulos em destaque deste edital s\u00e3o na \u00e1rea da sa\u00fade, inclusive com a oferta de cursos t\u00e9cnicos em Sa\u00fade Bucal e Nutri\u00e7\u00e3o e Diet\u00e9tica. O edital do Programa Senac de Gratuidade traz tamb\u00e9m cursos dos segmentos de hospedagem e design. As aulas t\u00eam previs\u00e3o de in\u00edcio ainda no m\u00eas de maio.<\/p>\n\n\n\n<div style=\"height:1px\" aria-hidden=\"true\" class=\"wp-block-spacer\"><\/div>\n\n\n\n<p>A \u00edntegra das informa\u00e7\u00f5es est\u00e1 dispon\u00edvel no<a href=\"https:\/\/app.rr.senac.br\/send3\/site\/psg\/curso_selecao\/47332005\"> edital<\/a>, que pode ser acessado no site do Senac. Acompanhe tamb\u00e9m nas redes sociais oficiais, @senacrr. As d\u00favidas podem ser esclarecidas atrav\u00e9s da Central de Atendimento, no WhatsApp: (95) 98420-9992.<\/p>\n\n\n\n<div style=\"height:0px\" aria-hidden=\"true\" class=\"wp-block-spacer\"><\/div>\n\n\n\n<details class=\"wp-block-details is-layout-flow wp-block-details-is-layout-flow\"><summary><strong><em>Confira os t\u00edtulos disponibilizados<\/em><\/strong><\/summary>\n<p>Recepcionista em Meios de Hospedagem \u2013 10 vagas &#8211; Unidade Ministro Ernane Galv\u00eaas (Senac S\u00e3o Francisco)<\/p>\n\n\n\n<p>Designer Gr\u00e1fico \u2013 20 vagas &#8211; Unidade Ministro Ernane Galv\u00eaas (Senac S\u00e3o Francisco)<\/p>\n\n\n\n<p>T\u00e9cnico em Nutri\u00e7\u00e3o e Diet\u00e9tica \u2013 19 vagas &#8211; Unidade Ministro Ernane Galv\u00eaas (Senac S\u00e3o Francisco)<\/p>\n\n\n\n<p>T\u00e9cnico em Sa\u00fade Bucal \u2013 19 vagas &#8211; Unidade Ministro Ernane Galv\u00eaas (Senac S\u00e3o Francisco)<\/p>\n\n\n\n<p>T\u00e9cnico em Seguran\u00e7a do Trabalho \u2013 18 vagas &#8211; Unidade Ministro Ernane Galv\u00eaas (Senac S\u00e3o Francisco)<\/p>\n\n\n\n<p>C\u00e1lculos e Seguran\u00e7a na Administra\u00e7\u00e3o de Medicamentos \u2013 20 vagas &#8211; Unidade Ministro Ernane Galv\u00eaas (Senac S\u00e3o Francisco)<\/p>\n\n\n\n<p>Cuidador Infantil \u2013 25 vagas &#8211; Unidade Ministro Bernardo Cabral (Senac Asa Branca)<\/p>\n\n\n\n<p>Primeiros Socorros: Abordagem Segura a V\u00edtima \u2013 25 vagas &#8211; Unidade Ministro Bernardo Cabral (Senac Asa Branca)<\/p>\n<\/details>\n\n\n\n<div style=\"height:0px\" aria-hidden=\"true\" class=\"wp-block-spacer\"><\/div>\n\n\n\n<p>Por Liana Lima, analista t\u00e9c. de comunica\u00e7\u00e3o do Senac\/RR<\/p>\n\n\n\n<div style=\"height:0px\" aria-hidden=\"true\" class=\"wp-block-spacer\"><\/div>\n\n\n\n<p><\/p>\n","protected":false},"excerpt":{"rendered":"<p>Inscri\u00e7\u00f5es no novo edital do PSG iniciam nesta ter\u00e7a-feira (06)<\/p>\n","protected":false},"author":7,"featured_media":8433,"comment_status":"closed","ping_status":"","sticky":false,"template":"","format":"standard","meta":{"_jetpack_memberships_contains_paid_content":false,"_joinchat":[],"footnotes":""},"categories":[12],"tags":[],"class_list":["post-8431","post","type-post","status-publish","format-standard","has-post-thumbnail","hentry","category-ultimas-noticias","entry"],"jetpack_featured_media_url":"https:\/\/i0.wp.com\/www.rr.senac.br\/portalsenac\/wp-content\/uploads\/2025\/05\/senac_rr_gratuidade.jpeg?fit=1600%2C1066&ssl=1","jetpack_sharing_enabled":true,"_links":{"self":[{"href":"https:\/\/www.rr.senac.br\/portalsenac\/wp-json\/wp\/v2\/posts\/8431","targetHints":{"allow":["GET"]}}],"collection":[{"href":"https:\/\/www.rr.senac.br\/portalsenac\/wp-json\/wp\/v2\/posts"}],"about":[{"href":"https:\/\/www.rr.senac.br\/portalsenac\/wp-json\/wp\/v2\/types\/post"}],"author":[{"embeddable":true,"href":"https:\/\/www.rr.senac.br\/portalsenac\/wp-json\/wp\/v2\/users\/7"}],"replies":[{"embeddable":true,"href":"https:\/\/www.rr.senac.br\/portalsenac\/wp-json\/wp\/v2\/comments?post=8431"}],"version-history":[{"count":1,"href":"https:\/\/www.rr.senac.br\/portalsenac\/wp-json\/wp\/v2\/posts\/8431\/revisions"}],"predecessor-version":[{"id":8434,"href":"https:\/\/www.rr.senac.br\/portalsenac\/wp-json\/wp\/v2\/posts\/8431\/revisions\/8434"}],"wp:featuredmedia":[{"embeddable":true,"href":"https:\/\/www.rr.senac.br\/portalsenac\/wp-json\/wp\/v2\/media\/8433"}],"wp:attachment":[{"href":"https:\/\/www.rr.senac.br\/portalsenac\/wp-json\/wp\/v2\/media?parent=8431"}],"wp:term":[{"taxonomy":"category","embeddable":true,"href":"https:\/\/www.rr.senac.br\/portalsenac\/wp-json\/wp\/v2\/categories?post=8431"},{"taxonomy":"post_tag","embeddable":true,"href":"https:\/\/www.rr.senac.br\/portalsenac\/wp-json\/wp\/v2\/tags?post=8431"}],"curies":[{"name":"wp","href":"https:\/\/api.w.org\/{rel}","templated":true}]}}