{"id":8487,"date":"2025-05-12T09:01:17","date_gmt":"2025-05-12T13:01:17","guid":{"rendered":"https:\/\/www.rr.senac.br\/portalsenac\/?p=8487"},"modified":"2025-05-12T09:06:02","modified_gmt":"2025-05-12T13:06:02","slug":"programa-senac-de-gratuidade-oferece-50-vagas-de-cursos-no-interior-do-estado","status":"publish","type":"post","link":"https:\/\/www.rr.senac.br\/portalsenac\/programa-senac-de-gratuidade-oferece-50-vagas-de-cursos-no-interior-do-estado\/","title":{"rendered":"Programa Senac de Gratuidade oferece 50 vagas de cursos no interior do estado"},"content":{"rendered":"\n<figure class=\"wp-block-image size-large\"><img data-recalc-dims=\"1\" fetchpriority=\"high\" decoding=\"async\" width=\"750\" height=\"500\" src=\"https:\/\/i0.wp.com\/www.rr.senac.br\/portalsenac\/wp-content\/uploads\/2025\/05\/cursos_gratuitos_senac_roraima.jpeg?resize=750%2C500&#038;ssl=1\" alt=\"\" class=\"wp-image-8485\" srcset=\"https:\/\/i0.wp.com\/www.rr.senac.br\/portalsenac\/wp-content\/uploads\/2025\/05\/cursos_gratuitos_senac_roraima.jpeg?resize=1024%2C682&amp;ssl=1 1024w, https:\/\/i0.wp.com\/www.rr.senac.br\/portalsenac\/wp-content\/uploads\/2025\/05\/cursos_gratuitos_senac_roraima.jpeg?resize=300%2C200&amp;ssl=1 300w, https:\/\/i0.wp.com\/www.rr.senac.br\/portalsenac\/wp-content\/uploads\/2025\/05\/cursos_gratuitos_senac_roraima.jpeg?resize=768%2C512&amp;ssl=1 768w, https:\/\/i0.wp.com\/www.rr.senac.br\/portalsenac\/wp-content\/uploads\/2025\/05\/cursos_gratuitos_senac_roraima.jpeg?resize=1536%2C1023&amp;ssl=1 1536w, https:\/\/i0.wp.com\/www.rr.senac.br\/portalsenac\/wp-content\/uploads\/2025\/05\/cursos_gratuitos_senac_roraima.jpeg?resize=1568%2C1045&amp;ssl=1 1568w, https:\/\/i0.wp.com\/www.rr.senac.br\/portalsenac\/wp-content\/uploads\/2025\/05\/cursos_gratuitos_senac_roraima.jpeg?w=1600&amp;ssl=1 1600w\" sizes=\"(max-width: 750px) 100vw, 750px\" \/><\/figure>\n\n\n\n<p class=\"has-text-align-center\"><em>Neste edital, inscri\u00e7\u00f5es para os cursos nos interiores ser\u00e3o online<\/em><\/p>\n\n\n\n<p>Mais um edital do Programa Senac de Gratuidade (PSG) no ar, mais chances para se capacitar! O Servi\u00e7o Nacional de Aprendizagem Comercial (Senac\/RR) divulgou 50 vagas de cursos 100% gr\u00e1tis nos munic\u00edpios de Rorain\u00f3polis e S\u00e3o Luiz do Anau\u00e1.<\/p>\n\n\n\n<div style=\"height:0px\" aria-hidden=\"true\" class=\"wp-block-spacer\"><\/div>\n\n\n\n<p>As inscri\u00e7\u00f5es iniciam nesta ter\u00e7a-feira, 13, a partir das 8h30, diretamente no site do <a href=\"https:\/\/app.rr.senac.br\/send3\/site\/psg\/curso_selecao\/8804619\">Senac Roraima<\/a>, novidade no processo de inscri\u00e7\u00f5es para os interiores, que previamente acontecia de forma presencial.<\/p>\n\n\n\n<div style=\"height:2px\" aria-hidden=\"true\" class=\"wp-block-spacer\"><\/div>\n\n\n\n<p>Segundo os requisitos obrigat\u00f3rios do Programa, as vagas est\u00e3o destinadas a candidatos com renda m\u00e1xima de at\u00e9 dois sal\u00e1rios m\u00ednimos <em>per capita<\/em>, em situa\u00e7\u00e3o de desemprego, ou que sejam egressos de escola p\u00fablica. \u00c9 importante tamb\u00e9m observar os crit\u00e9rios espec\u00edficos para matr\u00edcula em cada um dos cursos.<\/p>\n\n\n\n<div style=\"height:1px\" aria-hidden=\"true\" class=\"wp-block-spacer\"><\/div>\n\n\n\n<p>A etapa de entrega da documenta\u00e7\u00e3o acontece do dia 15, quinta-feira, a 16, sexta-feira, presencialmente na unidade de realiza\u00e7\u00e3o do curso. Este edital do Programa Senac de Gratuidade oferece cursos de Recepcionista, em Rorain\u00f3polis, e Promotor de Vendas, em S\u00e3o Luiz do Anau\u00e1. As aulas t\u00eam previs\u00e3o de in\u00edcio ainda no m\u00eas de maio. <\/p>\n\n\n\n<div style=\"height:4px\" aria-hidden=\"true\" class=\"wp-block-spacer\"><\/div>\n\n\n\n<p>A \u00edntegra das informa\u00e7\u00f5es est\u00e1 <a href=\"https:\/\/app.rr.senac.br\/send3\/resources\/upload\/edital\/219f50e880ed70d2f7c8143c68d6f6b1.pdf\">dispon\u00edvel no edital<\/a>, que pode ser acessado no site do Senac. Acompanhe tamb\u00e9m nas redes sociais oficiais, @senacrr. As d\u00favidas podem ser sclarecidas atrav\u00e9s da Central de Atendimento, no WhatsApp: (95) 98420-9992.<\/p>\n\n\n\n<div style=\"height:2px\" aria-hidden=\"true\" class=\"wp-block-spacer\"><\/div>\n\n\n\n<p>Por Liana Lima, analista t\u00e9c. de comunica\u00e7\u00e3o do Senac<\/p>\n\n\n\n<div style=\"height:0px\" aria-hidden=\"true\" class=\"wp-block-spacer\"><\/div>\n\n\n\n<p><\/p>\n","protected":false},"excerpt":{"rendered":"<p>Neste edital, inscri\u00e7\u00f5es para os cursos nos interiores ser\u00e3o online<\/p>\n","protected":false},"author":7,"featured_media":8485,"comment_status":"closed","ping_status":"","sticky":false,"template":"","format":"standard","meta":{"_jetpack_memberships_contains_paid_content":false,"_joinchat":[],"footnotes":""},"categories":[12],"tags":[46,50],"class_list":["post-8487","post","type-post","status-publish","format-standard","has-post-thumbnail","hentry","category-ultimas-noticias","tag-cursos-gratuitos","tag-municipios-de-roraima","entry"],"jetpack_featured_media_url":"https:\/\/i0.wp.com\/www.rr.senac.br\/portalsenac\/wp-content\/uploads\/2025\/05\/cursos_gratuitos_senac_roraima.jpeg?fit=1600%2C1066&ssl=1","jetpack_sharing_enabled":true,"_links":{"self":[{"href":"https:\/\/www.rr.senac.br\/portalsenac\/wp-json\/wp\/v2\/posts\/8487","targetHints":{"allow":["GET"]}}],"collection":[{"href":"https:\/\/www.rr.senac.br\/portalsenac\/wp-json\/wp\/v2\/posts"}],"about":[{"href":"https:\/\/www.rr.senac.br\/portalsenac\/wp-json\/wp\/v2\/types\/post"}],"author":[{"embeddable":true,"href":"https:\/\/www.rr.senac.br\/portalsenac\/wp-json\/wp\/v2\/users\/7"}],"replies":[{"embeddable":true,"href":"https:\/\/www.rr.senac.br\/portalsenac\/wp-json\/wp\/v2\/comments?post=8487"}],"version-history":[{"count":2,"href":"https:\/\/www.rr.senac.br\/portalsenac\/wp-json\/wp\/v2\/posts\/8487\/revisions"}],"predecessor-version":[{"id":8489,"href":"https:\/\/www.rr.senac.br\/portalsenac\/wp-json\/wp\/v2\/posts\/8487\/revisions\/8489"}],"wp:featuredmedia":[{"embeddable":true,"href":"https:\/\/www.rr.senac.br\/portalsenac\/wp-json\/wp\/v2\/media\/8485"}],"wp:attachment":[{"href":"https:\/\/www.rr.senac.br\/portalsenac\/wp-json\/wp\/v2\/media?parent=8487"}],"wp:term":[{"taxonomy":"category","embeddable":true,"href":"https:\/\/www.rr.senac.br\/portalsenac\/wp-json\/wp\/v2\/categories?post=8487"},{"taxonomy":"post_tag","embeddable":true,"href":"https:\/\/www.rr.senac.br\/portalsenac\/wp-json\/wp\/v2\/tags?post=8487"}],"curies":[{"name":"wp","href":"https:\/\/api.w.org\/{rel}","templated":true}]}}