{"id":8608,"date":"2025-06-02T10:29:37","date_gmt":"2025-06-02T14:29:37","guid":{"rendered":"https:\/\/www.rr.senac.br\/portalsenac\/?p=8608"},"modified":"2025-06-02T10:29:37","modified_gmt":"2025-06-02T14:29:37","slug":"saude-tecnologia-e-muito-mais-edital-010-2025-do-programa-senac-de-gratuidade-disponibiliza-mais-de-150-vagas-de-cursos-gratis-para-boa-vista-rr","status":"publish","type":"post","link":"https:\/\/www.rr.senac.br\/portalsenac\/saude-tecnologia-e-muito-mais-edital-010-2025-do-programa-senac-de-gratuidade-disponibiliza-mais-de-150-vagas-de-cursos-gratis-para-boa-vista-rr\/","title":{"rendered":"Sa\u00fade, tecnologia e muito mais: Edital 010\/2025 do Programa Senac de Gratuidade disponibiliza mais de 150 vagas de cursos gr\u00e1tis para Boa Vista (RR)"},"content":{"rendered":"\n<figure class=\"wp-block-image size-large\"><img data-recalc-dims=\"1\" fetchpriority=\"high\" decoding=\"async\" width=\"750\" height=\"500\" src=\"https:\/\/i0.wp.com\/www.rr.senac.br\/portalsenac\/wp-content\/uploads\/2025\/06\/senac_roraima_cursos_gratis.jpeg?resize=750%2C500&#038;ssl=1\" alt=\"\" class=\"wp-image-8609\" srcset=\"https:\/\/i0.wp.com\/www.rr.senac.br\/portalsenac\/wp-content\/uploads\/2025\/06\/senac_roraima_cursos_gratis.jpeg?resize=1024%2C682&amp;ssl=1 1024w, https:\/\/i0.wp.com\/www.rr.senac.br\/portalsenac\/wp-content\/uploads\/2025\/06\/senac_roraima_cursos_gratis.jpeg?resize=300%2C200&amp;ssl=1 300w, https:\/\/i0.wp.com\/www.rr.senac.br\/portalsenac\/wp-content\/uploads\/2025\/06\/senac_roraima_cursos_gratis.jpeg?resize=768%2C512&amp;ssl=1 768w, https:\/\/i0.wp.com\/www.rr.senac.br\/portalsenac\/wp-content\/uploads\/2025\/06\/senac_roraima_cursos_gratis.jpeg?resize=1536%2C1023&amp;ssl=1 1536w, https:\/\/i0.wp.com\/www.rr.senac.br\/portalsenac\/wp-content\/uploads\/2025\/06\/senac_roraima_cursos_gratis.jpeg?resize=1568%2C1045&amp;ssl=1 1568w, https:\/\/i0.wp.com\/www.rr.senac.br\/portalsenac\/wp-content\/uploads\/2025\/06\/senac_roraima_cursos_gratis.jpeg?w=1600&amp;ssl=1 1600w\" sizes=\"(max-width: 750px) 100vw, 750px\" \/><\/figure>\n\n\n\n<p class=\"has-text-align-center\"><em>Inscri\u00e7\u00f5es online come\u00e7am a partir das 8h30 deste dia 03, ter\u00e7a-feira<\/em><\/p>\n\n\n\n<div style=\"height:0px\" aria-hidden=\"true\" class=\"wp-block-spacer\"><\/div>\n\n\n\n<p>Com o lan\u00e7amento do novo edital de cursos gratuitos, na manh\u00e3 deste dia 02, segunda-feira, o Programa Senac de Gratuidade (PSG) consolida o regional do Senac em Roraima como grande incentivador da educa\u00e7\u00e3o profissional acess\u00edvel. Publicado no site da institui\u00e7\u00e3o, o <a href=\"https:\/\/app.rr.senac.br\/send3\/site\/psg\/curso_selecao\/8321762\">edital 010\/2025<\/a> disponibiliza mais de 150 vagas de cursos gr\u00e1tis para a capital, Boa Vista (RR). As inscri\u00e7\u00f5es <em>online<\/em> iniciam a partir das 8h30, do dia 03, ter\u00e7a-feira.<\/p>\n\n\n\n<div style=\"height:3px\" aria-hidden=\"true\" class=\"wp-block-spacer\"><\/div>\n\n\n\n<p>S\u00e3o oito t\u00edtulos de cursos em \u00e1reas estrat\u00e9gicas para atendimento da demanda de profissionaliza\u00e7\u00e3o, nos segmentos de <strong>tecnologia, gest\u00e3o, sa\u00fade, gastronomia e idiomas<\/strong>. Os cursos gratuitos oferecidos pelo PSG s\u00e3o destinados a pessoas em situa\u00e7\u00e3o de baixa renda, alunos da educa\u00e7\u00e3o b\u00e1sica e trabalhadores desempregados.<\/p>\n\n\n\n<div style=\"height:0px\" aria-hidden=\"true\" class=\"wp-block-spacer\"><\/div>\n\n\n\n<p>O atendimento dos requisitos estabelecidos em edital deve ser comprovado mediante entrega presencial de documenta\u00e7\u00e3o na unidade Senac de realiza\u00e7\u00e3o do curso, nos dias 05 e 06, quinta e sexta-feira. O gerente de educa\u00e7\u00e3o profissional do Senac\/RR, C\u00e9lio Melo, chama a aten\u00e7\u00e3o para a import\u00e2ncia da entrega da documenta\u00e7\u00e3o.<\/p>\n\n\n\n<div style=\"height:4px\" aria-hidden=\"true\" class=\"wp-block-spacer\"><\/div>\n\n\n\n<p><strong><em>\u201cOs candidatos devem observar os requisitos necess\u00e1rios para cada curso inclusive, seguir o cronograma da etapa da entrega de documenta\u00e7\u00e3o. \u00c9 importante realizar a entrega de documenta\u00e7\u00e3o para efetivar a sua matr\u00edcula\u201d<\/em><\/strong>, explica C\u00e9lio.<\/p>\n\n\n\n<div style=\"height:5px\" aria-hidden=\"true\" class=\"wp-block-spacer\"><\/div>\n\n\n\n<p>As aulas est\u00e3o previstas para iniciar na segunda semana de junho, e devem acontecer nas unidades do Senac nos bairros Asa Branca e S\u00e3o Francisco, em Boa Vista (RR). Maiores informa\u00e7\u00f5es podem ser consultadas <a href=\"https:\/\/app.rr.senac.br\/send3\/site\/psg\/curso_selecao\/8321762\">diretamente no edital<\/a>, ou ainda, nas redes sociais do Senac, @senacrr. Entre em contato tamb\u00e9m com a Central de Atendimento no WhatsApp: (95) 98420-9992.<\/p>\n\n\n\n<div style=\"height:0px\" aria-hidden=\"true\" class=\"wp-block-spacer\"><\/div>\n\n\n\n<details class=\"wp-block-details is-layout-flow wp-block-details-is-layout-flow\"><summary><strong>Confira os cursos dispon\u00edveis<\/strong><\/summary>\n<p>&#8211; Assistente de Produ\u00e7\u00e3o Gr\u00e1fica \u2013 20 vagas \u2013 Unidade Ministro Ernane Galv\u00eaas (Senac S\u00e3o Francisco)<\/p>\n\n\n\n<p>&#8211; Assistente de Suporte de T.I \u2013 20 vagas \u2013 Unidade Ministro Ernane Galv\u00eaas (Senac S\u00e3o Francisco)<\/p>\n\n\n\n<p>&#8211; Almoxarife \u2013 20 vagas \u2013 Unidade Ministro Ernane Galv\u00eaas (Senac S\u00e3o Francisco)<\/p>\n\n\n\n<p>&#8211; Assistente Administrativo \u2013 20 vagas \u2013 Unidade Ministro Ernane Galv\u00eaas (Senac S\u00e3o Francisco)<\/p>\n\n\n\n<p>&#8211; Salgadeiro \u2013 20 vagas &#8211; Unidade Ministro Ernane Galv\u00eaas (Senac S\u00e3o Francisco)<\/p>\n\n\n\n<p>&#8211; Emerg\u00eancias Obst\u00e9tricas \u2013 20 vagas &#8211; Unidade Ministro Ernane Galv\u00eaas (Senac S\u00e3o Francisco)<\/p>\n\n\n\n<p>&#8211; Atendimento Pr\u00e9-hospitalar \u2013 25 vagas &#8211; Unidade Ministro Bernardo Cabral (Senac Asa Branca)<\/p>\n\n\n\n<p>&#8211; Libras B\u00e1sico \u2013 15 vagas \u2013 Unidade Paulo do Vale Pereira Filho (Senac Idiomas)<\/p>\n<\/details>\n\n\n\n<div style=\"height:3px\" aria-hidden=\"true\" class=\"wp-block-spacer\"><\/div>\n\n\n\n<p>Por Liana Lima, analista t\u00e9c. de comunica\u00e7\u00e3o do Senac\/RR<\/p>\n\n\n\n<div style=\"height:0px\" aria-hidden=\"true\" class=\"wp-block-spacer\"><\/div>\n","protected":false},"excerpt":{"rendered":"<p>Inscri\u00e7\u00f5es online come\u00e7am a partir das 8h30 deste dia 03, ter\u00e7a-feira Com o lan\u00e7amento do novo edital de cursos gratuitos, na manh\u00e3 deste dia 02, segunda-feira, o Programa Senac de Gratuidade (PSG) consolida o regional do Senac em Roraima como grande incentivador da educa\u00e7\u00e3o profissional&hellip; <a class=\"more-link\" href=\"https:\/\/www.rr.senac.br\/portalsenac\/saude-tecnologia-e-muito-mais-edital-010-2025-do-programa-senac-de-gratuidade-disponibiliza-mais-de-150-vagas-de-cursos-gratis-para-boa-vista-rr\/\">Continuar lendo <span class=\"screen-reader-text\">Sa\u00fade, tecnologia e muito mais: Edital 010\/2025 do Programa Senac de Gratuidade disponibiliza mais de 150 vagas de cursos gr\u00e1tis para Boa Vista (RR)<\/span><\/a><\/p>\n","protected":false},"author":7,"featured_media":8609,"comment_status":"closed","ping_status":"","sticky":false,"template":"","format":"standard","meta":{"_jetpack_memberships_contains_paid_content":false,"_joinchat":[],"footnotes":""},"categories":[12],"tags":[46,56,57,48,54,53,55],"class_list":["post-8608","post","type-post","status-publish","format-standard","has-post-thumbnail","hentry","category-ultimas-noticias","tag-cursos-gratuitos","tag-gastronomia","tag-idiomas","tag-roraima","tag-saude","tag-senac-roraima","tag-tecnologia","entry"],"jetpack_featured_media_url":"https:\/\/i0.wp.com\/www.rr.senac.br\/portalsenac\/wp-content\/uploads\/2025\/06\/senac_roraima_cursos_gratis.jpeg?fit=1600%2C1066&ssl=1","jetpack_sharing_enabled":true,"_links":{"self":[{"href":"https:\/\/www.rr.senac.br\/portalsenac\/wp-json\/wp\/v2\/posts\/8608","targetHints":{"allow":["GET"]}}],"collection":[{"href":"https:\/\/www.rr.senac.br\/portalsenac\/wp-json\/wp\/v2\/posts"}],"about":[{"href":"https:\/\/www.rr.senac.br\/portalsenac\/wp-json\/wp\/v2\/types\/post"}],"author":[{"embeddable":true,"href":"https:\/\/www.rr.senac.br\/portalsenac\/wp-json\/wp\/v2\/users\/7"}],"replies":[{"embeddable":true,"href":"https:\/\/www.rr.senac.br\/portalsenac\/wp-json\/wp\/v2\/comments?post=8608"}],"version-history":[{"count":1,"href":"https:\/\/www.rr.senac.br\/portalsenac\/wp-json\/wp\/v2\/posts\/8608\/revisions"}],"predecessor-version":[{"id":8610,"href":"https:\/\/www.rr.senac.br\/portalsenac\/wp-json\/wp\/v2\/posts\/8608\/revisions\/8610"}],"wp:featuredmedia":[{"embeddable":true,"href":"https:\/\/www.rr.senac.br\/portalsenac\/wp-json\/wp\/v2\/media\/8609"}],"wp:attachment":[{"href":"https:\/\/www.rr.senac.br\/portalsenac\/wp-json\/wp\/v2\/media?parent=8608"}],"wp:term":[{"taxonomy":"category","embeddable":true,"href":"https:\/\/www.rr.senac.br\/portalsenac\/wp-json\/wp\/v2\/categories?post=8608"},{"taxonomy":"post_tag","embeddable":true,"href":"https:\/\/www.rr.senac.br\/portalsenac\/wp-json\/wp\/v2\/tags?post=8608"}],"curies":[{"name":"wp","href":"https:\/\/api.w.org\/{rel}","templated":true}]}}