{"id":8620,"date":"2025-06-16T11:53:13","date_gmt":"2025-06-16T15:53:13","guid":{"rendered":"https:\/\/www.rr.senac.br\/portalsenac\/?p=8620"},"modified":"2025-06-16T11:53:13","modified_gmt":"2025-06-16T15:53:13","slug":"conexoes-empreendedoras-senac-roraima-promove-oficinas-voltadas-para-empresarios-e-mei","status":"publish","type":"post","link":"https:\/\/www.rr.senac.br\/portalsenac\/conexoes-empreendedoras-senac-roraima-promove-oficinas-voltadas-para-empresarios-e-mei\/","title":{"rendered":"Conex\u00f5es Empreendedoras: Senac Roraima promove oficinas voltadas para empres\u00e1rios e MEI"},"content":{"rendered":"\n<figure class=\"wp-block-image size-large\"><img data-recalc-dims=\"1\" fetchpriority=\"high\" decoding=\"async\" width=\"750\" height=\"500\" src=\"https:\/\/i0.wp.com\/www.rr.senac.br\/portalsenac\/wp-content\/uploads\/2025\/06\/senac_roraima_empreendedorismo.jpg?resize=750%2C500&#038;ssl=1\" alt=\"\" class=\"wp-image-8621\" srcset=\"https:\/\/i0.wp.com\/www.rr.senac.br\/portalsenac\/wp-content\/uploads\/2025\/06\/senac_roraima_empreendedorismo-scaled.jpg?resize=1024%2C682&amp;ssl=1 1024w, https:\/\/i0.wp.com\/www.rr.senac.br\/portalsenac\/wp-content\/uploads\/2025\/06\/senac_roraima_empreendedorismo-scaled.jpg?resize=300%2C200&amp;ssl=1 300w, https:\/\/i0.wp.com\/www.rr.senac.br\/portalsenac\/wp-content\/uploads\/2025\/06\/senac_roraima_empreendedorismo-scaled.jpg?resize=768%2C512&amp;ssl=1 768w, https:\/\/i0.wp.com\/www.rr.senac.br\/portalsenac\/wp-content\/uploads\/2025\/06\/senac_roraima_empreendedorismo-scaled.jpg?resize=1536%2C1023&amp;ssl=1 1536w, https:\/\/i0.wp.com\/www.rr.senac.br\/portalsenac\/wp-content\/uploads\/2025\/06\/senac_roraima_empreendedorismo-scaled.jpg?resize=2048%2C1364&amp;ssl=1 2048w, https:\/\/i0.wp.com\/www.rr.senac.br\/portalsenac\/wp-content\/uploads\/2025\/06\/senac_roraima_empreendedorismo-scaled.jpg?resize=1568%2C1044&amp;ssl=1 1568w, https:\/\/i0.wp.com\/www.rr.senac.br\/portalsenac\/wp-content\/uploads\/2025\/06\/senac_roraima_empreendedorismo-scaled.jpg?w=2250&amp;ssl=1 2250w\" sizes=\"(max-width: 750px) 100vw, 750px\" \/><\/figure>\n\n\n\n<p class=\"has-text-align-center\"><em>O evento foca em potencializar os neg\u00f3cios<\/em><\/p>\n\n\n\n<div style=\"height:2px\" aria-hidden=\"true\" class=\"wp-block-spacer\"><\/div>\n\n\n\n<p>Nesta ter\u00e7a-feira, 17, o Servi\u00e7o Nacional de Aprendizagem Comercial (Senac\/RR) realiza o evento \u201cConex\u00f5es Empreendedoras: Saberes Para o Sucesso\u201d, voltado ao p\u00fablico de empres\u00e1rios e microempreendedores individuais (MEI). O evento acontece a partir das 19h, na unidade Ministro Bernardo Cabral (Senac Asa Branca), localizada na Rua Hor\u00e1cio Mardel de Magalh\u00e3es, n\u00ba 400, bairro Asa Branca. A entrada \u00e9 gratuita, e para participar basta realizar a <a href=\"https:\/\/forms.office.com\/pages\/responsepage.aspx?id=OjP5s9VXUkOcShNKSkXTsm6PLycG6nVKtDV-S36oB05UN1haNFUxVDkwWkhKQVdXRVdSNURUSzlaTSQlQCNjPTEu&amp;origin=QRCode&amp;route=shorturl\">inscri\u00e7\u00e3o <em>online<\/em><\/a>.<\/p>\n\n\n\n<div style=\"height:0px\" aria-hidden=\"true\" class=\"wp-block-spacer\"><\/div>\n\n\n\n<p>O \u201cConex\u00f5es Empreendedoras\u201d, que \u00e9 promovido e idealizado pelos docentes, e alunos, dos cursos de Marketing, Administra\u00e7\u00e3o, Com\u00e9rcio Exterior e Recursos Humanos do Senac, apresentar\u00e1 oficinas e atividades voltadas para conectar Microempreendedores Individuais (MEI), e empres\u00e1rios no geral, com solu\u00e7\u00f5es para os seus neg\u00f3cios.<\/p>\n\n\n\n<div style=\"height:3px\" aria-hidden=\"true\" class=\"wp-block-spacer\"><\/div>\n\n\n\n<p><strong><a href=\"https:\/\/forms.office.com\/pages\/responsepage.aspx?id=OjP5s9VXUkOcShNKSkXTsm6PLycG6nVKtDV-S36oB05UN1haNFUxVDkwWkhKQVdXRVdSNURUSzlaTSQlQCNjPTEu&amp;origin=QRCode&amp;route=shorturl\">INSCREVA-SE NO EVENTO<\/a><\/strong><\/p>\n\n\n\n<div style=\"height:1px\" aria-hidden=\"true\" class=\"wp-block-spacer\"><\/div>\n\n\n\n<p><strong>Conex\u00f5es Empreendedores: Saberes para o Sucesso<\/strong> <\/p>\n\n\n\n<p>A iniciativa do evento surgiu diante dos desafios enfrentados no mundo do empreendedorismo, com foco no conhecimento t\u00e9cnico e competitividade do mercado. O evento visa capacitar empreendedores, al\u00e9m de fornecer solu\u00e7\u00f5es pr\u00e1ticas e acess\u00edveis para os desafios do dia a dia.<\/p>\n\n\n\n<details class=\"wp-block-details is-layout-flow wp-block-details-is-layout-flow\"><summary>Confira a programa\u00e7\u00e3o de oficinas tem\u00e1ticas<\/summary>\n<p>&#8211; <strong>Marketing<\/strong> O que postar nas redes sociais para vender mais?<\/p>\n\n\n\n<p>&#8211; <strong>Administra\u00e7\u00e3o<\/strong> MEI na pr\u00e1tica: planejamento e gest\u00e3o estrat\u00e9gica para resultados<\/p>\n\n\n\n<p>&#8211; <strong>Com\u00e9rcio Exterior <\/strong>MEI do Zero: etapas e cuidados na abertura do seu neg\u00f3cio<\/p>\n\n\n\n<p>&#8211; <strong>Com\u00e9rcio Exterior <\/strong>Gest\u00e3o estrat\u00e9gica de estoques para MEI <\/p>\n\n\n\n<p>&#8211; <strong>Recursos Humanos <\/strong>Gest\u00e3o do tempo e produtividade para pequenos neg\u00f3cios<\/p>\n<\/details>\n\n\n\n<div style=\"height:5px\" aria-hidden=\"true\" class=\"wp-block-spacer\"><\/div>\n\n\n\n<p>Mais informa\u00e7\u00f5es podem ser conferidas nas redes sociais do Senac Roraima (@Senacrr).<\/p>\n\n\n\n<div style=\"height:0px\" aria-hidden=\"true\" class=\"wp-block-spacer\"><\/div>\n\n\n\n<p>Por Liana Lima, analista t\u00e9c. de comunica\u00e7\u00e3o do Senac\/RR.<\/p>\n\n\n\n<div style=\"height:3px\" aria-hidden=\"true\" class=\"wp-block-spacer\"><\/div>\n","protected":false},"excerpt":{"rendered":"<p>O evento foca em potencializar os neg\u00f3cios Nesta ter\u00e7a-feira, 17, o Servi\u00e7o Nacional de Aprendizagem Comercial (Senac\/RR) realiza o evento \u201cConex\u00f5es Empreendedoras: Saberes Para o Sucesso\u201d, voltado ao p\u00fablico de empres\u00e1rios e microempreendedores individuais (MEI). O evento acontece a partir das 19h, na unidade Ministro&hellip; <a class=\"more-link\" href=\"https:\/\/www.rr.senac.br\/portalsenac\/conexoes-empreendedoras-senac-roraima-promove-oficinas-voltadas-para-empresarios-e-mei\/\">Continuar lendo <span class=\"screen-reader-text\">Conex\u00f5es Empreendedoras: Senac Roraima promove oficinas voltadas para empres\u00e1rios e MEI<\/span><\/a><\/p>\n","protected":false},"author":7,"featured_media":8621,"comment_status":"closed","ping_status":"closed","sticky":false,"template":"","format":"standard","meta":{"_jetpack_memberships_contains_paid_content":false,"_joinchat":[],"footnotes":""},"categories":[12],"tags":[58,59,60,48],"class_list":["post-8620","post","type-post","status-publish","format-standard","has-post-thumbnail","hentry","category-ultimas-noticias","tag-empreendorismo","tag-empresarios","tag-evento-gratuito","tag-roraima","entry"],"jetpack_featured_media_url":"https:\/\/i0.wp.com\/www.rr.senac.br\/portalsenac\/wp-content\/uploads\/2025\/06\/senac_roraima_empreendedorismo-scaled.jpg?fit=2560%2C1705&ssl=1","jetpack_sharing_enabled":true,"_links":{"self":[{"href":"https:\/\/www.rr.senac.br\/portalsenac\/wp-json\/wp\/v2\/posts\/8620","targetHints":{"allow":["GET"]}}],"collection":[{"href":"https:\/\/www.rr.senac.br\/portalsenac\/wp-json\/wp\/v2\/posts"}],"about":[{"href":"https:\/\/www.rr.senac.br\/portalsenac\/wp-json\/wp\/v2\/types\/post"}],"author":[{"embeddable":true,"href":"https:\/\/www.rr.senac.br\/portalsenac\/wp-json\/wp\/v2\/users\/7"}],"replies":[{"embeddable":true,"href":"https:\/\/www.rr.senac.br\/portalsenac\/wp-json\/wp\/v2\/comments?post=8620"}],"version-history":[{"count":1,"href":"https:\/\/www.rr.senac.br\/portalsenac\/wp-json\/wp\/v2\/posts\/8620\/revisions"}],"predecessor-version":[{"id":8622,"href":"https:\/\/www.rr.senac.br\/portalsenac\/wp-json\/wp\/v2\/posts\/8620\/revisions\/8622"}],"wp:featuredmedia":[{"embeddable":true,"href":"https:\/\/www.rr.senac.br\/portalsenac\/wp-json\/wp\/v2\/media\/8621"}],"wp:attachment":[{"href":"https:\/\/www.rr.senac.br\/portalsenac\/wp-json\/wp\/v2\/media?parent=8620"}],"wp:term":[{"taxonomy":"category","embeddable":true,"href":"https:\/\/www.rr.senac.br\/portalsenac\/wp-json\/wp\/v2\/categories?post=8620"},{"taxonomy":"post_tag","embeddable":true,"href":"https:\/\/www.rr.senac.br\/portalsenac\/wp-json\/wp\/v2\/tags?post=8620"}],"curies":[{"name":"wp","href":"https:\/\/api.w.org\/{rel}","templated":true}]}}