{"id":8627,"date":"2025-06-24T09:25:59","date_gmt":"2025-06-24T13:25:59","guid":{"rendered":"https:\/\/www.rr.senac.br\/portalsenac\/?p=8627"},"modified":"2025-06-24T09:25:59","modified_gmt":"2025-06-24T13:25:59","slug":"senac-roraima-lanca-editais-de-cursos-gratis-em-diversos-segmentos-para-unidades-no-interior-e-capital","status":"publish","type":"post","link":"https:\/\/www.rr.senac.br\/portalsenac\/senac-roraima-lanca-editais-de-cursos-gratis-em-diversos-segmentos-para-unidades-no-interior-e-capital\/","title":{"rendered":"Senac Roraima lan\u00e7a editais de cursos gr\u00e1tis em diversos segmentos, para unidades no interior e capital"},"content":{"rendered":"\n<figure class=\"wp-block-image size-large\"><img data-recalc-dims=\"1\" fetchpriority=\"high\" decoding=\"async\" width=\"750\" height=\"500\" src=\"https:\/\/i0.wp.com\/www.rr.senac.br\/portalsenac\/wp-content\/uploads\/2025\/06\/cursos_tecnicos_gratuitos_senacrr.jpeg?resize=750%2C500&#038;ssl=1\" alt=\"\" class=\"wp-image-8629\" srcset=\"https:\/\/i0.wp.com\/www.rr.senac.br\/portalsenac\/wp-content\/uploads\/2025\/06\/cursos_tecnicos_gratuitos_senacrr.jpeg?resize=1024%2C682&amp;ssl=1 1024w, https:\/\/i0.wp.com\/www.rr.senac.br\/portalsenac\/wp-content\/uploads\/2025\/06\/cursos_tecnicos_gratuitos_senacrr.jpeg?resize=300%2C200&amp;ssl=1 300w, https:\/\/i0.wp.com\/www.rr.senac.br\/portalsenac\/wp-content\/uploads\/2025\/06\/cursos_tecnicos_gratuitos_senacrr.jpeg?resize=768%2C512&amp;ssl=1 768w, https:\/\/i0.wp.com\/www.rr.senac.br\/portalsenac\/wp-content\/uploads\/2025\/06\/cursos_tecnicos_gratuitos_senacrr.jpeg?resize=1536%2C1023&amp;ssl=1 1536w, https:\/\/i0.wp.com\/www.rr.senac.br\/portalsenac\/wp-content\/uploads\/2025\/06\/cursos_tecnicos_gratuitos_senacrr.jpeg?resize=1568%2C1045&amp;ssl=1 1568w, https:\/\/i0.wp.com\/www.rr.senac.br\/portalsenac\/wp-content\/uploads\/2025\/06\/cursos_tecnicos_gratuitos_senacrr.jpeg?w=1600&amp;ssl=1 1600w\" sizes=\"(max-width: 750px) 100vw, 750px\" \/><\/figure>\n\n\n\n<p class=\"has-text-align-center\"><em>Novos editais do Programa Senac de Gratuidade do Senac\/RR incluem cursos t\u00e9cnicos<\/em><\/p>\n\n\n\n<div style=\"height:1px\" aria-hidden=\"true\" class=\"wp-block-spacer\"><\/div>\n\n\n\n<p>Na manh\u00e3 deste dia 24, ter\u00e7a-feira, o Servi\u00e7o Nacional de Aprendizagem Comercial (Senac\/RR) lan\u00e7ou dois editais do Programa Senac de Gratuidade, o PSG. \u00a0Os editais divulgados preveem vagas que contemplam as unidades do Senac tanto na capital, como nos munic\u00edpios de Iracema, Rorain\u00f3polis, S\u00e3o Jo\u00e3o da Baliza, e S\u00e3o Luiz do Anau\u00e1. Ao todo, s\u00e3o ofertadas 535 vagas, sendo mais de 300 para a capital, e mais de 200 vagas para os interiores.<\/p>\n\n\n\n<div style=\"height:3px\" aria-hidden=\"true\" class=\"wp-block-spacer\"><\/div>\n\n\n\n<p>Para matricular-se em um dos cursos gratuitos oferecidos pelo PSG os candidatos devem atender os requisitos de baixa renda, ser aluno da educa\u00e7\u00e3o b\u00e1sica e\/ou trabalhador desempregado. <strong>As inscri\u00e7\u00f5es iniciam nesta quarta-feira, 25, a partir das 8h30 no <a href=\"https:\/\/app.rr.senac.br\/send3\/site\/psg\">site rr.senac.br<\/a><\/strong>.<\/p>\n\n\n\n<div style=\"height:0px\" aria-hidden=\"true\" class=\"wp-block-spacer\"><\/div>\n\n\n\n<p>Neste edital, os cursos ofertados incluem t\u00edtulos imperd\u00edveis como <strong>Programa\u00e7\u00e3o em Python, Design de Games, al\u00e9m de cursos t\u00e9cnicos em Administra\u00e7\u00e3o, e cursos profissionalizantes na \u00e1rea da sa\u00fade.<\/strong> Para confirmar a matr\u00edcula \u00e9 essencial realizar a etapa de entrega da documenta\u00e7\u00e3o, seguindo cronograma disposto em edital.<\/p>\n\n\n\n<div style=\"height:2px\" aria-hidden=\"true\" class=\"wp-block-spacer\"><\/div>\n\n\n\n<details class=\"wp-block-details is-layout-flow wp-block-details-is-layout-flow\"><summary><strong>Consulte os cursos e vagas dispon\u00edveis<\/strong><\/summary>\n<p><strong>Senac S\u00e3o Francisco \u2013 Boa Vista (RR)<\/strong><\/p>\n\n\n\n<p>Forma\u00e7\u00e3o \u2013 Programa\u00e7\u00e3o em Pyhton \u2013 24 vagas<\/p>\n\n\n\n<p>Promotor de Vendas \u2013 20 vagas<\/p>\n\n\n\n<p>Assistente de Contabilidade \u2013 20 vagas<\/p>\n\n\n\n<p>T\u00e9cnico em Administra\u00e7\u00e3o \u2013 20 vagas<\/p>\n\n\n\n<p>Sou Recepcionista \u2013 20 vagas<\/p>\n\n\n\n<p>Atendente de Farm\u00e1cia \u2013 20 vagas&nbsp;<\/p>\n\n\n\n<p>Cuidador de Idoso \u2013 20 vagas<\/p>\n\n\n\n<p><strong>Senac Asa Branca \u2013 Boa Vista (RR)<\/strong><\/p>\n\n\n\n<p>Assistente de Recursos Humanos \u2013 30 vagas<\/p>\n\n\n\n<p>Assistente de Log\u00edstica \u2013 30 vagas<\/p>\n\n\n\n<p>Qualidade nas Rela\u00e7\u00f5es Interpessoais e no Atendimento ao Cliente \u2013 20 vagas<\/p>\n\n\n\n<p>Costureiro \u2013 12 vagas<\/p>\n\n\n\n<p>Costureiro \u2013 12 vagas<\/p>\n\n\n\n<p><strong>Senac Idiomas \u2013 Boa Vista (RR)<\/strong><\/p>\n\n\n\n<p>No\u00e7\u00f5es B\u00e1sicas das Rotinas Administrativas \u2013 20 vagas<\/p>\n\n\n\n<p>Desenvolvimento Profissional \u2013 20 vagas<\/p>\n\n\n\n<p>Marketing em M\u00eddias Digitais e Redes Sociais \u2013 20 vagas<\/p>\n\n\n\n<p><strong>Senac Norm\u00e9lia Mafra \u2013 S\u00e3o Luiz do Anau\u00e1 (RR)<\/strong><\/p>\n\n\n\n<p>Cuidador Infantil \u2013 20 vagas<\/p>\n\n\n\n<p>Cuidador de Pessoas com Defici\u00eancia \u2013 20 vagas<\/p>\n\n\n\n<p>Forma\u00e7\u00e3o Excel: do B\u00e1sico ao Avan\u00e7ado \u2013 18 vagas<\/p>\n\n\n\n<p>Forma\u00e7\u00e3o Excel: do B\u00e1sico ao Avan\u00e7ado \u2013 18 vagas<\/p>\n\n\n\n<p>T\u00e9cnico em Administra\u00e7\u00e3o \u2013 20 vagas<\/p>\n\n\n\n<p><strong>Senac &#8211; S\u00e3o Jo\u00e3o da Baliza (RR)<\/strong><\/p>\n\n\n\n<p>Assistente Administrativo \u2013 20 vagas<\/p>\n\n\n\n<p>Inform\u00e1tica B\u00e1sica e Avan\u00e7ada \u2013 15 vagas<\/p>\n\n\n\n<p>Inform\u00e1tica B\u00e1sica e Avan\u00e7ada \u2013 15 vagas<\/p>\n\n\n\n<p><strong>Senac \u2013 Rorain\u00f3polis (RR)<\/strong><\/p>\n\n\n\n<p>Assistente Administrativo \u2013 20 vagas<\/p>\n\n\n\n<p><strong>Senac \u2013 Iracema (RR)<\/strong><\/p>\n\n\n\n<p>Design de Games &#8211; N\u00edvel Iniciante \u2013 18 vagas<\/p>\n\n\n\n<p>Assistente de Suporte e Manuten\u00e7\u00e3o de Computadores \u2013 18 vagas<\/p>\n\n\n\n<p>Assistente de Recursos Humanos \u2013 20 vagas<\/p>\n<\/details>\n\n\n\n<div style=\"height:1px\" aria-hidden=\"true\" class=\"wp-block-spacer\"><\/div>\n\n\n\n<p>As aulas est\u00e3o previstas para iniciar no m\u00eas de julho, e devem acontecer nas unidades do Senac nos bairros Asa Branca e S\u00e3o Francisco, em Boa Vista (RR), na unidade Norm\u00e9lia Mafra, em S\u00e3o Luiz do Anau\u00e1, e nas unidades compartilhadas Sesc\/Senac em Iracema, Rorain\u00f3polis e S\u00e3o Jo\u00e3o da Baliza.<\/p>\n\n\n\n<div style=\"height:1px\" aria-hidden=\"true\" class=\"wp-block-spacer\"><\/div>\n\n\n\n<p>Maiores informa\u00e7\u00f5es podem ser consultadas diretamente nos <a href=\"https:\/\/app.rr.senac.br\/send3\/site\/psg\">editais<\/a>, ou nas redes sociais oficiais do Senac, @senacrr. Entre em contato tamb\u00e9m com a Central de Atendimento no WhatsApp: (95) 98420-9992.<\/p>\n\n\n\n<div style=\"height:0px\" aria-hidden=\"true\" class=\"wp-block-spacer\"><\/div>\n\n\n\n<p>Por Liana Lima, analista t\u00e9c. de comunica\u00e7\u00e3o do Senac\/RR<\/p>\n\n\n\n<div style=\"height:4px\" aria-hidden=\"true\" class=\"wp-block-spacer\"><\/div>\n","protected":false},"excerpt":{"rendered":"<p>Novos editais do Programa Senac de Gratuidade do Senac\/RR incluem cursos t\u00e9cnicos Na manh\u00e3 deste dia 24, ter\u00e7a-feira, o Servi\u00e7o Nacional de Aprendizagem Comercial (Senac\/RR) lan\u00e7ou dois editais do Programa Senac de Gratuidade, o PSG. \u00a0Os editais divulgados preveem vagas que contemplam as unidades do&hellip; <a class=\"more-link\" href=\"https:\/\/www.rr.senac.br\/portalsenac\/senac-roraima-lanca-editais-de-cursos-gratis-em-diversos-segmentos-para-unidades-no-interior-e-capital\/\">Continuar lendo <span class=\"screen-reader-text\">Senac Roraima lan\u00e7a editais de cursos gr\u00e1tis em diversos segmentos, para unidades no interior e capital<\/span><\/a><\/p>\n","protected":false},"author":7,"featured_media":8629,"comment_status":"closed","ping_status":"closed","sticky":false,"template":"","format":"standard","meta":{"_jetpack_memberships_contains_paid_content":false,"_joinchat":[],"footnotes":""},"categories":[12],"tags":[46,61,48,54,53,55],"class_list":["post-8627","post","type-post","status-publish","format-standard","has-post-thumbnail","hentry","category-ultimas-noticias","tag-cursos-gratuitos","tag-gestao","tag-roraima","tag-saude","tag-senac-roraima","tag-tecnologia","entry"],"jetpack_featured_media_url":"https:\/\/i0.wp.com\/www.rr.senac.br\/portalsenac\/wp-content\/uploads\/2025\/06\/cursos_tecnicos_gratuitos_senacrr.jpeg?fit=1600%2C1066&ssl=1","jetpack_sharing_enabled":true,"_links":{"self":[{"href":"https:\/\/www.rr.senac.br\/portalsenac\/wp-json\/wp\/v2\/posts\/8627","targetHints":{"allow":["GET"]}}],"collection":[{"href":"https:\/\/www.rr.senac.br\/portalsenac\/wp-json\/wp\/v2\/posts"}],"about":[{"href":"https:\/\/www.rr.senac.br\/portalsenac\/wp-json\/wp\/v2\/types\/post"}],"author":[{"embeddable":true,"href":"https:\/\/www.rr.senac.br\/portalsenac\/wp-json\/wp\/v2\/users\/7"}],"replies":[{"embeddable":true,"href":"https:\/\/www.rr.senac.br\/portalsenac\/wp-json\/wp\/v2\/comments?post=8627"}],"version-history":[{"count":1,"href":"https:\/\/www.rr.senac.br\/portalsenac\/wp-json\/wp\/v2\/posts\/8627\/revisions"}],"predecessor-version":[{"id":8630,"href":"https:\/\/www.rr.senac.br\/portalsenac\/wp-json\/wp\/v2\/posts\/8627\/revisions\/8630"}],"wp:featuredmedia":[{"embeddable":true,"href":"https:\/\/www.rr.senac.br\/portalsenac\/wp-json\/wp\/v2\/media\/8629"}],"wp:attachment":[{"href":"https:\/\/www.rr.senac.br\/portalsenac\/wp-json\/wp\/v2\/media?parent=8627"}],"wp:term":[{"taxonomy":"category","embeddable":true,"href":"https:\/\/www.rr.senac.br\/portalsenac\/wp-json\/wp\/v2\/categories?post=8627"},{"taxonomy":"post_tag","embeddable":true,"href":"https:\/\/www.rr.senac.br\/portalsenac\/wp-json\/wp\/v2\/tags?post=8627"}],"curies":[{"name":"wp","href":"https:\/\/api.w.org\/{rel}","templated":true}]}}