{"id":8641,"date":"2025-07-03T18:53:58","date_gmt":"2025-07-03T22:53:58","guid":{"rendered":"https:\/\/www.rr.senac.br\/portalsenac\/?p=8641"},"modified":"2025-07-03T18:53:58","modified_gmt":"2025-07-03T22:53:58","slug":"tbt-senac-4a-edicao-do-casamento-coletivo-do-senac-foi-uma-aula-de-como-celebrar-o-amor","status":"publish","type":"post","link":"https:\/\/www.rr.senac.br\/portalsenac\/tbt-senac-4a-edicao-do-casamento-coletivo-do-senac-foi-uma-aula-de-como-celebrar-o-amor\/","title":{"rendered":"#TBT Senac: 4\u00aa Edi\u00e7\u00e3o do Casamento Coletivo do Senac foi uma aula de como celebrar o amor"},"content":{"rendered":"\n<figure class=\"wp-block-image size-large\"><img data-recalc-dims=\"1\" fetchpriority=\"high\" decoding=\"async\" width=\"750\" height=\"500\" src=\"https:\/\/i0.wp.com\/www.rr.senac.br\/portalsenac\/wp-content\/uploads\/2025\/07\/casamento_coletivo_2025_senacrr-4.jpeg?resize=750%2C500&#038;ssl=1\" alt=\"\" class=\"wp-image-8642\" srcset=\"https:\/\/i0.wp.com\/www.rr.senac.br\/portalsenac\/wp-content\/uploads\/2025\/07\/casamento_coletivo_2025_senacrr-4.jpeg?resize=1024%2C682&amp;ssl=1 1024w, https:\/\/i0.wp.com\/www.rr.senac.br\/portalsenac\/wp-content\/uploads\/2025\/07\/casamento_coletivo_2025_senacrr-4.jpeg?resize=300%2C200&amp;ssl=1 300w, https:\/\/i0.wp.com\/www.rr.senac.br\/portalsenac\/wp-content\/uploads\/2025\/07\/casamento_coletivo_2025_senacrr-4.jpeg?resize=768%2C512&amp;ssl=1 768w, https:\/\/i0.wp.com\/www.rr.senac.br\/portalsenac\/wp-content\/uploads\/2025\/07\/casamento_coletivo_2025_senacrr-4.jpeg?resize=1536%2C1023&amp;ssl=1 1536w, https:\/\/i0.wp.com\/www.rr.senac.br\/portalsenac\/wp-content\/uploads\/2025\/07\/casamento_coletivo_2025_senacrr-4.jpeg?resize=1568%2C1045&amp;ssl=1 1568w, https:\/\/i0.wp.com\/www.rr.senac.br\/portalsenac\/wp-content\/uploads\/2025\/07\/casamento_coletivo_2025_senacrr-4.jpeg?w=1600&amp;ssl=1 1600w\" sizes=\"(max-width: 750px) 100vw, 750px\" \/><\/figure>\n\n\n\n<p class=\"has-text-align-center\"><em>Vamos relembrar a cerim\u00f4nia de casamento onde 10 casais oficializaram a uni\u00e3o, de forma totalmente gratuita<\/em><\/p>\n\n\n\n<div style=\"height:0px\" aria-hidden=\"true\" class=\"wp-block-spacer\"><\/div>\n\n\n\n<p>Na troca de alian\u00e7as, as l\u00e1grimas de emo\u00e7\u00e3o n\u00e3o couberam no peito diante dos votos declarados pelos noivos e noivas da 4\u00aa edi\u00e7\u00e3o do Casamento Coletivo do Senac. No \u00faltimo dia 26, quinta-feira, familiares e amigos se reuniram para prestigiar a oficializa\u00e7\u00e3o da uni\u00e3o de 10 casais, previamente selecionados para o projeto do Senac Roraima. Alta gest\u00e3o, funcion\u00e1rios, instrutores e alunos do Senac Roraima tamb\u00e9m marcaram presen\u00e7a no bel\u00edssimo evento.<\/p>\n\n\n\n<div style=\"height:1px\" aria-hidden=\"true\" class=\"wp-block-spacer\"><\/div>\n\n\n\n<p>Para a imprensa local, o Presidente do Sistema Fecom\u00e9rcio-Sesc-Senac-IFPD em Roraima, Ademir dos Santos, refor\u00e7ou a import\u00e2ncia da iniciativa:<strong> <em>\u201c\u00c9 o momento em que nossos alunos fazem a apresenta\u00e7\u00e3o do Projeto Integrador, e n\u00f3s proporcionamos na vida destas 10 fam\u00edlias, esse momento \u00edmpar que \u00e9 o casamento. Paralelo a isso, qualificamos ainda mais a m\u00e3o de obra para o com\u00e9rcio\u201d.<\/em><\/strong><\/p>\n\n\n\n<div style=\"height:4px\" aria-hidden=\"true\" class=\"wp-block-spacer\"><\/div>\n\n\n\n<figure class=\"wp-block-image size-large\"><img data-recalc-dims=\"1\" decoding=\"async\" width=\"750\" height=\"500\" src=\"https:\/\/i0.wp.com\/www.rr.senac.br\/portalsenac\/wp-content\/uploads\/2025\/07\/casamento_coletivo_2025_senacrr-1.jpeg?resize=750%2C500&#038;ssl=1\" alt=\"\" class=\"wp-image-8643\" srcset=\"https:\/\/i0.wp.com\/www.rr.senac.br\/portalsenac\/wp-content\/uploads\/2025\/07\/casamento_coletivo_2025_senacrr-1.jpeg?resize=1024%2C682&amp;ssl=1 1024w, https:\/\/i0.wp.com\/www.rr.senac.br\/portalsenac\/wp-content\/uploads\/2025\/07\/casamento_coletivo_2025_senacrr-1.jpeg?resize=300%2C200&amp;ssl=1 300w, https:\/\/i0.wp.com\/www.rr.senac.br\/portalsenac\/wp-content\/uploads\/2025\/07\/casamento_coletivo_2025_senacrr-1.jpeg?resize=768%2C512&amp;ssl=1 768w, https:\/\/i0.wp.com\/www.rr.senac.br\/portalsenac\/wp-content\/uploads\/2025\/07\/casamento_coletivo_2025_senacrr-1.jpeg?resize=1536%2C1023&amp;ssl=1 1536w, https:\/\/i0.wp.com\/www.rr.senac.br\/portalsenac\/wp-content\/uploads\/2025\/07\/casamento_coletivo_2025_senacrr-1.jpeg?resize=1568%2C1045&amp;ssl=1 1568w, https:\/\/i0.wp.com\/www.rr.senac.br\/portalsenac\/wp-content\/uploads\/2025\/07\/casamento_coletivo_2025_senacrr-1.jpeg?w=1600&amp;ssl=1 1600w\" sizes=\"(max-width: 750px) 100vw, 750px\" \/><\/figure>\n\n\n\n<div style=\"height:0px\" aria-hidden=\"true\" class=\"wp-block-spacer\"><\/div>\n\n\n\n<p><strong>Concurso de hist\u00f3rias<\/strong><\/p>\n\n\n\n<p>S\u00e3o os momentos vividos que tornam cada casal \u00fanico e especial. Na 4\u00aa edi\u00e7\u00e3o do projeto, foram prestigiadas hist\u00f3rias de amores que venceram momentos dif\u00edceis, e hist\u00f3rias de amor de inf\u00e2ncia que venceram a prova do tempo. Para o concurso, que faz parte do cronograma de inscri\u00e7\u00e3o no Casamento Coletivo do Senac, um dos 10 casais selecionados escreveu: <strong><em>\u201cpor ser um grande sonho de n\u00f3s dois [&#8230;] nunca perdemos a esperan\u00e7a e hoje encontramos a oportunidade de realiz\u00e1-lo. A nossa hist\u00f3ria daria um livro\u201d.<\/em><\/strong><\/p>\n\n\n\n<div style=\"height:2px\" aria-hidden=\"true\" class=\"wp-block-spacer\"><\/div>\n\n\n\n<p><strong>Da sala de aula \u00e0 cerim\u00f4nia<\/strong><\/p>\n\n\n\n<p>Os preparativos para o Casamento Coletivo iniciaram muito antes do grande dia. Al\u00e9m dos casais, as estrelas do projeto s\u00e3o os alunos dos cursos de beleza, gastronomia, eventos e est\u00e9tica do Senac, que fazem da organiza\u00e7\u00e3o da cerim\u00f4nia, uma experi\u00eancia pr\u00e1tica supervisionada, que os acompanha at\u00e9 a carreira profissional.<\/p>\n\n\n\n<div style=\"height:0px\" aria-hidden=\"true\" class=\"wp-block-spacer\"><\/div>\n\n\n\n<p><a href=\"https:\/\/www.instagram.com\/reel\/DLI2URiu5X8\/?igsh=aDV4YXB1cTBkc2ht\"><strong>Veja: aluna compartilha rotina de preparo de doces para o Casamento Coletivo no quadro &#8220;T\u00f4 No Senac&#8221;<\/strong><\/a><\/p>\n\n\n\n<div style=\"height:5px\" aria-hidden=\"true\" class=\"wp-block-spacer\"><\/div>\n\n\n\n<p>Cada turma do Senac se dedica de um jeito. A turma do curso t\u00e9cnico em Eventos garante aos noivos um acompanhamento detalhado, e juntamente com a instrutora, orienta nos momentos mais essenciais antes, e durante a cerim\u00f4nia. Das m\u00e3os dos talentosos alunos dos cursos de Maquiador, e Cabeleireiro, as noivas receberam os atendimentos de beleza, que fazem o cora\u00e7\u00e3o dos noivos bater mais forte durante a marcha nupcial. Os alunos do curso t\u00e9cnico em Est\u00e9tica garantem o relaxamento dos noivos e noivas, com massagens e um tratamento todo especial.<\/p>\n\n\n\n<div style=\"height:3px\" aria-hidden=\"true\" class=\"wp-block-spacer\"><\/div>\n\n\n\n<figure class=\"wp-block-image size-large\"><img data-recalc-dims=\"1\" decoding=\"async\" width=\"750\" height=\"500\" src=\"https:\/\/i0.wp.com\/www.rr.senac.br\/portalsenac\/wp-content\/uploads\/2025\/07\/casamento_coletivo_2025_senacrr-1-1.jpeg?resize=750%2C500&#038;ssl=1\" alt=\"\" class=\"wp-image-8644\" srcset=\"https:\/\/i0.wp.com\/www.rr.senac.br\/portalsenac\/wp-content\/uploads\/2025\/07\/casamento_coletivo_2025_senacrr-1-1.jpeg?resize=1024%2C682&amp;ssl=1 1024w, https:\/\/i0.wp.com\/www.rr.senac.br\/portalsenac\/wp-content\/uploads\/2025\/07\/casamento_coletivo_2025_senacrr-1-1.jpeg?resize=300%2C200&amp;ssl=1 300w, https:\/\/i0.wp.com\/www.rr.senac.br\/portalsenac\/wp-content\/uploads\/2025\/07\/casamento_coletivo_2025_senacrr-1-1.jpeg?resize=768%2C512&amp;ssl=1 768w, https:\/\/i0.wp.com\/www.rr.senac.br\/portalsenac\/wp-content\/uploads\/2025\/07\/casamento_coletivo_2025_senacrr-1-1.jpeg?resize=1536%2C1023&amp;ssl=1 1536w, https:\/\/i0.wp.com\/www.rr.senac.br\/portalsenac\/wp-content\/uploads\/2025\/07\/casamento_coletivo_2025_senacrr-1-1.jpeg?resize=1568%2C1045&amp;ssl=1 1568w, https:\/\/i0.wp.com\/www.rr.senac.br\/portalsenac\/wp-content\/uploads\/2025\/07\/casamento_coletivo_2025_senacrr-1-1.jpeg?w=1600&amp;ssl=1 1600w\" sizes=\"(max-width: 750px) 100vw, 750px\" \/><figcaption class=\"wp-element-caption\">Aluna do curso de Maquiador faz os retoques finais na produ\u00e7\u00e3o da noiva<\/figcaption><\/figure>\n\n\n\n<div style=\"height:2px\" aria-hidden=\"true\" class=\"wp-block-spacer\"><\/div>\n\n\n\n<p><strong><em>\u201cFoi uma experi\u00eancia maravilhosa. Eu e as outras meninas fomos muito bem atendidas. Eu vi o brilho no olhar delas e fiquei encantada com os servi\u00e7os: cabeleireiro, est\u00e9tica e maquiagem\u201d<\/em><\/strong>, elogiou a noiva, e futura mam\u00e3e, Francidalva Leite.<\/p>\n\n\n\n<div style=\"height:0px\" aria-hidden=\"true\" class=\"wp-block-spacer\"><\/div>\n\n\n\n<figure class=\"wp-block-image size-large\"><img data-recalc-dims=\"1\" loading=\"lazy\" decoding=\"async\" width=\"750\" height=\"500\" src=\"https:\/\/i0.wp.com\/www.rr.senac.br\/portalsenac\/wp-content\/uploads\/2025\/07\/casamento-_coletivo_senacrr.jpeg?resize=750%2C500&#038;ssl=1\" alt=\"\" class=\"wp-image-8645\" srcset=\"https:\/\/i0.wp.com\/www.rr.senac.br\/portalsenac\/wp-content\/uploads\/2025\/07\/casamento-_coletivo_senacrr.jpeg?resize=1024%2C682&amp;ssl=1 1024w, https:\/\/i0.wp.com\/www.rr.senac.br\/portalsenac\/wp-content\/uploads\/2025\/07\/casamento-_coletivo_senacrr.jpeg?resize=300%2C200&amp;ssl=1 300w, https:\/\/i0.wp.com\/www.rr.senac.br\/portalsenac\/wp-content\/uploads\/2025\/07\/casamento-_coletivo_senacrr.jpeg?resize=768%2C512&amp;ssl=1 768w, https:\/\/i0.wp.com\/www.rr.senac.br\/portalsenac\/wp-content\/uploads\/2025\/07\/casamento-_coletivo_senacrr.jpeg?resize=1536%2C1023&amp;ssl=1 1536w, https:\/\/i0.wp.com\/www.rr.senac.br\/portalsenac\/wp-content\/uploads\/2025\/07\/casamento-_coletivo_senacrr.jpeg?resize=1568%2C1045&amp;ssl=1 1568w, https:\/\/i0.wp.com\/www.rr.senac.br\/portalsenac\/wp-content\/uploads\/2025\/07\/casamento-_coletivo_senacrr.jpeg?w=1600&amp;ssl=1 1600w\" sizes=\"(max-width: 750px) 100vw, 750px\" \/><figcaption class=\"wp-element-caption\">Francidalva e seu agora esposo, Jonathan, no altar<\/figcaption><\/figure>\n\n\n\n<div style=\"height:0px\" aria-hidden=\"true\" class=\"wp-block-spacer\"><\/div>\n\n\n\n<p>Na \u00e1rea da gastronomia, foram cinco turmas empenhadas em fazer a noite ainda mais inesquec\u00edvel com um coquetel muito bem preparado e servido pelos cursos de Auxiliar de Padeiro, Confeiteiro, Salgadeiro, <em>Bartender <\/em>e Gar\u00e7om.<\/p>\n\n\n\n<div style=\"height:0px\" aria-hidden=\"true\" class=\"wp-block-spacer\"><\/div>\n\n\n\n<figure class=\"wp-block-image size-large\"><img data-recalc-dims=\"1\" loading=\"lazy\" decoding=\"async\" width=\"750\" height=\"500\" src=\"https:\/\/i0.wp.com\/www.rr.senac.br\/portalsenac\/wp-content\/uploads\/2025\/07\/casamento_coletivo_2025_senacrr-3.jpeg?resize=750%2C500&#038;ssl=1\" alt=\"\" class=\"wp-image-8646\" srcset=\"https:\/\/i0.wp.com\/www.rr.senac.br\/portalsenac\/wp-content\/uploads\/2025\/07\/casamento_coletivo_2025_senacrr-3.jpeg?resize=1024%2C682&amp;ssl=1 1024w, https:\/\/i0.wp.com\/www.rr.senac.br\/portalsenac\/wp-content\/uploads\/2025\/07\/casamento_coletivo_2025_senacrr-3.jpeg?resize=300%2C200&amp;ssl=1 300w, https:\/\/i0.wp.com\/www.rr.senac.br\/portalsenac\/wp-content\/uploads\/2025\/07\/casamento_coletivo_2025_senacrr-3.jpeg?resize=768%2C512&amp;ssl=1 768w, https:\/\/i0.wp.com\/www.rr.senac.br\/portalsenac\/wp-content\/uploads\/2025\/07\/casamento_coletivo_2025_senacrr-3.jpeg?resize=1536%2C1023&amp;ssl=1 1536w, https:\/\/i0.wp.com\/www.rr.senac.br\/portalsenac\/wp-content\/uploads\/2025\/07\/casamento_coletivo_2025_senacrr-3.jpeg?resize=1568%2C1045&amp;ssl=1 1568w, https:\/\/i0.wp.com\/www.rr.senac.br\/portalsenac\/wp-content\/uploads\/2025\/07\/casamento_coletivo_2025_senacrr-3.jpeg?w=1600&amp;ssl=1 1600w\" sizes=\"(max-width: 750px) 100vw, 750px\" \/><\/figure>\n\n\n\n<div style=\"height:1px\" aria-hidden=\"true\" class=\"wp-block-spacer\"><\/div>\n\n\n\n<p>Ap\u00f3s o evento, o casal Glenda Grazziele e Eduardo Costa demonstrou seu agradecimento nas redes sociais.<strong><em> \u201cVoc\u00eas n\u00e3o apenas organizaram um evento, voc\u00eas realizaram sonhos, plantaram sorrisos e proporcionaram momentos que ficar\u00e3o guardados para sempre em nossos cora\u00e7\u00f5es. Sentimo-nos verdadeiramente acolhidos. Cada detalhe foi pensado com tanto amor que conseguimos sentir isso em cada olhar, em cada palavra, em cada parte da cerim\u00f4nia. Foi muito mais do que um casamento. Foi um marco em nossas vidas, um recome\u00e7o aben\u00e7oado e cheio de significado\u201d<\/em>, <\/strong>escreveram.<\/p>\n\n\n\n<div style=\"height:1px\" aria-hidden=\"true\" class=\"wp-block-spacer\"><\/div>\n\n\n\n<p>Confira as fotos completas do evento em nossa p\u00e1gina do <a href=\"https:\/\/www.facebook.com\/media\/set\/?vanity=senac.roraima&amp;set=a.720275670703379&amp;__cft__[0]=AZWvcv6HCQSiMVMv6bmP89uiDf4fYzgHvP5DSfVb28m3CnSVt-WYJYrlmVL3hAkhSHje1a8tTygMzb8e_bbQLRkkenUtx2Jth39wAwFeirk60LiqvhPceApfoOFS8TQe8dLstcTkkVOIZu5jWICHFpGa5UnD9HNH3r2Dhbwqro3ymQ&amp;__tn__=-UC%2CP-R\">Facebook<\/a>.<\/p>\n\n\n\n<div style=\"height:0px\" aria-hidden=\"true\" class=\"wp-block-spacer\"><\/div>\n\n\n\n<p>Por Liana Lima, analista t\u00e9c. de comunica\u00e7\u00e3o do Senac Roraima<\/p>\n\n\n\n<div style=\"height:0px\" aria-hidden=\"true\" class=\"wp-block-spacer\"><\/div>\n\n\n\n<p><\/p>\n","protected":false},"excerpt":{"rendered":"<p>Vamos relembrar a cerim\u00f4nia de casamento onde 10 casais oficializaram a uni\u00e3o, de forma totalmente gratuita Na troca de alian\u00e7as, as l\u00e1grimas de emo\u00e7\u00e3o n\u00e3o couberam no peito diante dos votos declarados pelos noivos e noivas da 4\u00aa edi\u00e7\u00e3o do Casamento Coletivo do Senac. No&hellip; <a class=\"more-link\" href=\"https:\/\/www.rr.senac.br\/portalsenac\/tbt-senac-4a-edicao-do-casamento-coletivo-do-senac-foi-uma-aula-de-como-celebrar-o-amor\/\">Continuar lendo <span class=\"screen-reader-text\">#TBT Senac: 4\u00aa Edi\u00e7\u00e3o do Casamento Coletivo do Senac foi uma aula de como celebrar o amor<\/span><\/a><\/p>\n","protected":false},"author":7,"featured_media":8642,"comment_status":"closed","ping_status":"closed","sticky":false,"template":"","format":"standard","meta":{"_jetpack_memberships_contains_paid_content":false,"_joinchat":[],"footnotes":""},"categories":[12],"tags":[65,62,63,56,53],"class_list":["post-8641","post","type-post","status-publish","format-standard","has-post-thumbnail","hentry","category-ultimas-noticias","tag-beleza","tag-casamento","tag-eventos","tag-gastronomia","tag-senac-roraima","entry"],"jetpack_featured_media_url":"https:\/\/i0.wp.com\/www.rr.senac.br\/portalsenac\/wp-content\/uploads\/2025\/07\/casamento_coletivo_2025_senacrr-4.jpeg?fit=1600%2C1066&ssl=1","jetpack_sharing_enabled":true,"_links":{"self":[{"href":"https:\/\/www.rr.senac.br\/portalsenac\/wp-json\/wp\/v2\/posts\/8641","targetHints":{"allow":["GET"]}}],"collection":[{"href":"https:\/\/www.rr.senac.br\/portalsenac\/wp-json\/wp\/v2\/posts"}],"about":[{"href":"https:\/\/www.rr.senac.br\/portalsenac\/wp-json\/wp\/v2\/types\/post"}],"author":[{"embeddable":true,"href":"https:\/\/www.rr.senac.br\/portalsenac\/wp-json\/wp\/v2\/users\/7"}],"replies":[{"embeddable":true,"href":"https:\/\/www.rr.senac.br\/portalsenac\/wp-json\/wp\/v2\/comments?post=8641"}],"version-history":[{"count":1,"href":"https:\/\/www.rr.senac.br\/portalsenac\/wp-json\/wp\/v2\/posts\/8641\/revisions"}],"predecessor-version":[{"id":8647,"href":"https:\/\/www.rr.senac.br\/portalsenac\/wp-json\/wp\/v2\/posts\/8641\/revisions\/8647"}],"wp:featuredmedia":[{"embeddable":true,"href":"https:\/\/www.rr.senac.br\/portalsenac\/wp-json\/wp\/v2\/media\/8642"}],"wp:attachment":[{"href":"https:\/\/www.rr.senac.br\/portalsenac\/wp-json\/wp\/v2\/media?parent=8641"}],"wp:term":[{"taxonomy":"category","embeddable":true,"href":"https:\/\/www.rr.senac.br\/portalsenac\/wp-json\/wp\/v2\/categories?post=8641"},{"taxonomy":"post_tag","embeddable":true,"href":"https:\/\/www.rr.senac.br\/portalsenac\/wp-json\/wp\/v2\/tags?post=8641"}],"curies":[{"name":"wp","href":"https:\/\/api.w.org\/{rel}","templated":true}]}}