{"id":8648,"date":"2025-07-08T09:49:22","date_gmt":"2025-07-08T13:49:22","guid":{"rendered":"https:\/\/www.rr.senac.br\/portalsenac\/?p=8648"},"modified":"2025-07-08T09:49:22","modified_gmt":"2025-07-08T13:49:22","slug":"arraia-da-aprendizagem-do-senac-roraima-incentiva-o-empreendedorismo-jovem-tera-feira-de-comidas-tipicas-e-apresentacoes-culturais","status":"publish","type":"post","link":"https:\/\/www.rr.senac.br\/portalsenac\/arraia-da-aprendizagem-do-senac-roraima-incentiva-o-empreendedorismo-jovem-tera-feira-de-comidas-tipicas-e-apresentacoes-culturais\/","title":{"rendered":"\u00a0\u201cArrai\u00e1 da Aprendizagem\u201d do Senac Roraima incentiva o empreendedorismo jovem, ter\u00e1 feira de comidas t\u00edpicas e apresenta\u00e7\u00f5es culturais"},"content":{"rendered":"\n<figure class=\"wp-block-image size-large\"><img data-recalc-dims=\"1\" fetchpriority=\"high\" decoding=\"async\" width=\"750\" height=\"500\" src=\"https:\/\/i0.wp.com\/www.rr.senac.br\/portalsenac\/wp-content\/uploads\/2025\/07\/senac_roraima_festa_junina-1.jpeg?resize=750%2C500&#038;ssl=1\" alt=\"\" class=\"wp-image-8649\" srcset=\"https:\/\/i0.wp.com\/www.rr.senac.br\/portalsenac\/wp-content\/uploads\/2025\/07\/senac_roraima_festa_junina-1.jpeg?resize=1024%2C682&amp;ssl=1 1024w, https:\/\/i0.wp.com\/www.rr.senac.br\/portalsenac\/wp-content\/uploads\/2025\/07\/senac_roraima_festa_junina-1.jpeg?resize=300%2C200&amp;ssl=1 300w, https:\/\/i0.wp.com\/www.rr.senac.br\/portalsenac\/wp-content\/uploads\/2025\/07\/senac_roraima_festa_junina-1.jpeg?resize=768%2C512&amp;ssl=1 768w, https:\/\/i0.wp.com\/www.rr.senac.br\/portalsenac\/wp-content\/uploads\/2025\/07\/senac_roraima_festa_junina-1.jpeg?resize=1536%2C1023&amp;ssl=1 1536w, https:\/\/i0.wp.com\/www.rr.senac.br\/portalsenac\/wp-content\/uploads\/2025\/07\/senac_roraima_festa_junina-1.jpeg?resize=1568%2C1045&amp;ssl=1 1568w, https:\/\/i0.wp.com\/www.rr.senac.br\/portalsenac\/wp-content\/uploads\/2025\/07\/senac_roraima_festa_junina-1.jpeg?w=1600&amp;ssl=1 1600w\" sizes=\"(max-width: 750px) 100vw, 750px\" \/><\/figure>\n\n\n\n<p class=\"has-text-align-center\"><em>O evento est\u00e1 em sua 12\u00aa edi\u00e7\u00e3o<\/em><\/p>\n\n\n\n<div style=\"height:2px\" aria-hidden=\"true\" class=\"wp-block-spacer\"><\/div>\n\n\n\n<p>Com o empreendedorismo jovem em alta, o Servi\u00e7o Nacional de Aprendizagem Comercial (Senac\/RR) realiza na noite deste dia 12, s\u00e1bado, mais uma edi\u00e7\u00e3o do consolidado \u201cArrai\u00e1 da Aprendizagem\u201d. A festividade acontece nas depend\u00eancias do Senac Ministro Bernardo Cabral, localizado no bairro Asa Branca, em Boa Vista (RR).<\/p>\n\n\n\n<div style=\"height:1px\" aria-hidden=\"true\" class=\"wp-block-spacer\"><\/div>\n\n\n\n<p>O evento, que \u00e9 aberto ao p\u00fablico geral, contar\u00e1 com apresenta\u00e7\u00f5es culturais e feira de comidas t\u00edpicas. Esta iniciativa do Senac \u00e9 organizada pelos alunos dos cursos de Aprendizagem Profissional da institui\u00e7\u00e3o, sob supervis\u00e3o do corpo docente.<\/p>\n\n\n\n<div style=\"height:0px\" aria-hidden=\"true\" class=\"wp-block-spacer\"><\/div>\n\n\n\n<p>Segundo a coordena\u00e7\u00e3o do evento, o \u201cArrai\u00e1 da Aprendizagem\u201d integra diversas oportunidades de desenvolvimento para os alunos: <strong><em>\u201cO objetivo do evento \u00e9 proporcionar um momento de integra\u00e7\u00e3o, cultura, lazer e pr\u00e1tica pedag\u00f3gica, por meio da realiza\u00e7\u00e3o de uma festividade t\u00edpica junina com a participa\u00e7\u00e3o ativa das turmas da Aprendizagem Profissional Comercial\u201d<\/em><\/strong>, disse o coordenador de cursos do Senac, Rodrigo Evangelista.<\/p>\n\n\n\n<div style=\"height:0px\" aria-hidden=\"true\" class=\"wp-block-spacer\"><\/div>\n\n\n\n<p>P\u00fablicos de todas as idades poder\u00e3o prestigiar o evento, que deve oferecer espa\u00e7o de recrea\u00e7\u00e3o, al\u00e9m de sorteios e brindes. Para quem deseja degustar uma boa comida, o card\u00e1pio da feira gastron\u00f4mica promete ser variado, com alimentos que v\u00e3o desde salgados, milho cozido, at\u00e9 tortas e massas. A programa\u00e7\u00e3o de apresenta\u00e7\u00f5es culturais inclui dan\u00e7as e m\u00fasicas tradicionais da \u00e9poca junina, que ser\u00e3o apresentadas pelos alunos do Senac.<\/p>\n\n\n\n<div style=\"height:0px\" aria-hidden=\"true\" class=\"wp-block-spacer\"><\/div>\n\n\n\n<p>Para mais informa\u00e7\u00f5es acompanhe as redes sociais oficiais do Senac Roraima, @senacrr.<\/p>\n\n\n\n<div style=\"height:4px\" aria-hidden=\"true\" class=\"wp-block-spacer\"><\/div>\n\n\n\n<p>Por Liana Lima, analista t\u00e9c. de comunica\u00e7\u00e3o do Senac\/RR.<\/p>\n\n\n\n<div style=\"height:1px\" aria-hidden=\"true\" class=\"wp-block-spacer\"><\/div>\n\n\n\n<p><\/p>\n","protected":false},"excerpt":{"rendered":"<p>O evento est\u00e1 em sua 12\u00aa edi\u00e7\u00e3o Com o empreendedorismo jovem em alta, o Servi\u00e7o Nacional de Aprendizagem Comercial (Senac\/RR) realiza na noite deste dia 12, s\u00e1bado, mais uma edi\u00e7\u00e3o do consolidado \u201cArrai\u00e1 da Aprendizagem\u201d. A festividade acontece nas depend\u00eancias do Senac Ministro Bernardo Cabral,&hellip; <a class=\"more-link\" href=\"https:\/\/www.rr.senac.br\/portalsenac\/arraia-da-aprendizagem-do-senac-roraima-incentiva-o-empreendedorismo-jovem-tera-feira-de-comidas-tipicas-e-apresentacoes-culturais\/\">Continuar lendo <span class=\"screen-reader-text\">\u00a0\u201cArrai\u00e1 da Aprendizagem\u201d do Senac Roraima incentiva o empreendedorismo jovem, ter\u00e1 feira de comidas t\u00edpicas e apresenta\u00e7\u00f5es culturais<\/span><\/a><\/p>\n","protected":false},"author":7,"featured_media":8649,"comment_status":"closed","ping_status":"closed","sticky":false,"template":"","format":"standard","meta":{"_jetpack_memberships_contains_paid_content":false,"_joinchat":[],"footnotes":""},"categories":[12],"tags":[66,60,53],"class_list":["post-8648","post","type-post","status-publish","format-standard","has-post-thumbnail","hentry","category-ultimas-noticias","tag-arraial","tag-evento-gratuito","tag-senac-roraima","entry"],"jetpack_featured_media_url":"https:\/\/i0.wp.com\/www.rr.senac.br\/portalsenac\/wp-content\/uploads\/2025\/07\/senac_roraima_festa_junina-1.jpeg?fit=1600%2C1066&ssl=1","jetpack_sharing_enabled":true,"_links":{"self":[{"href":"https:\/\/www.rr.senac.br\/portalsenac\/wp-json\/wp\/v2\/posts\/8648","targetHints":{"allow":["GET"]}}],"collection":[{"href":"https:\/\/www.rr.senac.br\/portalsenac\/wp-json\/wp\/v2\/posts"}],"about":[{"href":"https:\/\/www.rr.senac.br\/portalsenac\/wp-json\/wp\/v2\/types\/post"}],"author":[{"embeddable":true,"href":"https:\/\/www.rr.senac.br\/portalsenac\/wp-json\/wp\/v2\/users\/7"}],"replies":[{"embeddable":true,"href":"https:\/\/www.rr.senac.br\/portalsenac\/wp-json\/wp\/v2\/comments?post=8648"}],"version-history":[{"count":1,"href":"https:\/\/www.rr.senac.br\/portalsenac\/wp-json\/wp\/v2\/posts\/8648\/revisions"}],"predecessor-version":[{"id":8650,"href":"https:\/\/www.rr.senac.br\/portalsenac\/wp-json\/wp\/v2\/posts\/8648\/revisions\/8650"}],"wp:featuredmedia":[{"embeddable":true,"href":"https:\/\/www.rr.senac.br\/portalsenac\/wp-json\/wp\/v2\/media\/8649"}],"wp:attachment":[{"href":"https:\/\/www.rr.senac.br\/portalsenac\/wp-json\/wp\/v2\/media?parent=8648"}],"wp:term":[{"taxonomy":"category","embeddable":true,"href":"https:\/\/www.rr.senac.br\/portalsenac\/wp-json\/wp\/v2\/categories?post=8648"},{"taxonomy":"post_tag","embeddable":true,"href":"https:\/\/www.rr.senac.br\/portalsenac\/wp-json\/wp\/v2\/tags?post=8648"}],"curies":[{"name":"wp","href":"https:\/\/api.w.org\/{rel}","templated":true}]}}