{"id":8651,"date":"2025-07-11T08:41:53","date_gmt":"2025-07-11T12:41:53","guid":{"rendered":"https:\/\/www.rr.senac.br\/portalsenac\/?p=8651"},"modified":"2025-07-11T08:41:53","modified_gmt":"2025-07-11T12:41:53","slug":"novas-vagas-do-programa-senac-de-gratuidade-em-iracema-rr-contemplam-a-area-da-beleza","status":"publish","type":"post","link":"https:\/\/www.rr.senac.br\/portalsenac\/novas-vagas-do-programa-senac-de-gratuidade-em-iracema-rr-contemplam-a-area-da-beleza\/","title":{"rendered":"Novas vagas do Programa Senac de Gratuidade em Iracema (RR) contemplam a \u00e1rea da beleza"},"content":{"rendered":"\n<figure class=\"wp-block-image size-large\"><img data-recalc-dims=\"1\" fetchpriority=\"high\" decoding=\"async\" width=\"750\" height=\"500\" src=\"https:\/\/i0.wp.com\/www.rr.senac.br\/portalsenac\/wp-content\/uploads\/2025\/07\/senac_roraima_cursos_beleza_gratis.jpeg?resize=750%2C500&#038;ssl=1\" alt=\"\" class=\"wp-image-8652\" srcset=\"https:\/\/i0.wp.com\/www.rr.senac.br\/portalsenac\/wp-content\/uploads\/2025\/07\/senac_roraima_cursos_beleza_gratis.jpeg?resize=1024%2C682&amp;ssl=1 1024w, https:\/\/i0.wp.com\/www.rr.senac.br\/portalsenac\/wp-content\/uploads\/2025\/07\/senac_roraima_cursos_beleza_gratis.jpeg?resize=300%2C200&amp;ssl=1 300w, https:\/\/i0.wp.com\/www.rr.senac.br\/portalsenac\/wp-content\/uploads\/2025\/07\/senac_roraima_cursos_beleza_gratis.jpeg?resize=768%2C512&amp;ssl=1 768w, https:\/\/i0.wp.com\/www.rr.senac.br\/portalsenac\/wp-content\/uploads\/2025\/07\/senac_roraima_cursos_beleza_gratis.jpeg?w=1400&amp;ssl=1 1400w\" sizes=\"(max-width: 750px) 100vw, 750px\" \/><\/figure>\n\n\n\n<p class=\"has-text-align-center\"><em>A institui\u00e7\u00e3o abriu 24 novas vagas gratuitas para o munic\u00edpio<\/em><\/p>\n\n\n\n<div style=\"height:0px\" aria-hidden=\"true\" class=\"wp-block-spacer\"><\/div>\n\n\n\n<p>O Servi\u00e7o Nacional de Aprendizagem Comercial (Senac\/RR) divulgou neste dia 11, sexta-feira, o mais novo edital do Programa Senac de Gratuidade \u2013 PSG, com vagas de cursos gr\u00e1tis que contemplam o munic\u00edpio de Iracema (RR). Os candidatos interessados devem realizar <a href=\"https:\/\/app.rr.senac.br\/send3\/resources\/upload\/edital\/ed04c00c3a83219285fede01225218ae.pdf\">inscri\u00e7\u00e3o <em>online<\/em><\/a> a partir das 8h30 do dia 14, segunda-feira, no site da institui\u00e7\u00e3o.<\/p>\n\n\n\n<div style=\"height:0px\" aria-hidden=\"true\" class=\"wp-block-spacer\"><\/div>\n\n\n\n<p><a href=\"https:\/\/app.rr.senac.br\/send3\/resources\/upload\/edital\/ed04c00c3a83219285fede01225218ae.pdf\">Neste edital<\/a> foram divulgadas 24 vagas para os cursos de Depila\u00e7\u00e3o com Linha e Design de Sobrancelhas e Depila\u00e7\u00e3o Eg\u00edpcia, do segmento de beleza. Para acessar os cursos gratuitos do edital 014\/2025, os requisitos s\u00e3o os de praxe do PSG, como ser pessoa em situa\u00e7\u00e3o de baixa renda, egresso de escola p\u00fablica ou trabalhador desempregado, por\u00e9m, com direcionamento espec\u00edfico para candidatos com experi\u00eancias pr\u00e9vias comprovadas na \u00e1rea da beleza.<\/p>\n\n\n\n<div style=\"height:3px\" aria-hidden=\"true\" class=\"wp-block-spacer\"><\/div>\n\n\n\n<p>Segundo pesquisas do Servi\u00e7o Brasileiro de Apoio \u00e0s Micro e Pequenas Empresas (Sebrae), a \u00e1rea da beleza \u00e9 promissora, com altos potenciais de renda m\u00e9dia para os servi\u00e7os de depila\u00e7\u00e3o e design de sobrancelhas. As estimativas do Sebrae apontam que empreendedores das \u00e1reas apresentam ganhos que v\u00e3o de <a href=\"https:\/\/sebrae.com.br\/sites\/PortalSebrae\/ideias\/mei-depilador,ea66f1d6b46ad710VgnVCM100000d701210aRCRD#apresentacao-de-negocio\">R$ 2.400<\/a> \u00e0 <a href=\"https:\/\/sebrae.com.br\/sites\/PortalSebrae\/ideias\/mei-designer-de-sobrancelhas,baf03b70685ad710VgnVCM100000d701210aRCRD#apresentacao-de-negocio\">R$ 5.000<\/a> mensais.<\/p>\n\n\n\n<div style=\"height:1px\" aria-hidden=\"true\" class=\"wp-block-spacer\"><\/div>\n\n\n\n<p>Para Bruna Alves, coordenadora de cursos do Senac\/RR, o novo edital do PSG apresenta vantagens imperd\u00edveis. <em><strong>&#8220;O Senac oferece cursos gratuitos para voc\u00ea se destacar nessa \u00e1rea promissora. N\u00e3o perca a chance de se qualificar e alcan\u00e7ar seus objetivos&#8221;<\/strong><\/em>, refor\u00e7ou Bruna.<\/p>\n\n\n\n<div style=\"height:1px\" aria-hidden=\"true\" class=\"wp-block-spacer\"><\/div>\n\n\n\n<p>As aulas est\u00e3o previstas para iniciar no final do m\u00eas de julho, na Unidade Educacional de Campo Sesc\/Senac em Iracema (RR), localizada na rua Princesa Isabel, s\/n. Mais informa\u00e7\u00f5es podem ser conferidas diretamente no edital, e nas redes sociais oficiais do Senac Roraima, @senacrr.<\/p>\n\n\n\n<div style=\"height:2px\" aria-hidden=\"true\" class=\"wp-block-spacer\"><\/div>\n\n\n\n<p>Por Liana Lima, analista t\u00e9c. de comunica\u00e7\u00e3o do Senac\/RR.<\/p>\n","protected":false},"excerpt":{"rendered":"<p>A institui\u00e7\u00e3o abriu 24 novas vagas gratuitas para o munic\u00edpio<\/p>\n","protected":false},"author":7,"featured_media":8652,"comment_status":"closed","ping_status":"closed","sticky":false,"template":"","format":"standard","meta":{"_jetpack_memberships_contains_paid_content":false,"_joinchat":[],"footnotes":""},"categories":[12],"tags":[65,46,67,48,53],"class_list":["post-8651","post","type-post","status-publish","format-standard","has-post-thumbnail","hentry","category-ultimas-noticias","tag-beleza","tag-cursos-gratuitos","tag-iracema-rr","tag-roraima","tag-senac-roraima","entry"],"jetpack_featured_media_url":"https:\/\/i0.wp.com\/www.rr.senac.br\/portalsenac\/wp-content\/uploads\/2025\/07\/senac_roraima_cursos_beleza_gratis.jpeg?fit=1400%2C933&ssl=1","jetpack_sharing_enabled":true,"_links":{"self":[{"href":"https:\/\/www.rr.senac.br\/portalsenac\/wp-json\/wp\/v2\/posts\/8651","targetHints":{"allow":["GET"]}}],"collection":[{"href":"https:\/\/www.rr.senac.br\/portalsenac\/wp-json\/wp\/v2\/posts"}],"about":[{"href":"https:\/\/www.rr.senac.br\/portalsenac\/wp-json\/wp\/v2\/types\/post"}],"author":[{"embeddable":true,"href":"https:\/\/www.rr.senac.br\/portalsenac\/wp-json\/wp\/v2\/users\/7"}],"replies":[{"embeddable":true,"href":"https:\/\/www.rr.senac.br\/portalsenac\/wp-json\/wp\/v2\/comments?post=8651"}],"version-history":[{"count":1,"href":"https:\/\/www.rr.senac.br\/portalsenac\/wp-json\/wp\/v2\/posts\/8651\/revisions"}],"predecessor-version":[{"id":8654,"href":"https:\/\/www.rr.senac.br\/portalsenac\/wp-json\/wp\/v2\/posts\/8651\/revisions\/8654"}],"wp:featuredmedia":[{"embeddable":true,"href":"https:\/\/www.rr.senac.br\/portalsenac\/wp-json\/wp\/v2\/media\/8652"}],"wp:attachment":[{"href":"https:\/\/www.rr.senac.br\/portalsenac\/wp-json\/wp\/v2\/media?parent=8651"}],"wp:term":[{"taxonomy":"category","embeddable":true,"href":"https:\/\/www.rr.senac.br\/portalsenac\/wp-json\/wp\/v2\/categories?post=8651"},{"taxonomy":"post_tag","embeddable":true,"href":"https:\/\/www.rr.senac.br\/portalsenac\/wp-json\/wp\/v2\/tags?post=8651"}],"curies":[{"name":"wp","href":"https:\/\/api.w.org\/{rel}","templated":true}]}}