{"id":8772,"date":"2025-07-24T09:12:20","date_gmt":"2025-07-24T13:12:20","guid":{"rendered":"https:\/\/www.rr.senac.br\/portalsenac\/?p=8772"},"modified":"2025-07-24T09:50:00","modified_gmt":"2025-07-24T13:50:00","slug":"senac-em-acao-leva-mutirao-de-atendimentos-gratuitos-para-o-municipio-de-rorainopolis-rr","status":"publish","type":"post","link":"https:\/\/www.rr.senac.br\/portalsenac\/senac-em-acao-leva-mutirao-de-atendimentos-gratuitos-para-o-municipio-de-rorainopolis-rr\/","title":{"rendered":"Senac em A\u00e7\u00e3o leva mutir\u00e3o de atendimentos gratuitos para o munic\u00edpio de Rorain\u00f3polis (RR)"},"content":{"rendered":"\n<figure class=\"wp-block-image size-large\"><img data-recalc-dims=\"1\" fetchpriority=\"high\" decoding=\"async\" width=\"750\" height=\"500\" src=\"https:\/\/i0.wp.com\/www.rr.senac.br\/portalsenac\/wp-content\/uploads\/2025\/07\/senac_roraima_acao.jpeg?resize=750%2C500&#038;ssl=1\" alt=\"\" class=\"wp-image-8773\" srcset=\"https:\/\/i0.wp.com\/www.rr.senac.br\/portalsenac\/wp-content\/uploads\/2025\/07\/senac_roraima_acao.jpeg?resize=1024%2C682&amp;ssl=1 1024w, https:\/\/i0.wp.com\/www.rr.senac.br\/portalsenac\/wp-content\/uploads\/2025\/07\/senac_roraima_acao.jpeg?resize=300%2C200&amp;ssl=1 300w, https:\/\/i0.wp.com\/www.rr.senac.br\/portalsenac\/wp-content\/uploads\/2025\/07\/senac_roraima_acao.jpeg?resize=768%2C512&amp;ssl=1 768w, https:\/\/i0.wp.com\/www.rr.senac.br\/portalsenac\/wp-content\/uploads\/2025\/07\/senac_roraima_acao.jpeg?resize=1536%2C1023&amp;ssl=1 1536w, https:\/\/i0.wp.com\/www.rr.senac.br\/portalsenac\/wp-content\/uploads\/2025\/07\/senac_roraima_acao.jpeg?resize=1568%2C1045&amp;ssl=1 1568w, https:\/\/i0.wp.com\/www.rr.senac.br\/portalsenac\/wp-content\/uploads\/2025\/07\/senac_roraima_acao.jpeg?w=1600&amp;ssl=1 1600w\" sizes=\"(max-width: 750px) 100vw, 750px\" \/><\/figure>\n\n\n\n<p class=\"has-text-align-center\"><em>Para participar os interessados comparecer na Unidade Educacional de Campo Sesc\/Senac, localizada no munic\u00edpio, neste dia 26<\/em><\/p>\n\n\n\n<div style=\"height:4px\" aria-hidden=\"true\" class=\"wp-block-spacer\"><\/div>\n\n\n\n<p>Al\u00f4, Rorain\u00f3polis. Est\u00e1 chegando por a\u00ed um super mutir\u00e3o de servi\u00e7os gr\u00e1tis! Acontece neste dia 26, s\u00e1bado, a partir das 8h, mais uma edi\u00e7\u00e3o do \u201cSenac em A\u00e7\u00e3o\u201d. A iniciativa do Servi\u00e7o Nacional de Aprendizagem Comercial (Senac\/RR), leva uma programa\u00e7\u00e3o repleta de atendimentos totalmente gratuitos, que ser\u00e3o realizados mediante entrega de senhas por ordem de chegada, e acontecer\u00e3o na Unidade Educacional de Campo Sesc\/Senac, localizada na Rua Ayrton Senna, s\/n \u2013 Campol\u00e2ndia.<\/p>\n\n\n\n<div style=\"height:0px\" aria-hidden=\"true\" class=\"wp-block-spacer\"><\/div>\n\n\n\n<p>O evento, destinado ao p\u00fablico geral, \u00e9 uma oportunidade de integra\u00e7\u00e3o entre a popula\u00e7\u00e3o do munic\u00edpio e a equipe do Senac. A programa\u00e7\u00e3o do \u201cSenac em A\u00e7\u00e3o\u201d inclui uma s\u00e9rie de atendimentos que elevam o bem-estar e incentivam o desenvolvimento profissional, tais como: corte de cabelo unissex, tratamentos est\u00e9ticos, avalia\u00e7\u00e3o nutricional, testes r\u00e1pidos, oficinas para o mercado de trabalho e muito mais.<\/p>\n\n\n\n<div style=\"height:0px\" aria-hidden=\"true\" class=\"wp-block-spacer\"><\/div>\n\n\n\n<div style=\"height:0px\" aria-hidden=\"true\" class=\"wp-block-spacer\"><\/div>\n\n\n\n<p>De acordo com os organizadores da iniciativa, os atendimentos s\u00e3o essenciais para colocar a capacidade educacional do Senac Roraima em evid\u00eancia, al\u00e9m de ser um espa\u00e7o de desenvolvimento de habilidades para os alunos da institui\u00e7\u00e3o, que participam ativamente do evento.<\/p>\n\n\n\n<div style=\"height:2px\" aria-hidden=\"true\" class=\"wp-block-spacer\"><\/div>\n\n\n\n<p><strong><em>\u201cO Senac em A\u00e7\u00e3o \u00e9 uma iniciativa que refor\u00e7a o compromisso da institui\u00e7\u00e3o com a educa\u00e7\u00e3o profissional e o bem-estar da comunidade. Por meio dos atendimentos gratuitos nas \u00e1reas de beleza, sa\u00fade, gest\u00e3o e gastronomia, conseguimos apresentar na pr\u00e1tica os cursos ofertados ao longo do ano pela nossa institui\u00e7\u00e3o, ao mesmo tempo em que proporcionamos aos nossos alunos a oportunidade de aplicar seus conhecimentos em um contexto real, promovendo inclus\u00e3o, cidadania e transforma\u00e7\u00e3o social\u201d<\/em><\/strong>, afirmou Suelen Santos, analista do Senac\/RR.<\/p>\n\n\n\n<div style=\"height:1px\" aria-hidden=\"true\" class=\"wp-block-spacer\"><\/div>\n\n\n\n<details class=\"wp-block-details is-layout-flow wp-block-details-is-layout-flow\"><summary><strong>Veja a programa\u00e7\u00e3o<\/strong><\/summary>\n<p><strong>Beleza<\/strong><\/p>\n\n\n\n<p><em>Spa<\/em> labial (esfolia\u00e7\u00e3o e revitaliza\u00e7\u00e3o dos l\u00e1bios) \u2013 15 atendimentos;<\/p>\n\n\n\n<p>Corte de cabelo unissex &#8211; 15 atendimentos;<\/p>\n\n\n\n<p>Design de sobrancelhas &#8211; 10 atendimentos.<\/p>\n\n\n\n<p><strong>Sa\u00fade<\/strong><\/p>\n\n\n\n<p>Bioimped\u00e2ncia e orienta\u00e7\u00e3o nutricional &#8211; 30 atendimentos por servi\u00e7o;<\/p>\n\n\n\n<p>Aplica\u00e7\u00e3o de fl\u00faor &#8211; 30 atendimentos;<\/p>\n\n\n\n<p>Limpeza de pele &#8211; 30 atendimentos;<\/p>\n\n\n\n<p>Aferi\u00e7\u00e3o dos sinais vitais (press\u00e3o arterial e glicemia capilar) &#8211; 30 atendimentos;<\/p>\n\n\n\n<p>Testes r\u00e1pidos &#8211; 30 atendimentos.<\/p>\n\n\n\n<p><strong>Gest\u00e3o e Banco de Oportunidades<\/strong><\/p>\n\n\n\n<p>Oficina de Curr\u00edculo e dicas de entrevista com I.A &#8211; 30 atendimentos;<\/p>\n\n\n\n<p>Apresenta\u00e7\u00e3o com \u00f3culos de realidade virtual &#8211; 30 atendimentos;<\/p>\n\n\n\n<p>Orienta\u00e7\u00e3o curricular &#8211; 30 atendimentos.<\/p>\n\n\n\n<p><strong>Gastronomia<\/strong><\/p>\n\n\n\n<p>Oficina de coquet\u00e9is para iniciantes &#8211; 30 atendimentos.<\/p>\n\n\n\n<p><strong>Programa Ecos<\/strong><\/p>\n\n\n\n<p>Oficina de papel reciclado &#8211; 30 atendimentos.<\/p>\n\n\n\n<p><strong>Senac Empresas<\/strong><\/p>\n\n\n\n<p>Quizz e roleta interativa &#8211; 50 atendimentos.<\/p>\n<\/details>\n\n\n\n<div style=\"height:2px\" aria-hidden=\"true\" class=\"wp-block-spacer\"><\/div>\n\n\n\n<p>Mais informa\u00e7\u00f5es podem ser acompanhadas nas redes sociais do Senac Roraima (@senacrr).<\/p>\n\n\n\n<div style=\"height:0px\" aria-hidden=\"true\" class=\"wp-block-spacer\"><\/div>\n\n\n\n<p>Por Liana Lima, analista t\u00e9c. de comunica\u00e7\u00e3o do Senac\/RR.<\/p>\n\n\n\n<div style=\"height:0px\" aria-hidden=\"true\" class=\"wp-block-spacer\"><\/div>\n\n\n\n<p><\/p>\n","protected":false},"excerpt":{"rendered":"<p>Para participar os interessados devem se dirigir \u00e0 Unidade Educacional de Campo Sesc\/Senac, localizada no munic\u00edpio<\/p>\n","protected":false},"author":7,"featured_media":8773,"comment_status":"closed","ping_status":"closed","sticky":false,"template":"","format":"standard","meta":{"_jetpack_memberships_contains_paid_content":false,"_joinchat":[],"footnotes":""},"categories":[12],"tags":[],"class_list":["post-8772","post","type-post","status-publish","format-standard","has-post-thumbnail","hentry","category-ultimas-noticias","entry"],"jetpack_featured_media_url":"https:\/\/i0.wp.com\/www.rr.senac.br\/portalsenac\/wp-content\/uploads\/2025\/07\/senac_roraima_acao.jpeg?fit=1600%2C1066&ssl=1","jetpack_sharing_enabled":true,"_links":{"self":[{"href":"https:\/\/www.rr.senac.br\/portalsenac\/wp-json\/wp\/v2\/posts\/8772","targetHints":{"allow":["GET"]}}],"collection":[{"href":"https:\/\/www.rr.senac.br\/portalsenac\/wp-json\/wp\/v2\/posts"}],"about":[{"href":"https:\/\/www.rr.senac.br\/portalsenac\/wp-json\/wp\/v2\/types\/post"}],"author":[{"embeddable":true,"href":"https:\/\/www.rr.senac.br\/portalsenac\/wp-json\/wp\/v2\/users\/7"}],"replies":[{"embeddable":true,"href":"https:\/\/www.rr.senac.br\/portalsenac\/wp-json\/wp\/v2\/comments?post=8772"}],"version-history":[{"count":1,"href":"https:\/\/www.rr.senac.br\/portalsenac\/wp-json\/wp\/v2\/posts\/8772\/revisions"}],"predecessor-version":[{"id":8774,"href":"https:\/\/www.rr.senac.br\/portalsenac\/wp-json\/wp\/v2\/posts\/8772\/revisions\/8774"}],"wp:featuredmedia":[{"embeddable":true,"href":"https:\/\/www.rr.senac.br\/portalsenac\/wp-json\/wp\/v2\/media\/8773"}],"wp:attachment":[{"href":"https:\/\/www.rr.senac.br\/portalsenac\/wp-json\/wp\/v2\/media?parent=8772"}],"wp:term":[{"taxonomy":"category","embeddable":true,"href":"https:\/\/www.rr.senac.br\/portalsenac\/wp-json\/wp\/v2\/categories?post=8772"},{"taxonomy":"post_tag","embeddable":true,"href":"https:\/\/www.rr.senac.br\/portalsenac\/wp-json\/wp\/v2\/tags?post=8772"}],"curies":[{"name":"wp","href":"https:\/\/api.w.org\/{rel}","templated":true}]}}