{"id":8776,"date":"2025-07-28T10:03:46","date_gmt":"2025-07-28T14:03:46","guid":{"rendered":"https:\/\/www.rr.senac.br\/portalsenac\/?p=8776"},"modified":"2025-07-28T10:03:46","modified_gmt":"2025-07-28T14:03:46","slug":"unidade-movel-do-senac-leva-curso-gratis-ao-municipio-de-caracarai-rr","status":"publish","type":"post","link":"https:\/\/www.rr.senac.br\/portalsenac\/unidade-movel-do-senac-leva-curso-gratis-ao-municipio-de-caracarai-rr\/","title":{"rendered":"Unidade m\u00f3vel do Senac leva curso gr\u00e1tis ao munic\u00edpio de Caracara\u00ed (RR)"},"content":{"rendered":"\n<figure class=\"wp-block-image size-large\"><img data-recalc-dims=\"1\" fetchpriority=\"high\" decoding=\"async\" width=\"750\" height=\"500\" src=\"https:\/\/i0.wp.com\/www.rr.senac.br\/portalsenac\/wp-content\/uploads\/2025\/07\/senac_roraima_unidade_movel.jpeg?resize=750%2C500&#038;ssl=1\" alt=\"\" class=\"wp-image-8777\" srcset=\"https:\/\/i0.wp.com\/www.rr.senac.br\/portalsenac\/wp-content\/uploads\/2025\/07\/senac_roraima_unidade_movel.jpeg?resize=1024%2C682&amp;ssl=1 1024w, https:\/\/i0.wp.com\/www.rr.senac.br\/portalsenac\/wp-content\/uploads\/2025\/07\/senac_roraima_unidade_movel.jpeg?resize=300%2C200&amp;ssl=1 300w, https:\/\/i0.wp.com\/www.rr.senac.br\/portalsenac\/wp-content\/uploads\/2025\/07\/senac_roraima_unidade_movel.jpeg?resize=768%2C512&amp;ssl=1 768w, https:\/\/i0.wp.com\/www.rr.senac.br\/portalsenac\/wp-content\/uploads\/2025\/07\/senac_roraima_unidade_movel.jpeg?resize=1536%2C1023&amp;ssl=1 1536w, https:\/\/i0.wp.com\/www.rr.senac.br\/portalsenac\/wp-content\/uploads\/2025\/07\/senac_roraima_unidade_movel.jpeg?resize=1568%2C1045&amp;ssl=1 1568w, https:\/\/i0.wp.com\/www.rr.senac.br\/portalsenac\/wp-content\/uploads\/2025\/07\/senac_roraima_unidade_movel.jpeg?w=1600&amp;ssl=1 1600w\" sizes=\"(max-width: 750px) 100vw, 750px\" \/><\/figure>\n\n\n\n<p class=\"has-text-align-center\"><em>O projeto \u201cTransformando Vidas\u201d marca seu retorno para ampliar a oferta de educa\u00e7\u00e3o profissional no estado<\/em><\/p>\n\n\n\n<div style=\"height:2px\" aria-hidden=\"true\" class=\"wp-block-spacer\"><\/div>\n\n\n\n<p>No 15\u00ba edital do Programa Senac de Gratuidade, divulgado neste dia 28, segunda-feira, o Senac Roraima disponibiliza 20 vagas para o curso de Assistente Administrativo, no munic\u00edpio de Caracara\u00ed (RR). As matr\u00edculas para o curso, que marca o retorno do projeto \u2018Transformando Vidas\u2019, acontecem presencialmente neste dia 30, quarta-feira, na Sala do Cidad\u00e3o, localizada no sagu\u00e3o da Prefeitura de Caracara\u00ed.<\/p>\n\n\n\n<div style=\"height:0px\" aria-hidden=\"true\" class=\"wp-block-spacer\"><\/div>\n\n\n\n<p>O curso ser\u00e1 gratuito para a popula\u00e7\u00e3o do munic\u00edpio, que deve se atentar aos requisitos estabelecidos em edital, dispon\u00edvel no site: rr.senac.br. Entre os pr\u00e9-requisitos destacam-se renda familiar <em>per capita <\/em>de at\u00e9 dois sal\u00e1rios m\u00ednimos federais, escolaridade, idade e outros. Os candidatos interessados devem apresentar documenta\u00e7\u00e3o comprobat\u00f3ria no ato da matr\u00edcula.<\/p>\n\n\n\n<div style=\"height:1px\" aria-hidden=\"true\" class=\"wp-block-spacer\"><\/div>\n\n\n\n<p>Com aulas previstas para iniciar a partir de agosto, esta nova etapa do projeto \u2018Transformando Vidas\u2019 refor\u00e7a o compromisso do Senac em ser uma institui\u00e7\u00e3o de ensino profissional que abrange todo o estado de Roraima. As aulas ser\u00e3o realizadas presencialmente na unidade m\u00f3vel do Senac, instalada em uma carreta moderna e adaptada para o ambiente pedag\u00f3gico, localizada na Pra\u00e7a do Centro C\u00edvico, Centro, pr\u00f3ximo ao Pr\u00e9dio da Prefeitura de Caracara\u00ed (RR).<\/p>\n\n\n\n<div style=\"height:2px\" aria-hidden=\"true\" class=\"wp-block-spacer\"><\/div>\n\n\n\n<p>Demais informa\u00e7\u00f5es podem ser consultadas no edital 015\/2025, ou diretamente na Central de Atendimento do Senac Roraima: (95) 98420-9992.<\/p>\n\n\n\n<div style=\"height:1px\" aria-hidden=\"true\" class=\"wp-block-spacer\"><\/div>\n\n\n\n<p>Por Liana Lima, analista t\u00e9c. de comunica\u00e7\u00e3o do Senac\/RR.<\/p>\n\n\n\n<div style=\"height:0px\" aria-hidden=\"true\" class=\"wp-block-spacer\"><\/div>\n\n\n\n<p><\/p>\n","protected":false},"excerpt":{"rendered":"<p>O projeto \u201cTransformando Vidas\u201d marca seu retorno para ampliar a oferta de educa\u00e7\u00e3o profissional no estado No 15\u00ba edital do Programa Senac de Gratuidade, divulgado neste dia 28, segunda-feira, o Senac Roraima disponibiliza 20 vagas para o curso de Assistente Administrativo, no munic\u00edpio de Caracara\u00ed&hellip; <a class=\"more-link\" href=\"https:\/\/www.rr.senac.br\/portalsenac\/unidade-movel-do-senac-leva-curso-gratis-ao-municipio-de-caracarai-rr\/\">Continuar lendo <span class=\"screen-reader-text\">Unidade m\u00f3vel do Senac leva curso gr\u00e1tis ao munic\u00edpio de Caracara\u00ed (RR)<\/span><\/a><\/p>\n","protected":false},"author":7,"featured_media":8777,"comment_status":"closed","ping_status":"closed","sticky":false,"template":"","format":"standard","meta":{"_jetpack_memberships_contains_paid_content":false,"_joinchat":[],"footnotes":""},"categories":[12],"tags":[69,46,61,48,53],"class_list":["post-8776","post","type-post","status-publish","format-standard","has-post-thumbnail","hentry","category-ultimas-noticias","tag-caracarai","tag-cursos-gratuitos","tag-gestao","tag-roraima","tag-senac-roraima","entry"],"jetpack_featured_media_url":"https:\/\/i0.wp.com\/www.rr.senac.br\/portalsenac\/wp-content\/uploads\/2025\/07\/senac_roraima_unidade_movel.jpeg?fit=1600%2C1066&ssl=1","jetpack_sharing_enabled":true,"_links":{"self":[{"href":"https:\/\/www.rr.senac.br\/portalsenac\/wp-json\/wp\/v2\/posts\/8776","targetHints":{"allow":["GET"]}}],"collection":[{"href":"https:\/\/www.rr.senac.br\/portalsenac\/wp-json\/wp\/v2\/posts"}],"about":[{"href":"https:\/\/www.rr.senac.br\/portalsenac\/wp-json\/wp\/v2\/types\/post"}],"author":[{"embeddable":true,"href":"https:\/\/www.rr.senac.br\/portalsenac\/wp-json\/wp\/v2\/users\/7"}],"replies":[{"embeddable":true,"href":"https:\/\/www.rr.senac.br\/portalsenac\/wp-json\/wp\/v2\/comments?post=8776"}],"version-history":[{"count":1,"href":"https:\/\/www.rr.senac.br\/portalsenac\/wp-json\/wp\/v2\/posts\/8776\/revisions"}],"predecessor-version":[{"id":8778,"href":"https:\/\/www.rr.senac.br\/portalsenac\/wp-json\/wp\/v2\/posts\/8776\/revisions\/8778"}],"wp:featuredmedia":[{"embeddable":true,"href":"https:\/\/www.rr.senac.br\/portalsenac\/wp-json\/wp\/v2\/media\/8777"}],"wp:attachment":[{"href":"https:\/\/www.rr.senac.br\/portalsenac\/wp-json\/wp\/v2\/media?parent=8776"}],"wp:term":[{"taxonomy":"category","embeddable":true,"href":"https:\/\/www.rr.senac.br\/portalsenac\/wp-json\/wp\/v2\/categories?post=8776"},{"taxonomy":"post_tag","embeddable":true,"href":"https:\/\/www.rr.senac.br\/portalsenac\/wp-json\/wp\/v2\/tags?post=8776"}],"curies":[{"name":"wp","href":"https:\/\/api.w.org\/{rel}","templated":true}]}}