{"id":8779,"date":"2025-08-02T10:49:13","date_gmt":"2025-08-02T14:49:13","guid":{"rendered":"https:\/\/www.rr.senac.br\/portalsenac\/?p=8779"},"modified":"2025-08-02T10:51:01","modified_gmt":"2025-08-02T14:51:01","slug":"encontro-de-egressos-promove-debates-e-usa-oculos-de-realidade-virtual-para-ampliar-os-horizontes-de-alunos-no-mercado-de-trabalho","status":"publish","type":"post","link":"https:\/\/www.rr.senac.br\/portalsenac\/encontro-de-egressos-promove-debates-e-usa-oculos-de-realidade-virtual-para-ampliar-os-horizontes-de-alunos-no-mercado-de-trabalho\/","title":{"rendered":"Encontro de Egressos promove debates e usa \u00f3culos de realidade virtual para ampliar os horizontes de alunos no mercado de trabalho"},"content":{"rendered":"\n<figure class=\"wp-block-image size-large\"><img data-recalc-dims=\"1\" fetchpriority=\"high\" decoding=\"async\" width=\"750\" height=\"500\" src=\"https:\/\/i0.wp.com\/www.rr.senac.br\/portalsenac\/wp-content\/uploads\/2025\/08\/encontro_de_egressos_senacrr.jpeg?resize=750%2C500&#038;ssl=1\" alt=\"\" class=\"wp-image-8780\" srcset=\"https:\/\/i0.wp.com\/www.rr.senac.br\/portalsenac\/wp-content\/uploads\/2025\/08\/encontro_de_egressos_senacrr.jpeg?resize=1024%2C682&amp;ssl=1 1024w, https:\/\/i0.wp.com\/www.rr.senac.br\/portalsenac\/wp-content\/uploads\/2025\/08\/encontro_de_egressos_senacrr.jpeg?resize=300%2C200&amp;ssl=1 300w, https:\/\/i0.wp.com\/www.rr.senac.br\/portalsenac\/wp-content\/uploads\/2025\/08\/encontro_de_egressos_senacrr.jpeg?resize=768%2C512&amp;ssl=1 768w, https:\/\/i0.wp.com\/www.rr.senac.br\/portalsenac\/wp-content\/uploads\/2025\/08\/encontro_de_egressos_senacrr.jpeg?resize=1536%2C1023&amp;ssl=1 1536w, https:\/\/i0.wp.com\/www.rr.senac.br\/portalsenac\/wp-content\/uploads\/2025\/08\/encontro_de_egressos_senacrr.jpeg?resize=1568%2C1045&amp;ssl=1 1568w, https:\/\/i0.wp.com\/www.rr.senac.br\/portalsenac\/wp-content\/uploads\/2025\/08\/encontro_de_egressos_senacrr.jpeg?w=1600&amp;ssl=1 1600w\" sizes=\"(max-width: 750px) 100vw, 750px\" \/><figcaption class=\"wp-element-caption\"><em>Iniciativa do Banco de Oportunidades do Senac\/RR conectou alunos aos egressos que carregam hist\u00f3rias de sucesso<\/em><\/figcaption><\/figure>\n\n\n\n<p>Aconteceu no m\u00eas de julho o primeiro Encontro de Egressos do Senac\/RR, como foi denominado o evento pensado pelo Banco de Oportunidades para conectar os alunos da institui\u00e7\u00e3o aos ex-alunos que j\u00e1 est\u00e3o inseridos no mercado de trabalho. No audit\u00f3rio da Unidade Ministro Ernane Galv\u00eaas, mais de 90 alunos presenciaram palestras sobre temas relevantes a quem deseja crescer profissionalmente.<\/p>\n\n\n\n<div style=\"height:0px\" aria-hidden=\"true\" class=\"wp-block-spacer\"><\/div>\n\n\n\n<p>Durante o evento, as palestrantes Rayane Nascimento e Vanessa Barbosa, experientes nas \u00e1reas do ensino e gest\u00e3o, demonstraram abordagens realistas, sens\u00edveis e inovadoras com as palestras Tend\u00eancias do Mercado de Trabalho e Desenvolvimento Profissional e a Import\u00e2ncia de Participar das Visitas T\u00e9cnicas, respectivamente. A ocasi\u00e3o tamb\u00e9m contou com um ilustre panorama da carreira da Diretora do Senac\/RR, Fernanda Paula Barbosa, apresentado por ela pr\u00f3pria.<\/p>\n\n\n\n<div style=\"height:0px\" aria-hidden=\"true\" class=\"wp-block-spacer\"><\/div>\n\n\n\n<div style=\"height:0px\" aria-hidden=\"true\" class=\"wp-block-spacer\"><\/div>\n\n\n\n<figure class=\"wp-block-image size-large\"><img data-recalc-dims=\"1\" decoding=\"async\" width=\"750\" height=\"500\" src=\"https:\/\/i0.wp.com\/www.rr.senac.br\/portalsenac\/wp-content\/uploads\/2025\/08\/encontro_de_egressos_senacrr_1.jpeg?resize=750%2C500&#038;ssl=1\" alt=\"\" class=\"wp-image-8781\" srcset=\"https:\/\/i0.wp.com\/www.rr.senac.br\/portalsenac\/wp-content\/uploads\/2025\/08\/encontro_de_egressos_senacrr_1.jpeg?resize=1024%2C682&amp;ssl=1 1024w, https:\/\/i0.wp.com\/www.rr.senac.br\/portalsenac\/wp-content\/uploads\/2025\/08\/encontro_de_egressos_senacrr_1.jpeg?resize=300%2C200&amp;ssl=1 300w, https:\/\/i0.wp.com\/www.rr.senac.br\/portalsenac\/wp-content\/uploads\/2025\/08\/encontro_de_egressos_senacrr_1.jpeg?resize=768%2C512&amp;ssl=1 768w, https:\/\/i0.wp.com\/www.rr.senac.br\/portalsenac\/wp-content\/uploads\/2025\/08\/encontro_de_egressos_senacrr_1.jpeg?resize=1536%2C1023&amp;ssl=1 1536w, https:\/\/i0.wp.com\/www.rr.senac.br\/portalsenac\/wp-content\/uploads\/2025\/08\/encontro_de_egressos_senacrr_1.jpeg?resize=1568%2C1045&amp;ssl=1 1568w, https:\/\/i0.wp.com\/www.rr.senac.br\/portalsenac\/wp-content\/uploads\/2025\/08\/encontro_de_egressos_senacrr_1.jpeg?w=1600&amp;ssl=1 1600w\" sizes=\"(max-width: 750px) 100vw, 750px\" \/><\/figure>\n\n\n\n<p>N\u00e3o se pode falar de inser\u00e7\u00e3o laboral e melhores oportunidades sem considerar as entrevistas de emprego, uma etapa dos processos seletivos que pode assustar muitos jovens que est\u00e3o iniciando neste universo. Pensando nisso, a palestrante e instrutora do Senac\/RR, C\u00edntia Vasconcelos, levou ao evento uma perspectiva inovadora sobre as entrevistas de emprego atrav\u00e9s das lentes dos \u00f3culos de realidade virtual, tecnologia presente na rotina pedag\u00f3gica dos alunos da institui\u00e7\u00e3o.<\/p>\n\n\n\n<div style=\"height:1px\" aria-hidden=\"true\" class=\"wp-block-spacer\"><\/div>\n\n\n\n<p><strong><em>\u201cDesde que adquirimos os \u00f3culos de realidade virtual, se tornou de interesse geral utilizarmos essa ferramenta o m\u00e1ximo poss\u00edvel, assimilando as situa\u00e7\u00f5es da vida real. Com o planejamento do Encontro de Egressos, o foco se voltou para a inser\u00e7\u00e3o no mercado de trabalho\u201d<\/em><\/strong>, explicou a palestrante sobre a iniciativa, que permitiu aos participantes a pr\u00e1tica para entrevistas de emprego por meio de um <em>software<\/em> especializado e imersivo.\u00a0<\/p>\n\n\n\n<div style=\"height:1px\" aria-hidden=\"true\" class=\"wp-block-spacer\"><\/div>\n\n\n\n<figure class=\"wp-block-image size-large\"><img data-recalc-dims=\"1\" decoding=\"async\" width=\"750\" height=\"500\" src=\"https:\/\/i0.wp.com\/www.rr.senac.br\/portalsenac\/wp-content\/uploads\/2025\/08\/encontro_de_egressos_senacrr_2.jpeg?resize=750%2C500&#038;ssl=1\" alt=\"\" class=\"wp-image-8782\" srcset=\"https:\/\/i0.wp.com\/www.rr.senac.br\/portalsenac\/wp-content\/uploads\/2025\/08\/encontro_de_egressos_senacrr_2.jpeg?resize=1024%2C682&amp;ssl=1 1024w, https:\/\/i0.wp.com\/www.rr.senac.br\/portalsenac\/wp-content\/uploads\/2025\/08\/encontro_de_egressos_senacrr_2.jpeg?resize=300%2C200&amp;ssl=1 300w, https:\/\/i0.wp.com\/www.rr.senac.br\/portalsenac\/wp-content\/uploads\/2025\/08\/encontro_de_egressos_senacrr_2.jpeg?resize=768%2C512&amp;ssl=1 768w, https:\/\/i0.wp.com\/www.rr.senac.br\/portalsenac\/wp-content\/uploads\/2025\/08\/encontro_de_egressos_senacrr_2.jpeg?resize=1536%2C1023&amp;ssl=1 1536w, https:\/\/i0.wp.com\/www.rr.senac.br\/portalsenac\/wp-content\/uploads\/2025\/08\/encontro_de_egressos_senacrr_2.jpeg?resize=1568%2C1045&amp;ssl=1 1568w, https:\/\/i0.wp.com\/www.rr.senac.br\/portalsenac\/wp-content\/uploads\/2025\/08\/encontro_de_egressos_senacrr_2.jpeg?w=1600&amp;ssl=1 1600w\" sizes=\"(max-width: 750px) 100vw, 750px\" \/><figcaption class=\"wp-element-caption\">Egressos do Senac\/RR convidados para roda de conversa sobre o mercado de trabalho<\/figcaption><\/figure>\n\n\n\n<p>O encontro foi, tamb\u00e9m, plataforma para uma roda de conversa com ex-alunos; foram apresentadas as hist\u00f3rias de sucesso,  fruto de suas trajet\u00f3rias constru\u00eddas no Senac\/RR. As hist\u00f3rias de sucesso servem para inspirar a resili\u00eancia em um cen\u00e1rio profissional cada vez mais competitivo.<\/p>\n\n\n\n<div style=\"height:2px\" aria-hidden=\"true\" class=\"wp-block-spacer\"><\/div>\n\n\n\n<figure class=\"wp-block-image size-large\"><img data-recalc-dims=\"1\" loading=\"lazy\" decoding=\"async\" width=\"750\" height=\"500\" src=\"https:\/\/i0.wp.com\/www.rr.senac.br\/portalsenac\/wp-content\/uploads\/2025\/08\/encontro_de_egressos_senacrr_3.jpeg?resize=750%2C500&#038;ssl=1\" alt=\"\" class=\"wp-image-8783\" srcset=\"https:\/\/i0.wp.com\/www.rr.senac.br\/portalsenac\/wp-content\/uploads\/2025\/08\/encontro_de_egressos_senacrr_3.jpeg?resize=1024%2C682&amp;ssl=1 1024w, https:\/\/i0.wp.com\/www.rr.senac.br\/portalsenac\/wp-content\/uploads\/2025\/08\/encontro_de_egressos_senacrr_3.jpeg?resize=300%2C200&amp;ssl=1 300w, https:\/\/i0.wp.com\/www.rr.senac.br\/portalsenac\/wp-content\/uploads\/2025\/08\/encontro_de_egressos_senacrr_3.jpeg?resize=768%2C512&amp;ssl=1 768w, https:\/\/i0.wp.com\/www.rr.senac.br\/portalsenac\/wp-content\/uploads\/2025\/08\/encontro_de_egressos_senacrr_3.jpeg?resize=1536%2C1023&amp;ssl=1 1536w, https:\/\/i0.wp.com\/www.rr.senac.br\/portalsenac\/wp-content\/uploads\/2025\/08\/encontro_de_egressos_senacrr_3.jpeg?resize=1568%2C1045&amp;ssl=1 1568w, https:\/\/i0.wp.com\/www.rr.senac.br\/portalsenac\/wp-content\/uploads\/2025\/08\/encontro_de_egressos_senacrr_3.jpeg?w=1600&amp;ssl=1 1600w\" sizes=\"(max-width: 750px) 100vw, 750px\" \/><figcaption class=\"wp-element-caption\"><strong><em>\u201cMinha trajet\u00f3ria profissional ganhou um novo direcionamento a partir do momento em que me tornei aluno do Senac. Foi um momento de gratid\u00e3o e reconhecimento, pois pude retribuir, de alguma forma, tudo o que o Senac representou, e continua representando, na minha trajet\u00f3ria. Al\u00e9m disso, estar ao lado de outras ex-alunas, que hoje s\u00e3o destaque em suas \u00e1reas foi enriquecedor, e refor\u00e7ou a import\u00e2ncia da forma\u00e7\u00e3o que recebemos. Para mim, esse convite foi mais do que uma honra, foi a confirma\u00e7\u00e3o de que o esfor\u00e7o e a dedica\u00e7\u00e3o durante minha forma\u00e7\u00e3o abriram caminhos que continuam a gerar frutos\u201d<\/em><\/strong> &#8211; Adenilson Silva<\/figcaption><\/figure>\n\n\n\n<div style=\"height:0px\" aria-hidden=\"true\" class=\"wp-block-spacer\"><\/div>\n\n\n\n<p>Atualmente, Adenilson ocupa um cargo de lideran\u00e7a na empresa onde trabalha e agraciou o evento como mestre de cerim\u00f4nias oficial.<\/p>\n\n\n\n<div style=\"height:0px\" aria-hidden=\"true\" class=\"wp-block-spacer\"><\/div>\n\n\n\n<p>Por Liana Lima, analista t\u00e9c. de comunica\u00e7\u00e3o do Senac\/RR<\/p>\n\n\n\n<div style=\"height:4px\" aria-hidden=\"true\" class=\"wp-block-spacer\"><\/div>\n","protected":false},"excerpt":{"rendered":"<p>Aconteceu no m\u00eas de julho o primeiro Encontro de Egressos do Senac\/RR, como foi denominado o evento pensado pelo Banco de Oportunidades para conectar os alunos da institui\u00e7\u00e3o aos ex-alunos que j\u00e1 est\u00e3o inseridos no mercado de trabalho. No audit\u00f3rio da Unidade Ministro Ernane Galv\u00eaas,&hellip; <a class=\"more-link\" href=\"https:\/\/www.rr.senac.br\/portalsenac\/encontro-de-egressos-promove-debates-e-usa-oculos-de-realidade-virtual-para-ampliar-os-horizontes-de-alunos-no-mercado-de-trabalho\/\">Continuar lendo <span class=\"screen-reader-text\">Encontro de Egressos promove debates e usa \u00f3culos de realidade virtual para ampliar os horizontes de alunos no mercado de trabalho<\/span><\/a><\/p>\n","protected":false},"author":7,"featured_media":8780,"comment_status":"closed","ping_status":"closed","sticky":false,"template":"","format":"standard","meta":{"_jetpack_memberships_contains_paid_content":false,"_joinchat":[],"footnotes":""},"categories":[12],"tags":[73,70,71,48],"class_list":["post-8779","post","type-post","status-publish","format-standard","has-post-thumbnail","hentry","category-ultimas-noticias","tag-alunos","tag-banco-de-oportunidades","tag-mercado-de-trabalho","tag-roraima","entry"],"jetpack_featured_media_url":"https:\/\/i0.wp.com\/www.rr.senac.br\/portalsenac\/wp-content\/uploads\/2025\/08\/encontro_de_egressos_senacrr.jpeg?fit=1600%2C1066&ssl=1","jetpack_sharing_enabled":true,"_links":{"self":[{"href":"https:\/\/www.rr.senac.br\/portalsenac\/wp-json\/wp\/v2\/posts\/8779","targetHints":{"allow":["GET"]}}],"collection":[{"href":"https:\/\/www.rr.senac.br\/portalsenac\/wp-json\/wp\/v2\/posts"}],"about":[{"href":"https:\/\/www.rr.senac.br\/portalsenac\/wp-json\/wp\/v2\/types\/post"}],"author":[{"embeddable":true,"href":"https:\/\/www.rr.senac.br\/portalsenac\/wp-json\/wp\/v2\/users\/7"}],"replies":[{"embeddable":true,"href":"https:\/\/www.rr.senac.br\/portalsenac\/wp-json\/wp\/v2\/comments?post=8779"}],"version-history":[{"count":1,"href":"https:\/\/www.rr.senac.br\/portalsenac\/wp-json\/wp\/v2\/posts\/8779\/revisions"}],"predecessor-version":[{"id":8784,"href":"https:\/\/www.rr.senac.br\/portalsenac\/wp-json\/wp\/v2\/posts\/8779\/revisions\/8784"}],"wp:featuredmedia":[{"embeddable":true,"href":"https:\/\/www.rr.senac.br\/portalsenac\/wp-json\/wp\/v2\/media\/8780"}],"wp:attachment":[{"href":"https:\/\/www.rr.senac.br\/portalsenac\/wp-json\/wp\/v2\/media?parent=8779"}],"wp:term":[{"taxonomy":"category","embeddable":true,"href":"https:\/\/www.rr.senac.br\/portalsenac\/wp-json\/wp\/v2\/categories?post=8779"},{"taxonomy":"post_tag","embeddable":true,"href":"https:\/\/www.rr.senac.br\/portalsenac\/wp-json\/wp\/v2\/tags?post=8779"}],"curies":[{"name":"wp","href":"https:\/\/api.w.org\/{rel}","templated":true}]}}