{"id":8785,"date":"2025-08-04T08:46:01","date_gmt":"2025-08-04T12:46:01","guid":{"rendered":"https:\/\/www.rr.senac.br\/portalsenac\/?p=8785"},"modified":"2025-08-04T08:46:01","modified_gmt":"2025-08-04T12:46:01","slug":"senac-roraima-oferta-mais-de-190-vagas-gratuitas-para-unidades-de-boa-vista-rr","status":"publish","type":"post","link":"https:\/\/www.rr.senac.br\/portalsenac\/senac-roraima-oferta-mais-de-190-vagas-gratuitas-para-unidades-de-boa-vista-rr\/","title":{"rendered":"Senac Roraima oferta mais de 190 vagas gratuitas para unidades de Boa Vista (RR)"},"content":{"rendered":"\n<figure class=\"wp-block-image size-large\"><img data-recalc-dims=\"1\" fetchpriority=\"high\" decoding=\"async\" width=\"750\" height=\"500\" src=\"https:\/\/i0.wp.com\/www.rr.senac.br\/portalsenac\/wp-content\/uploads\/2025\/08\/senacrr_cursos_tecnicos_gratis.jpeg?resize=750%2C500&#038;ssl=1\" alt=\"\" class=\"wp-image-8786\" srcset=\"https:\/\/i0.wp.com\/www.rr.senac.br\/portalsenac\/wp-content\/uploads\/2025\/08\/senacrr_cursos_tecnicos_gratis.jpeg?resize=1024%2C682&amp;ssl=1 1024w, https:\/\/i0.wp.com\/www.rr.senac.br\/portalsenac\/wp-content\/uploads\/2025\/08\/senacrr_cursos_tecnicos_gratis.jpeg?resize=300%2C200&amp;ssl=1 300w, https:\/\/i0.wp.com\/www.rr.senac.br\/portalsenac\/wp-content\/uploads\/2025\/08\/senacrr_cursos_tecnicos_gratis.jpeg?resize=768%2C512&amp;ssl=1 768w, https:\/\/i0.wp.com\/www.rr.senac.br\/portalsenac\/wp-content\/uploads\/2025\/08\/senacrr_cursos_tecnicos_gratis.jpeg?resize=1536%2C1023&amp;ssl=1 1536w, https:\/\/i0.wp.com\/www.rr.senac.br\/portalsenac\/wp-content\/uploads\/2025\/08\/senacrr_cursos_tecnicos_gratis.jpeg?resize=1568%2C1045&amp;ssl=1 1568w, https:\/\/i0.wp.com\/www.rr.senac.br\/portalsenac\/wp-content\/uploads\/2025\/08\/senacrr_cursos_tecnicos_gratis.jpeg?w=1600&amp;ssl=1 1600w\" sizes=\"(max-width: 750px) 100vw, 750px\" \/><figcaption class=\"wp-element-caption\"><em>As vagas contemplam cursos profissionalizantes e t\u00e9cnicos, com inscri\u00e7\u00f5es abertas a partir desta ter\u00e7a-feira (5)<\/em><\/figcaption><\/figure>\n\n\n\n<div style=\"height:0px\" aria-hidden=\"true\" class=\"wp-block-spacer\"><\/div>\n\n\n\n<p>O Servi\u00e7o Nacional de Aprendizagem Comercial (Senac\/RR) est\u00e1 com novo edital aberto para o Programa Senac de Gratuidade (PSG). S\u00e3o disponibilizadas 193 vagas totalmente gratuitas em cursos t\u00e9cnicos e profissionalizantes, com <a href=\"https:\/\/app.rr.senac.br\/send3\/site\/psg\/curso_selecao\/44990\">inscri\u00e7\u00f5es <em>online<\/em><\/a> que se iniciam \u00e0s 8h30 deste dia 05, ter\u00e7a-feira, no site da institui\u00e7\u00e3o: rr.senac.br. As vagas s\u00e3o para a capital, Boa Vista (RR).<\/p>\n\n\n\n<div style=\"height:2px\" aria-hidden=\"true\" class=\"wp-block-spacer\"><\/div>\n\n\n\n<p>Para se inscrever \u00e9 necess\u00e1rio conferir no edital todos os requisitos espec\u00edficos de cada t\u00edtulo, al\u00e9m de se encaixar nos requisitos gerais do PSG. A etapa de inscri\u00e7\u00f5es se estende enquanto houver vagas, e para efetivar a matr\u00edcula os interessados devem entregar a documenta\u00e7\u00e3o presencialmente na unidade de realiza\u00e7\u00e3o do curso nos dias 07 e 08 de agosto.<\/p>\n\n\n\n<div style=\"height:2px\" aria-hidden=\"true\" class=\"wp-block-spacer\"><\/div>\n\n\n\n<p>Neste edital, os cursos oferecidos incluem os segmentos da gest\u00e3o, com\u00e9rcio, gastronomia e lazer; alguns dos t\u00edtulos ofertados s\u00e3o bartender, recreador, confeiteiro, gar\u00e7om, cursos t\u00e9cnicos em marketing, log\u00edstica e finan\u00e7as. <\/p>\n\n\n\n<div style=\"height:0px\" aria-hidden=\"true\" class=\"wp-block-spacer\"><\/div>\n\n\n\n<p>Segundo o Gerente de Educa\u00e7\u00e3o Profissional do Senac\/RR, C\u00e9lio Melo, a institui\u00e7\u00e3o acompanha as exig\u00eancias do mercado na oferta de capacita\u00e7\u00e3o acess\u00edvel para a popula\u00e7\u00e3o: <strong><em>\u201cO mercado est\u00e1 cada vez mais inovador e transformador, e o Senac Roraima est\u00e1 acompanhando exatamente essas transforma\u00e7\u00f5es\u201d<\/em><\/strong>.<\/p>\n\n\n\n<div style=\"height:0px\" aria-hidden=\"true\" class=\"wp-block-spacer\"><\/div>\n\n\n\n<p>Os cursos garantem certifica\u00e7\u00f5es com carga hor\u00e1ria de 20h a 800h, e aulas presenciais previstas para iniciar em agosto e setembro, nas unidades do Senac em Boa Vista, localizadas nos bairros Asa Branca e S\u00e3o Francisco.<\/p>\n\n\n\n<div style=\"height:0px\" aria-hidden=\"true\" class=\"wp-block-spacer\"><\/div>\n\n\n\n<p>Demais informa\u00e7\u00f5es podem ser consultadas <a href=\"https:\/\/app.rr.senac.br\/send3\/resources\/upload\/edital\/da72191808f15f7d03eaf813a24b2d61.pdf\">diretamente no edital dispon\u00edvel no site<\/a>, ou atrav\u00e9s da Central de Atendimento do Senac Roraima no WhatsApp: (95) 98420-9992.<\/p>\n\n\n\n<div style=\"height:2px\" aria-hidden=\"true\" class=\"wp-block-spacer\"><\/div>\n\n\n\n<details class=\"wp-block-details is-layout-flow wp-block-details-is-layout-flow\"><summary><strong>Veja os cursos e vagas dispon\u00edveis<\/strong><\/summary>\n<p><strong>Senac S\u00e3o Francisco \u2013 Boa Vista (RR)<\/strong><\/p>\n\n\n\n<p>Bartender \u2013 16 vagas<\/p>\n\n\n\n<p>Recreador \u2013 20 vagas<\/p>\n\n\n\n<p>T\u00e9cnico em Marketing \u2013 20 vagas<\/p>\n\n\n\n<p>T\u00e9cnico em Log\u00edstica \u2013 20 vagas<\/p>\n\n\n\n<p>T\u00e9cnico em Finan\u00e7as \u2013 20 vagas<\/p>\n\n\n\n<p><strong>Senac Asa Branca \u2013 Boa Vista (RR)<\/strong><\/p>\n\n\n\n<p>Confeiteiro \u2013 16 vagas<\/p>\n\n\n\n<p>Gar\u00e7om \u2013 16 vagas<\/p>\n\n\n\n<p>Vendedor \u2013 25 vagas<\/p>\n\n\n\n<p>Supermercado e os Processos de Trabalho \u2013 20 vagas<\/p>\n\n\n\n<p>Desenvolvimento Profissional \u2013 20 vagas<\/p>\n<\/details>\n\n\n\n<div style=\"height:3px\" aria-hidden=\"true\" class=\"wp-block-spacer\"><\/div>\n\n\n\n<p>Por Liana Lima, analista t\u00e9c. de comunica\u00e7\u00e3o do Senac\/RR<\/p>\n","protected":false},"excerpt":{"rendered":"<p>O Servi\u00e7o Nacional de Aprendizagem Comercial (Senac\/RR) est\u00e1 com novo edital aberto para o Programa Senac de Gratuidade (PSG). S\u00e3o disponibilizadas 193 vagas totalmente gratuitas em cursos t\u00e9cnicos e profissionalizantes, com inscri\u00e7\u00f5es online que se iniciam \u00e0s 8h30 deste dia 05, ter\u00e7a-feira, no site da&hellip; <a class=\"more-link\" href=\"https:\/\/www.rr.senac.br\/portalsenac\/senac-roraima-oferta-mais-de-190-vagas-gratuitas-para-unidades-de-boa-vista-rr\/\">Continuar lendo <span class=\"screen-reader-text\">Senac Roraima oferta mais de 190 vagas gratuitas para unidades de Boa Vista (RR)<\/span><\/a><\/p>\n","protected":false},"author":7,"featured_media":8786,"comment_status":"closed","ping_status":"closed","sticky":false,"template":"","format":"standard","meta":{"_jetpack_memberships_contains_paid_content":false,"_joinchat":[],"footnotes":""},"categories":[12],"tags":[75,74,56,61,76,48],"class_list":["post-8785","post","type-post","status-publish","format-standard","has-post-thumbnail","hentry","category-ultimas-noticias","tag-comercio","tag-cursos-tecnicos","tag-gastronomia","tag-gestao","tag-gratuidade","tag-roraima","entry"],"jetpack_featured_media_url":"https:\/\/i0.wp.com\/www.rr.senac.br\/portalsenac\/wp-content\/uploads\/2025\/08\/senacrr_cursos_tecnicos_gratis.jpeg?fit=1600%2C1066&ssl=1","jetpack_sharing_enabled":true,"_links":{"self":[{"href":"https:\/\/www.rr.senac.br\/portalsenac\/wp-json\/wp\/v2\/posts\/8785","targetHints":{"allow":["GET"]}}],"collection":[{"href":"https:\/\/www.rr.senac.br\/portalsenac\/wp-json\/wp\/v2\/posts"}],"about":[{"href":"https:\/\/www.rr.senac.br\/portalsenac\/wp-json\/wp\/v2\/types\/post"}],"author":[{"embeddable":true,"href":"https:\/\/www.rr.senac.br\/portalsenac\/wp-json\/wp\/v2\/users\/7"}],"replies":[{"embeddable":true,"href":"https:\/\/www.rr.senac.br\/portalsenac\/wp-json\/wp\/v2\/comments?post=8785"}],"version-history":[{"count":1,"href":"https:\/\/www.rr.senac.br\/portalsenac\/wp-json\/wp\/v2\/posts\/8785\/revisions"}],"predecessor-version":[{"id":8787,"href":"https:\/\/www.rr.senac.br\/portalsenac\/wp-json\/wp\/v2\/posts\/8785\/revisions\/8787"}],"wp:featuredmedia":[{"embeddable":true,"href":"https:\/\/www.rr.senac.br\/portalsenac\/wp-json\/wp\/v2\/media\/8786"}],"wp:attachment":[{"href":"https:\/\/www.rr.senac.br\/portalsenac\/wp-json\/wp\/v2\/media?parent=8785"}],"wp:term":[{"taxonomy":"category","embeddable":true,"href":"https:\/\/www.rr.senac.br\/portalsenac\/wp-json\/wp\/v2\/categories?post=8785"},{"taxonomy":"post_tag","embeddable":true,"href":"https:\/\/www.rr.senac.br\/portalsenac\/wp-json\/wp\/v2\/tags?post=8785"}],"curies":[{"name":"wp","href":"https:\/\/api.w.org\/{rel}","templated":true}]}}