{"id":8810,"date":"2025-08-18T09:31:37","date_gmt":"2025-08-18T13:31:37","guid":{"rendered":"https:\/\/www.rr.senac.br\/portalsenac\/?p=8810"},"modified":"2025-08-18T09:31:37","modified_gmt":"2025-08-18T13:31:37","slug":"senac-rr-divulga-novas-vagas-gratuitas-para-curso-de-informatica-no-municipio-de-sao-luiz","status":"publish","type":"post","link":"https:\/\/www.rr.senac.br\/portalsenac\/senac-rr-divulga-novas-vagas-gratuitas-para-curso-de-informatica-no-municipio-de-sao-luiz\/","title":{"rendered":"Senac\/RR divulga novas vagas gratuitas para curso de inform\u00e1tica no munic\u00edpio de S\u00e3o Luiz"},"content":{"rendered":"\n<figure class=\"wp-block-image size-large\"><img data-recalc-dims=\"1\" fetchpriority=\"high\" decoding=\"async\" width=\"750\" height=\"500\" src=\"https:\/\/i0.wp.com\/www.rr.senac.br\/portalsenac\/wp-content\/uploads\/2025\/08\/senacrr_informatica_gratis.jpeg?resize=750%2C500&#038;ssl=1\" alt=\"\" class=\"wp-image-8813\" srcset=\"https:\/\/i0.wp.com\/www.rr.senac.br\/portalsenac\/wp-content\/uploads\/2025\/08\/senacrr_informatica_gratis.jpeg?resize=1024%2C682&amp;ssl=1 1024w, https:\/\/i0.wp.com\/www.rr.senac.br\/portalsenac\/wp-content\/uploads\/2025\/08\/senacrr_informatica_gratis.jpeg?resize=300%2C200&amp;ssl=1 300w, https:\/\/i0.wp.com\/www.rr.senac.br\/portalsenac\/wp-content\/uploads\/2025\/08\/senacrr_informatica_gratis.jpeg?resize=768%2C512&amp;ssl=1 768w, https:\/\/i0.wp.com\/www.rr.senac.br\/portalsenac\/wp-content\/uploads\/2025\/08\/senacrr_informatica_gratis.jpeg?resize=1536%2C1023&amp;ssl=1 1536w, https:\/\/i0.wp.com\/www.rr.senac.br\/portalsenac\/wp-content\/uploads\/2025\/08\/senacrr_informatica_gratis.jpeg?resize=1568%2C1045&amp;ssl=1 1568w, https:\/\/i0.wp.com\/www.rr.senac.br\/portalsenac\/wp-content\/uploads\/2025\/08\/senacrr_informatica_gratis.jpeg?w=1600&amp;ssl=1 1600w\" sizes=\"(max-width: 750px) 100vw, 750px\" \/><figcaption class=\"wp-element-caption\"><em>Inscri\u00e7\u00f5es on-line iniciam neste dia 19, \u00e0s 8h30<\/em><\/figcaption><\/figure>\n\n\n\n<p>O Servi\u00e7o Nacional de Aprendizagem Comercial (Senac\/RR) divulgou na manh\u00e3 desta segunda-feira (18) novo edital de cursos gratuitos ofertados pelo programa de gratuidade da institui\u00e7\u00e3o. Ao todo, s\u00e3o 40 vagas destinadas ao munic\u00edpio de S\u00e3o Luiz do Anau\u00e1 (RR), a etapa de inscri\u00e7\u00f5es inicia nesta ter\u00e7a-feira (19), exclusivamente no site: <a href=\"https:\/\/www.rr.senac.br\/portalsenac\/\">rr.senac.br<\/a>.<\/p>\n\n\n\n<div style=\"height:2px\" aria-hidden=\"true\" class=\"wp-block-spacer\"><\/div>\n\n\n\n<p><a href=\"https:\/\/app.rr.senac.br\/send3\/site\/psg\/curso_selecao\/5667192\">ACESSE O EDITAL COMPLETO<\/a><\/p>\n\n\n\n<div style=\"height:3px\" aria-hidden=\"true\" class=\"wp-block-spacer\"><\/div>\n\n\n\n<p>S\u00e3o ofertadas duas turmas de Inform\u00e1tica B\u00e1sica e Avan\u00e7ada, nos turnos vespertino e noturno, o que garante flexibilidade aos candidatos que buscam fortalecer seu curr\u00edculo. Os cursos ofertados conferem aos alunos certifica\u00e7\u00e3o de 160h, e possuem pr\u00e9-requisitos de acesso, como renda, idade e escolaridade m\u00ednima.<\/p>\n\n\n\n<div style=\"height:3px\" aria-hidden=\"true\" class=\"wp-block-spacer\"><\/div>\n\n\n\n<p>Ap\u00f3s a etapa de inscri\u00e7\u00e3o <em>on-line<\/em>, \u00e9 necess\u00e1rio seguir com confirma\u00e7\u00e3o de matr\u00edcula mediante entrega presencial da documenta\u00e7\u00e3o comprobat\u00f3ria, conforme orienta\u00e7\u00f5es de data e local presentes no edital. Mais informa\u00e7\u00f5es podem ser consultadas no edital, ou diretamente com a central de atendimento via WhatsApp: 98420-9992.<\/p>\n\n\n\n<div style=\"height:1px\" aria-hidden=\"true\" class=\"wp-block-spacer\"><\/div>\n\n\n\n<p>Por Liana Lima, analista t\u00e9c. de comunica\u00e7\u00e3o do Senac\/RR.<\/p>\n\n\n\n<div style=\"height:2px\" aria-hidden=\"true\" class=\"wp-block-spacer\"><\/div>\n","protected":false},"excerpt":{"rendered":"<p>O Servi\u00e7o Nacional de Aprendizagem Comercial (Senac\/RR) divulgou na manh\u00e3 desta segunda-feira (18) novo edital de cursos gratuitos ofertados pelo programa de gratuidade da institui\u00e7\u00e3o. Ao todo, s\u00e3o 40 vagas destinadas ao munic\u00edpio de S\u00e3o Luiz do Anau\u00e1 (RR), a etapa de inscri\u00e7\u00f5es inicia nesta&hellip; <a class=\"more-link\" href=\"https:\/\/www.rr.senac.br\/portalsenac\/senac-rr-divulga-novas-vagas-gratuitas-para-curso-de-informatica-no-municipio-de-sao-luiz\/\">Continuar lendo <span class=\"screen-reader-text\">Senac\/RR divulga novas vagas gratuitas para curso de inform\u00e1tica no munic\u00edpio de S\u00e3o Luiz<\/span><\/a><\/p>\n","protected":false},"author":7,"featured_media":8813,"comment_status":"closed","ping_status":"closed","sticky":false,"template":"","format":"standard","meta":{"_jetpack_memberships_contains_paid_content":false,"_joinchat":[],"footnotes":""},"categories":[12],"tags":[46,79,53,55],"class_list":["post-8810","post","type-post","status-publish","format-standard","has-post-thumbnail","hentry","category-ultimas-noticias","tag-cursos-gratuitos","tag-sao-luiz-do-anaua-rr","tag-senac-roraima","tag-tecnologia","entry"],"jetpack_featured_media_url":"https:\/\/i0.wp.com\/www.rr.senac.br\/portalsenac\/wp-content\/uploads\/2025\/08\/senacrr_informatica_gratis.jpeg?fit=1600%2C1066&ssl=1","jetpack_sharing_enabled":true,"_links":{"self":[{"href":"https:\/\/www.rr.senac.br\/portalsenac\/wp-json\/wp\/v2\/posts\/8810","targetHints":{"allow":["GET"]}}],"collection":[{"href":"https:\/\/www.rr.senac.br\/portalsenac\/wp-json\/wp\/v2\/posts"}],"about":[{"href":"https:\/\/www.rr.senac.br\/portalsenac\/wp-json\/wp\/v2\/types\/post"}],"author":[{"embeddable":true,"href":"https:\/\/www.rr.senac.br\/portalsenac\/wp-json\/wp\/v2\/users\/7"}],"replies":[{"embeddable":true,"href":"https:\/\/www.rr.senac.br\/portalsenac\/wp-json\/wp\/v2\/comments?post=8810"}],"version-history":[{"count":1,"href":"https:\/\/www.rr.senac.br\/portalsenac\/wp-json\/wp\/v2\/posts\/8810\/revisions"}],"predecessor-version":[{"id":8814,"href":"https:\/\/www.rr.senac.br\/portalsenac\/wp-json\/wp\/v2\/posts\/8810\/revisions\/8814"}],"wp:featuredmedia":[{"embeddable":true,"href":"https:\/\/www.rr.senac.br\/portalsenac\/wp-json\/wp\/v2\/media\/8813"}],"wp:attachment":[{"href":"https:\/\/www.rr.senac.br\/portalsenac\/wp-json\/wp\/v2\/media?parent=8810"}],"wp:term":[{"taxonomy":"category","embeddable":true,"href":"https:\/\/www.rr.senac.br\/portalsenac\/wp-json\/wp\/v2\/categories?post=8810"},{"taxonomy":"post_tag","embeddable":true,"href":"https:\/\/www.rr.senac.br\/portalsenac\/wp-json\/wp\/v2\/tags?post=8810"}],"curies":[{"name":"wp","href":"https:\/\/api.w.org\/{rel}","templated":true}]}}