{"id":8815,"date":"2025-08-18T17:40:28","date_gmt":"2025-08-18T21:40:28","guid":{"rendered":"https:\/\/www.rr.senac.br\/portalsenac\/?p=8815"},"modified":"2025-08-18T17:40:28","modified_gmt":"2025-08-18T21:40:28","slug":"solucoes-que-aproximam-senac-empresas-chega-em-rorainopolis-rr-para-estreitar-lacos-com-o-comercio-local","status":"publish","type":"post","link":"https:\/\/www.rr.senac.br\/portalsenac\/solucoes-que-aproximam-senac-empresas-chega-em-rorainopolis-rr-para-estreitar-lacos-com-o-comercio-local\/","title":{"rendered":"Solu\u00e7\u00f5es que aproximam: Senac Empresas chega em Rorain\u00f3polis (RR) para estreitar la\u00e7os com o com\u00e9rcio local"},"content":{"rendered":"\n<figure class=\"wp-block-image size-large\"><img data-recalc-dims=\"1\" fetchpriority=\"high\" decoding=\"async\" width=\"750\" height=\"500\" src=\"https:\/\/i0.wp.com\/www.rr.senac.br\/portalsenac\/wp-content\/uploads\/2025\/08\/senac_empresas_roraima.jpeg?resize=750%2C500&#038;ssl=1\" alt=\"\" class=\"wp-image-8816\" srcset=\"https:\/\/i0.wp.com\/www.rr.senac.br\/portalsenac\/wp-content\/uploads\/2025\/08\/senac_empresas_roraima.jpeg?resize=1024%2C682&amp;ssl=1 1024w, https:\/\/i0.wp.com\/www.rr.senac.br\/portalsenac\/wp-content\/uploads\/2025\/08\/senac_empresas_roraima.jpeg?resize=300%2C200&amp;ssl=1 300w, https:\/\/i0.wp.com\/www.rr.senac.br\/portalsenac\/wp-content\/uploads\/2025\/08\/senac_empresas_roraima.jpeg?resize=768%2C512&amp;ssl=1 768w, https:\/\/i0.wp.com\/www.rr.senac.br\/portalsenac\/wp-content\/uploads\/2025\/08\/senac_empresas_roraima.jpeg?resize=1536%2C1023&amp;ssl=1 1536w, https:\/\/i0.wp.com\/www.rr.senac.br\/portalsenac\/wp-content\/uploads\/2025\/08\/senac_empresas_roraima.jpeg?resize=1568%2C1045&amp;ssl=1 1568w, https:\/\/i0.wp.com\/www.rr.senac.br\/portalsenac\/wp-content\/uploads\/2025\/08\/senac_empresas_roraima.jpeg?w=1600&amp;ssl=1 1600w\" sizes=\"(max-width: 750px) 100vw, 750px\" \/><figcaption class=\"wp-element-caption\"><em>Nos dias 19, 20 e 21, empres\u00e1rios do munic\u00edpio poder\u00e3o receber visitas do Senac e realizar cadastro no programa que oferece solu\u00e7\u00f5es gratuitas e inova\u00e7\u00e3o para os neg\u00f3cios<\/em><\/figcaption><\/figure>\n\n\n\n<div style=\"height:5px\" aria-hidden=\"true\" class=\"wp-block-spacer\"><\/div>\n\n\n\n<p>Aten\u00e7\u00e3o empres\u00e1rios de Rorain\u00f3polis! J\u00e1 pensou em receber uma visita do Senac para impulsionar seu neg\u00f3cio? Nos dias 19, 20 e 21, ter\u00e7a, quarta e quinta-feira, a equipe de Relacionamento e Mercado do Senac\/RR est\u00e1 chegando no munic\u00edpio para uma grande a\u00e7\u00e3o que vai aproximar o com\u00e9rcio local, do Senac Empresas, com um mutir\u00e3o de visitas para cadastramento na plataforma.<\/p>\n\n\n\n<div style=\"height:0px\" aria-hidden=\"true\" class=\"wp-block-spacer\"><\/div>\n\n\n\n<p>A gerente de Relacionamento e Mercado do Senac\/RR, Ingreid Barbosa, afirma que a iniciativa da a\u00e7\u00e3o visa ampliar la\u00e7os com os empres\u00e1rios, e suas equipes, para al\u00e9m do \u00e2mbito da capital, com o intuito de fortalecer o com\u00e9rcio e a comunidade.<\/p>\n\n\n\n<div style=\"height:0px\" aria-hidden=\"true\" class=\"wp-block-spacer\"><\/div>\n\n\n\n<p><strong><em>\u201c\u00c9 uma satisfa\u00e7\u00e3o realizar a a\u00e7\u00e3o no munic\u00edpio de Rorain\u00f3polis e contribuir com o fortalecimento do relacionamento com os empres\u00e1rios locais por meio de visitas e apresenta\u00e7\u00e3o de cursos e workshops possibilitando aos colaboradores capacita\u00e7\u00f5es que impulsionam o time.&nbsp; Ressalto o compromisso do Senac em possibilitar a\u00e7\u00f5es que visam aprimorar os conhecimentos, aumentar a produtividade e melhorar o desempenho do time\u201d<\/em><\/strong>, disse Ingreid, sobre a a\u00e7\u00e3o que tamb\u00e9m contar\u00e1 com a participa\u00e7\u00e3o do Banco de Oportunidades.<\/p>\n\n\n\n<div style=\"height:0px\" aria-hidden=\"true\" class=\"wp-block-spacer\"><\/div>\n\n\n\n<p><strong>Senac Empresas<\/strong><\/p>\n\n\n\n<p>A plataforma Senac Empresas oferta um ambiente virtual pensado com exclusividade para atender \u00e0s necessidades do setor produtivo brasileiro, com solu\u00e7\u00f5es de educa\u00e7\u00e3o e capacita\u00e7\u00e3o profissional flex\u00edveis para empres\u00e1rios, e seus colaboradores.&nbsp;<\/p>\n\n\n\n<div style=\"height:2px\" aria-hidden=\"true\" class=\"wp-block-spacer\"><\/div>\n\n\n\n<p>Por Liana Lima, analista t\u00e9c. de comunica\u00e7\u00e3o do Senac\/RR.<\/p>\n","protected":false},"excerpt":{"rendered":"<p>Aten\u00e7\u00e3o empres\u00e1rios de Rorain\u00f3polis! J\u00e1 pensou em receber uma visita do Senac para impulsionar seu neg\u00f3cio? Nos dias 19, 20 e 21, ter\u00e7a, quarta e quinta-feira, a equipe de Relacionamento e Mercado do Senac\/RR est\u00e1 chegando no munic\u00edpio para uma grande a\u00e7\u00e3o que vai aproximar&hellip; <a class=\"more-link\" href=\"https:\/\/www.rr.senac.br\/portalsenac\/solucoes-que-aproximam-senac-empresas-chega-em-rorainopolis-rr-para-estreitar-lacos-com-o-comercio-local\/\">Continuar lendo <span class=\"screen-reader-text\">Solu\u00e7\u00f5es que aproximam: Senac Empresas chega em Rorain\u00f3polis (RR) para estreitar la\u00e7os com o com\u00e9rcio local<\/span><\/a><\/p>\n","protected":false},"author":7,"featured_media":8816,"comment_status":"closed","ping_status":"closed","sticky":false,"template":"","format":"standard","meta":{"_jetpack_memberships_contains_paid_content":false,"_joinchat":[],"footnotes":""},"categories":[12],"tags":[83,82,80,53,81],"class_list":["post-8815","post","type-post","status-publish","format-standard","has-post-thumbnail","hentry","category-ultimas-noticias","tag-capacitacao","tag-inovacao","tag-senac-empresa","tag-senac-roraima","tag-solucoes-empresariais","entry"],"jetpack_featured_media_url":"https:\/\/i0.wp.com\/www.rr.senac.br\/portalsenac\/wp-content\/uploads\/2025\/08\/senac_empresas_roraima.jpeg?fit=1600%2C1066&ssl=1","jetpack_sharing_enabled":true,"_links":{"self":[{"href":"https:\/\/www.rr.senac.br\/portalsenac\/wp-json\/wp\/v2\/posts\/8815","targetHints":{"allow":["GET"]}}],"collection":[{"href":"https:\/\/www.rr.senac.br\/portalsenac\/wp-json\/wp\/v2\/posts"}],"about":[{"href":"https:\/\/www.rr.senac.br\/portalsenac\/wp-json\/wp\/v2\/types\/post"}],"author":[{"embeddable":true,"href":"https:\/\/www.rr.senac.br\/portalsenac\/wp-json\/wp\/v2\/users\/7"}],"replies":[{"embeddable":true,"href":"https:\/\/www.rr.senac.br\/portalsenac\/wp-json\/wp\/v2\/comments?post=8815"}],"version-history":[{"count":1,"href":"https:\/\/www.rr.senac.br\/portalsenac\/wp-json\/wp\/v2\/posts\/8815\/revisions"}],"predecessor-version":[{"id":8817,"href":"https:\/\/www.rr.senac.br\/portalsenac\/wp-json\/wp\/v2\/posts\/8815\/revisions\/8817"}],"wp:featuredmedia":[{"embeddable":true,"href":"https:\/\/www.rr.senac.br\/portalsenac\/wp-json\/wp\/v2\/media\/8816"}],"wp:attachment":[{"href":"https:\/\/www.rr.senac.br\/portalsenac\/wp-json\/wp\/v2\/media?parent=8815"}],"wp:term":[{"taxonomy":"category","embeddable":true,"href":"https:\/\/www.rr.senac.br\/portalsenac\/wp-json\/wp\/v2\/categories?post=8815"},{"taxonomy":"post_tag","embeddable":true,"href":"https:\/\/www.rr.senac.br\/portalsenac\/wp-json\/wp\/v2\/tags?post=8815"}],"curies":[{"name":"wp","href":"https:\/\/api.w.org\/{rel}","templated":true}]}}