{"id":8831,"date":"2025-08-27T08:43:44","date_gmt":"2025-08-27T12:43:44","guid":{"rendered":"https:\/\/www.rr.senac.br\/portalsenac\/?p=8831"},"modified":"2025-08-27T08:43:44","modified_gmt":"2025-08-27T12:43:44","slug":"senac-roraima-anuncia-mais-de-300-novas-vagas-em-cursos-gratis-para-boa-vista-rr","status":"publish","type":"post","link":"https:\/\/www.rr.senac.br\/portalsenac\/senac-roraima-anuncia-mais-de-300-novas-vagas-em-cursos-gratis-para-boa-vista-rr\/","title":{"rendered":"Senac Roraima anuncia mais de 300 novas vagas em cursos gr\u00e1tis para Boa Vista \u2013 RR"},"content":{"rendered":"\n<figure class=\"wp-block-image size-large\"><img data-recalc-dims=\"1\" fetchpriority=\"high\" decoding=\"async\" width=\"750\" height=\"500\" src=\"https:\/\/i0.wp.com\/www.rr.senac.br\/portalsenac\/wp-content\/uploads\/2025\/08\/programa_senac_de_gratuidade_boa-vista-rr.jpeg?resize=750%2C500&#038;ssl=1\" alt=\"\" class=\"wp-image-8832\" srcset=\"https:\/\/i0.wp.com\/www.rr.senac.br\/portalsenac\/wp-content\/uploads\/2025\/08\/programa_senac_de_gratuidade_boa-vista-rr.jpeg?resize=1024%2C682&amp;ssl=1 1024w, https:\/\/i0.wp.com\/www.rr.senac.br\/portalsenac\/wp-content\/uploads\/2025\/08\/programa_senac_de_gratuidade_boa-vista-rr.jpeg?resize=300%2C200&amp;ssl=1 300w, https:\/\/i0.wp.com\/www.rr.senac.br\/portalsenac\/wp-content\/uploads\/2025\/08\/programa_senac_de_gratuidade_boa-vista-rr.jpeg?resize=768%2C512&amp;ssl=1 768w, https:\/\/i0.wp.com\/www.rr.senac.br\/portalsenac\/wp-content\/uploads\/2025\/08\/programa_senac_de_gratuidade_boa-vista-rr.jpeg?resize=1536%2C1023&amp;ssl=1 1536w, https:\/\/i0.wp.com\/www.rr.senac.br\/portalsenac\/wp-content\/uploads\/2025\/08\/programa_senac_de_gratuidade_boa-vista-rr.jpeg?resize=1568%2C1045&amp;ssl=1 1568w, https:\/\/i0.wp.com\/www.rr.senac.br\/portalsenac\/wp-content\/uploads\/2025\/08\/programa_senac_de_gratuidade_boa-vista-rr.jpeg?w=1600&amp;ssl=1 1600w\" sizes=\"(max-width: 750px) 100vw, 750px\" \/><figcaption class=\"wp-element-caption\">Edital inclui curso t\u00e9cnico em <em>marketing<\/em><\/figcaption><\/figure>\n\n\n\n<p>Na manh\u00e3 desta quarta-feira (27), o Servi\u00e7o Nacional de Aprendizagem Comercial (Senac\/RR) divulgou novo edital para o Programa Senac de Gratuidade contemplando a capital, Boa Vista &#8211; RR, com mais de 300 vagas em cursos presenciais gratuitos. Candidatos interessados podem realizar as inscri\u00e7\u00f5es a partir das 8h30 desta quinta-feira no site da institui\u00e7\u00e3o: rr.senac.br.<\/p>\n\n\n\n<div style=\"height:1px\" aria-hidden=\"true\" class=\"wp-block-spacer\"><\/div>\n\n\n\n<p><a href=\"https:\/\/app.rr.senac.br\/send3\/site\/psg\/curso_selecao\/628640\"><strong>Acesse o edital completo e saiba como se inscrever<\/strong><\/a><\/p>\n\n\n\n<p>Os cursos ofertados possuem certifica\u00e7\u00f5es que v\u00e3o de 60h a 800h, e abrangem principalmente as \u00e1reas da gastronomia, idiomas, comunica\u00e7\u00e3o e gest\u00e3o. Neste novo edital, o Senac inclui o curso T\u00e9cnico em <em>Marketing<\/em>.<\/p>\n\n\n\n<div style=\"height:1px\" aria-hidden=\"true\" class=\"wp-block-spacer\"><\/div>\n\n\n\n<p>Para participar, os candidatos devem ler o edital na \u00edntegra, e verificar todos os requisitos de renda, idade m\u00ednima e escolaridade. A etapa obrigat\u00f3ria de entrega da documenta\u00e7\u00e3o acontece nos dias 01 e 02 de setembro, presencialmente, na unidade de realiza\u00e7\u00e3o do curso selecionado.<\/p>\n\n\n\n<div style=\"height:2px\" aria-hidden=\"true\" class=\"wp-block-spacer\"><\/div>\n\n\n\n<details class=\"wp-block-details is-layout-flow wp-block-details-is-layout-flow\"><summary><strong>Confira os t\u00edtulos e vagas dispon\u00edveis<\/strong><\/summary>\n<p><strong>Senac S\u00e3o Francisco<\/strong><\/p>\n\n\n\n<p>Bartender \u2013 200h &#8211; 16 vagas<\/p>\n\n\n\n<p>T\u00e9cnicas B\u00e1sicas para Cozinheiros \u2013 140h &#8211; 20 vagas<\/p>\n\n\n\n<p>Salgadeiro \u2013 160h &#8211; 20 vagas<\/p>\n\n\n\n<p>Panifica\u00e7\u00e3o: T\u00e9cnicas e Bases \u2013 96h \u2013 20 vagas<\/p>\n\n\n\n<p>Boas Pr\u00e1ticas na Manipula\u00e7\u00e3o de Alimentos \u2013 60h \u2013 18 vagas<\/p>\n\n\n\n<p>L\u00f3gica de Programa\u00e7\u00e3o \u2013 60h \u2013 24 vagas<\/p>\n\n\n\n<p>Recepcionista \u2013 160h \u2013 20 vagas<\/p>\n\n\n\n<p>Produ\u00e7\u00e3o e Edi\u00e7\u00e3o de V\u00eddeo \u2013 84h \u2013 20 vagas<\/p>\n\n\n\n<p><strong>Senac Asa Branca<\/strong><\/p>\n\n\n\n<p>Pizzaiolo \u2013 160h \u2013 20 vagas<\/p>\n\n\n\n<p>Assistente Administrativo em Com\u00e9rcio e Servi\u00e7os \u2013 80h \u2013 25 vagas<\/p>\n\n\n\n<p>T\u00e9cnico em <em>Marketing<\/em> \u2013 800h \u2013 35 vagas<\/p>\n\n\n\n<p>Rotinas de Departamento Pessoal &#8211; 80h \u2013 25 vagas<\/p>\n\n\n\n<p>Assistente Financeiro &#8211; 160h \u2013 20 vagas<\/p>\n\n\n\n<p>Assistente Administrativo &#8211; 160h \u2013 20 vagas<\/p>\n\n\n\n<p>Modelagem e Anima\u00e7\u00e3o em 3D &#8211; 80h \u2013 20 vagas<\/p>\n\n\n\n<p><strong>Senac Idiomas<\/strong><\/p>\n\n\n\n<p>Libras Intermedi\u00e1rio \u2013 160h \u2013 15 vagas<\/p>\n<\/details>\n\n\n\n<div style=\"height:1px\" aria-hidden=\"true\" class=\"wp-block-spacer\"><\/div>\n\n\n\n<p>Mais informa\u00e7\u00f5es podem ser consultadas no edital, ou no WhatsApp da Central de Atendimento: (95) 98420-9992. Acompanhe tamb\u00e9m pelas redes sociais: @senacrr.<\/p>\n\n\n\n<div style=\"height:0px\" aria-hidden=\"true\" class=\"wp-block-spacer\"><\/div>\n\n\n\n<p>Por Liana Lima, analista t\u00e9c. de comunica\u00e7\u00e3o do Senac\/RR<\/p>\n\n\n\n<div style=\"height:0px\" aria-hidden=\"true\" class=\"wp-block-spacer\"><\/div>\n","protected":false},"excerpt":{"rendered":"<p>Na manh\u00e3 desta quarta-feira (27), o Servi\u00e7o Nacional de Aprendizagem Comercial (Senac\/RR) divulgou novo edital para o Programa Senac de Gratuidade contemplando a capital, Boa Vista &#8211; RR, com mais de 300 vagas em cursos presenciais gratuitos. Candidatos interessados podem realizar as inscri\u00e7\u00f5es a partir&hellip; <a class=\"more-link\" href=\"https:\/\/www.rr.senac.br\/portalsenac\/senac-roraima-anuncia-mais-de-300-novas-vagas-em-cursos-gratis-para-boa-vista-rr\/\">Continuar lendo <span class=\"screen-reader-text\">Senac Roraima anuncia mais de 300 novas vagas em cursos gr\u00e1tis para Boa Vista \u2013 RR<\/span><\/a><\/p>\n","protected":false},"author":7,"featured_media":8832,"comment_status":"closed","ping_status":"closed","sticky":false,"template":"","format":"standard","meta":{"_jetpack_memberships_contains_paid_content":false,"_joinchat":[],"footnotes":""},"categories":[12],"tags":[84,46,74,56,61,53,55],"class_list":["post-8831","post","type-post","status-publish","format-standard","has-post-thumbnail","hentry","category-ultimas-noticias","tag-boa-vista-rr-2","tag-cursos-gratuitos","tag-cursos-tecnicos","tag-gastronomia","tag-gestao","tag-senac-roraima","tag-tecnologia","entry"],"jetpack_featured_media_url":"https:\/\/i0.wp.com\/www.rr.senac.br\/portalsenac\/wp-content\/uploads\/2025\/08\/programa_senac_de_gratuidade_boa-vista-rr.jpeg?fit=1600%2C1066&ssl=1","jetpack_sharing_enabled":true,"_links":{"self":[{"href":"https:\/\/www.rr.senac.br\/portalsenac\/wp-json\/wp\/v2\/posts\/8831","targetHints":{"allow":["GET"]}}],"collection":[{"href":"https:\/\/www.rr.senac.br\/portalsenac\/wp-json\/wp\/v2\/posts"}],"about":[{"href":"https:\/\/www.rr.senac.br\/portalsenac\/wp-json\/wp\/v2\/types\/post"}],"author":[{"embeddable":true,"href":"https:\/\/www.rr.senac.br\/portalsenac\/wp-json\/wp\/v2\/users\/7"}],"replies":[{"embeddable":true,"href":"https:\/\/www.rr.senac.br\/portalsenac\/wp-json\/wp\/v2\/comments?post=8831"}],"version-history":[{"count":1,"href":"https:\/\/www.rr.senac.br\/portalsenac\/wp-json\/wp\/v2\/posts\/8831\/revisions"}],"predecessor-version":[{"id":8833,"href":"https:\/\/www.rr.senac.br\/portalsenac\/wp-json\/wp\/v2\/posts\/8831\/revisions\/8833"}],"wp:featuredmedia":[{"embeddable":true,"href":"https:\/\/www.rr.senac.br\/portalsenac\/wp-json\/wp\/v2\/media\/8832"}],"wp:attachment":[{"href":"https:\/\/www.rr.senac.br\/portalsenac\/wp-json\/wp\/v2\/media?parent=8831"}],"wp:term":[{"taxonomy":"category","embeddable":true,"href":"https:\/\/www.rr.senac.br\/portalsenac\/wp-json\/wp\/v2\/categories?post=8831"},{"taxonomy":"post_tag","embeddable":true,"href":"https:\/\/www.rr.senac.br\/portalsenac\/wp-json\/wp\/v2\/tags?post=8831"}],"curies":[{"name":"wp","href":"https:\/\/api.w.org\/{rel}","templated":true}]}}