{"id":8834,"date":"2025-08-28T09:22:30","date_gmt":"2025-08-28T13:22:30","guid":{"rendered":"https:\/\/www.rr.senac.br\/portalsenac\/?p=8834"},"modified":"2025-08-28T09:22:30","modified_gmt":"2025-08-28T13:22:30","slug":"senac-roraima-divulga-novos-cursos-gratuitos-de-gestao-e-gastronomia-para-municipios-do-sul-do-estado","status":"publish","type":"post","link":"https:\/\/www.rr.senac.br\/portalsenac\/senac-roraima-divulga-novos-cursos-gratuitos-de-gestao-e-gastronomia-para-municipios-do-sul-do-estado\/","title":{"rendered":"Senac Roraima divulga novos cursos gratuitos de gest\u00e3o e gastronomia para munic\u00edpios do sul do estado"},"content":{"rendered":"\n<figure class=\"wp-block-image size-large\"><img data-recalc-dims=\"1\" fetchpriority=\"high\" decoding=\"async\" width=\"750\" height=\"500\" src=\"https:\/\/i0.wp.com\/www.rr.senac.br\/portalsenac\/wp-content\/uploads\/2025\/08\/cursos_gratis_senac-roraima_interiores.jpeg?resize=750%2C500&#038;ssl=1\" alt=\"\" class=\"wp-image-8835\" srcset=\"https:\/\/i0.wp.com\/www.rr.senac.br\/portalsenac\/wp-content\/uploads\/2025\/08\/cursos_gratis_senac-roraima_interiores.jpeg?resize=1024%2C683&amp;ssl=1 1024w, https:\/\/i0.wp.com\/www.rr.senac.br\/portalsenac\/wp-content\/uploads\/2025\/08\/cursos_gratis_senac-roraima_interiores.jpeg?resize=300%2C200&amp;ssl=1 300w, https:\/\/i0.wp.com\/www.rr.senac.br\/portalsenac\/wp-content\/uploads\/2025\/08\/cursos_gratis_senac-roraima_interiores.jpeg?resize=768%2C512&amp;ssl=1 768w, https:\/\/i0.wp.com\/www.rr.senac.br\/portalsenac\/wp-content\/uploads\/2025\/08\/cursos_gratis_senac-roraima_interiores.jpeg?w=1500&amp;ssl=1 1500w\" sizes=\"(max-width: 750px) 100vw, 750px\" \/><figcaption class=\"wp-element-caption\"><em>Novo edital do PSG contempla S\u00e3o Jo\u00e3o da Baliza e S\u00e3o Luiz do Anau\u00e1<\/em><\/figcaption><\/figure>\n\n\n\n<p>O Senac\/RR lan\u00e7ou nesta quinta-feira, 28 de agosto, o vig\u00e9simo edital do Programa Senac de Gratuidade (PSG), com 38 vagas para cursos gratuitos destinados aos munic\u00edpios de S\u00e3o Jo\u00e3o da Baliza e S\u00e3o Luiz do Anau\u00e1, no sul do estado. Candidatos podem realizar inscri\u00e7\u00e3o <em>on-line\u00ad<\/em>, partir das 8h30 do dia 29, sexta-feira.<\/p>\n\n\n\n<div style=\"height:3px\" aria-hidden=\"true\" class=\"wp-block-spacer\"><\/div>\n\n\n\n<p>Os cursos dispon\u00edveis para os munic\u00edpios abrangem as \u00e1reas de gest\u00e3o e gastronomia, com os t\u00edtulos Auxiliar de Confeitaria, destinado a S\u00e3o Luiz, e Assistente de Secretaria Escolar, que contempla S\u00e3o Jo\u00e3o da Baliza. As informa\u00e7\u00f5es completas sobre os pr\u00e9-requisitos e documenta\u00e7\u00e3o necess\u00e1ria, est\u00e3o descritas no edital dispon\u00edvel no site.<\/p>\n\n\n\n<div style=\"height:1px\" aria-hidden=\"true\" class=\"wp-block-spacer\"><\/div>\n\n\n\n<p><a href=\"https:\/\/app.rr.senac.br\/send3\/site\/psg\/curso_selecao\/5468\">ACESSE O EDITAL E SAIBA COMO PARTICIPAR<\/a><\/p>\n\n\n\n<div style=\"height:0px\" aria-hidden=\"true\" class=\"wp-block-spacer\"><\/div>\n\n\n\n<p>A popula\u00e7\u00e3o interessada deve se atentar \u00e0s etapas obrigat\u00f3rias do processo, que al\u00e9m da inscri\u00e7\u00e3o <em>on-line, <\/em>prev\u00ea, obrigatoriamente, a entrega de documentos diretamente na unidade de realiza\u00e7\u00e3o do curso.<\/p>\n\n\n\n<div style=\"height:2px\" aria-hidden=\"true\" class=\"wp-block-spacer\"><\/div>\n\n\n\n<p>Para esclarecimento de d\u00favidas, os interessados podem acionar a Central de Atendimento do Senac\/RR via WhatsApp 98420-9992. Outras informa\u00e7\u00f5es podem ser acompanhadas nas redes sociais: @senacrr.<\/p>\n\n\n\n<div style=\"height:3px\" aria-hidden=\"true\" class=\"wp-block-spacer\"><\/div>\n\n\n\n<p>Por Liana Lima, analista t\u00e9c. de comunica\u00e7\u00e3o do Senac\/RR.<\/p>\n\n\n\n<div style=\"height:0px\" aria-hidden=\"true\" class=\"wp-block-spacer\"><\/div>\n","protected":false},"excerpt":{"rendered":"<p>O Senac\/RR lan\u00e7ou nesta quinta-feira, 28 de agosto, o vig\u00e9simo edital do Programa Senac de Gratuidade (PSG), com 38 vagas para cursos gratuitos destinados aos munic\u00edpios de S\u00e3o Jo\u00e3o da Baliza e S\u00e3o Luiz do Anau\u00e1, no sul do estado. Candidatos podem realizar inscri\u00e7\u00e3o on-line\u00ad,&hellip; <a class=\"more-link\" href=\"https:\/\/www.rr.senac.br\/portalsenac\/senac-roraima-divulga-novos-cursos-gratuitos-de-gestao-e-gastronomia-para-municipios-do-sul-do-estado\/\">Continuar lendo <span class=\"screen-reader-text\">Senac Roraima divulga novos cursos gratuitos de gest\u00e3o e gastronomia para munic\u00edpios do sul do estado<\/span><\/a><\/p>\n","protected":false},"author":7,"featured_media":8835,"comment_status":"closed","ping_status":"closed","sticky":false,"template":"","format":"standard","meta":{"_jetpack_memberships_contains_paid_content":false,"_joinchat":[],"footnotes":""},"categories":[12],"tags":[46,56,61,48,53],"class_list":["post-8834","post","type-post","status-publish","format-standard","has-post-thumbnail","hentry","category-ultimas-noticias","tag-cursos-gratuitos","tag-gastronomia","tag-gestao","tag-roraima","tag-senac-roraima","entry"],"jetpack_featured_media_url":"https:\/\/i0.wp.com\/www.rr.senac.br\/portalsenac\/wp-content\/uploads\/2025\/08\/cursos_gratis_senac-roraima_interiores.jpeg?fit=1500%2C1000&ssl=1","jetpack_sharing_enabled":true,"_links":{"self":[{"href":"https:\/\/www.rr.senac.br\/portalsenac\/wp-json\/wp\/v2\/posts\/8834","targetHints":{"allow":["GET"]}}],"collection":[{"href":"https:\/\/www.rr.senac.br\/portalsenac\/wp-json\/wp\/v2\/posts"}],"about":[{"href":"https:\/\/www.rr.senac.br\/portalsenac\/wp-json\/wp\/v2\/types\/post"}],"author":[{"embeddable":true,"href":"https:\/\/www.rr.senac.br\/portalsenac\/wp-json\/wp\/v2\/users\/7"}],"replies":[{"embeddable":true,"href":"https:\/\/www.rr.senac.br\/portalsenac\/wp-json\/wp\/v2\/comments?post=8834"}],"version-history":[{"count":1,"href":"https:\/\/www.rr.senac.br\/portalsenac\/wp-json\/wp\/v2\/posts\/8834\/revisions"}],"predecessor-version":[{"id":8836,"href":"https:\/\/www.rr.senac.br\/portalsenac\/wp-json\/wp\/v2\/posts\/8834\/revisions\/8836"}],"wp:featuredmedia":[{"embeddable":true,"href":"https:\/\/www.rr.senac.br\/portalsenac\/wp-json\/wp\/v2\/media\/8835"}],"wp:attachment":[{"href":"https:\/\/www.rr.senac.br\/portalsenac\/wp-json\/wp\/v2\/media?parent=8834"}],"wp:term":[{"taxonomy":"category","embeddable":true,"href":"https:\/\/www.rr.senac.br\/portalsenac\/wp-json\/wp\/v2\/categories?post=8834"},{"taxonomy":"post_tag","embeddable":true,"href":"https:\/\/www.rr.senac.br\/portalsenac\/wp-json\/wp\/v2\/tags?post=8834"}],"curies":[{"name":"wp","href":"https:\/\/api.w.org\/{rel}","templated":true}]}}