{"id":8872,"date":"2025-09-18T12:26:26","date_gmt":"2025-09-18T16:26:26","guid":{"rendered":"https:\/\/www.rr.senac.br\/portalsenac\/?p=8872"},"modified":"2025-09-18T12:26:26","modified_gmt":"2025-09-18T16:26:26","slug":"egressas-do-programa-de-gratuidade-do-senac-rr-representam-o-estado-na-abertura-da-maior-competicao-de-educacao-profissional-do-pais","status":"publish","type":"post","link":"https:\/\/www.rr.senac.br\/portalsenac\/egressas-do-programa-de-gratuidade-do-senac-rr-representam-o-estado-na-abertura-da-maior-competicao-de-educacao-profissional-do-pais\/","title":{"rendered":"Egressas do Programa de Gratuidade do Senac\/RR representam o estado na abertura da maior competi\u00e7\u00e3o de educa\u00e7\u00e3o profissional do pa\u00eds\u00a0"},"content":{"rendered":"\n<figure class=\"wp-block-image size-large\"><img data-recalc-dims=\"1\" fetchpriority=\"high\" decoding=\"async\" width=\"750\" height=\"500\" src=\"https:\/\/i0.wp.com\/www.rr.senac.br\/portalsenac\/wp-content\/uploads\/2025\/09\/senac_roraima_competicoes.png?resize=750%2C500&#038;ssl=1\" alt=\"\" class=\"wp-image-8873\" srcset=\"https:\/\/i0.wp.com\/www.rr.senac.br\/portalsenac\/wp-content\/uploads\/2025\/09\/senac_roraima_competicoes.png?resize=1024%2C683&amp;ssl=1 1024w, https:\/\/i0.wp.com\/www.rr.senac.br\/portalsenac\/wp-content\/uploads\/2025\/09\/senac_roraima_competicoes.png?resize=300%2C200&amp;ssl=1 300w, https:\/\/i0.wp.com\/www.rr.senac.br\/portalsenac\/wp-content\/uploads\/2025\/09\/senac_roraima_competicoes.png?resize=768%2C512&amp;ssl=1 768w, https:\/\/i0.wp.com\/www.rr.senac.br\/portalsenac\/wp-content\/uploads\/2025\/09\/senac_roraima_competicoes.png?resize=1536%2C1024&amp;ssl=1 1536w, https:\/\/i0.wp.com\/www.rr.senac.br\/portalsenac\/wp-content\/uploads\/2025\/09\/senac_roraima_competicoes.png?resize=1568%2C1045&amp;ssl=1 1568w, https:\/\/i0.wp.com\/www.rr.senac.br\/portalsenac\/wp-content\/uploads\/2025\/09\/senac_roraima_competicoes.png?w=2048&amp;ssl=1 2048w\" sizes=\"(max-width: 750px) 100vw, 750px\" \/><figcaption class=\"wp-element-caption\"><em>Abertura oficial do evento apresentou os melhores profissionais de ocupa\u00e7\u00f5es do com\u00e9rcio de bens, servi\u00e7os e turismo, do Brasil<\/em> | Foto: Senac Brasil<\/figcaption><\/figure>\n\n\n\n<p>Foi dada a largada! Aconteceu na noite desta quarta-feira, 17, a abertura da 5\u00aa edi\u00e7\u00e3o das Competi\u00e7\u00f5es Senac de Educa\u00e7\u00e3o Profissional. Competidores, delegados e autoridades do Sistema Com\u00e9rcio, prestigiaram no pavilh\u00e3o 4 do Riocentro, na cidade do Rio de Janeiro (RJ), a entrada de honra dos grandes talentos nacionais que representar\u00e3o seus respectivos estados em 10 ocupa\u00e7\u00f5es profissionais do setor terci\u00e1rio do com\u00e9rcio. O Senac Roraima esteve presente com a sua delega\u00e7\u00e3o.\u00a0<\/p>\n\n\n\n<div style=\"height:3px\" aria-hidden=\"true\" class=\"wp-block-spacer\"><\/div>\n\n\n\n<p>Esta edi\u00e7\u00e3o das Competi\u00e7\u00f5es \u00e9 marcada pela primeira participa\u00e7\u00e3o do Senac\/RR em cinco anos, e a representa\u00e7\u00e3o se d\u00e1 nas categorias de Confeitaria e Cabeleireiro. Como consolida\u00e7\u00e3o de acessibilidade, as alunas Ana Beatriz Bueno, que compete como cabeleireira, e Jhullha de Freitas, competidora da Confeitaria, s\u00e3o egressas do Programa Senac de Gratuidade.&nbsp;<\/p>\n\n\n\n<div style=\"height:4px\" aria-hidden=\"true\" class=\"wp-block-spacer\"><\/div>\n\n\n\n<p><strong><em>\u201cAs expectativas est\u00e3o altas e ao mesmo tempo muito positivas. Sei que ser\u00e1 desafiador, mas estou confiante nas t\u00e9cnicas que venho treinando. Representar Roraima atrav\u00e9s do Senac, sendo aluna do PSG, \u00e9 motivo de orgulho e responsabilidade. N\u00e3o \u00e9 s\u00f3 uma conquista pessoal, mas tamb\u00e9m uma forma de mostrar o talento e a for\u00e7a da nossa regi\u00e3o em uma competi\u00e7\u00e3o que \u00e9 a maior do Brasil\u201d<\/em><\/strong>, declarou a estrela da confeitaria Jhullha de Freitas.&nbsp;<\/p>\n\n\n\n<div style=\"height:1px\" aria-hidden=\"true\" class=\"wp-block-spacer\"><\/div>\n\n\n\n<p>Para Ana Beatriz Bueno, ser competidora significa, principalmente, expandir seus horizontes:<strong><em> \u201cquero poder entregar um \u00f3timo desempenho, mostrar o que treinamos no decorrer desses meses. \u00c9 uma honra representar meu Estado em uma competi\u00e7\u00e3o grandiosa como essa. E \u00e9 maravilhoso poder conhecer tantas hist\u00f3rias e culturas, poder absorver mais conhecimento e viver essa experi\u00eancia incr\u00edvel\u201d<\/em><\/strong>, disse.&nbsp;<\/p>\n\n\n\n<div style=\"height:3px\" aria-hidden=\"true\" class=\"wp-block-spacer\"><\/div>\n\n\n\n<p>A abertura do torneio, digna de eventos ol\u00edmpicos, elevou as expectativas para o primeiro dia de provas, que come\u00e7ou na manh\u00e3 desta quinta-feira, 18, e segue at\u00e9 o dia 20. Os mais de 100 competidores, oriundos de 22 estados do Brasil, incluindo Roraima, foram recebidos de forma calorosa pelo p\u00fablico, com energia positiva que promete acompanh\u00e1-los at\u00e9 o \u00faltimo momento. <\/p>\n\n\n\n<div style=\"height:6px\" aria-hidden=\"true\" class=\"wp-block-spacer\"><\/div>\n\n\n\n<p>Falas institucionais inspiradoras e uma apresenta\u00e7\u00e3o cultural que celebra a cultura regional dos estados participantes foram os pontos altos da noite.<\/p>\n\n\n\n<div style=\"height:5px\" aria-hidden=\"true\" class=\"wp-block-spacer\"><\/div>\n\n\n\n<p>De casa, familiares, amigos e colegas de curso, enviam suas vibra\u00e7\u00f5es, e podem acompanhar os tr\u00eas dias de competi\u00e7\u00f5es simultaneamente na <em>live<\/em> promovida pelo Senac Brasil noYouTube. A cobertura das provas conta tamb\u00e9m com mais de 32 c\u00e2meras ao vivo.&nbsp;<\/p>\n\n\n\n<div style=\"height:0px\" aria-hidden=\"true\" class=\"wp-block-spacer\"><\/div>\n\n\n\n<p>Por Liana Lima, analista t\u00e9c. de comunica\u00e7\u00e3o do Senac\/RR<\/p>\n\n\n\n<div style=\"height:0px\" aria-hidden=\"true\" class=\"wp-block-spacer\"><\/div>\n\n\n\n<p><\/p>\n","protected":false},"excerpt":{"rendered":"<p>Foi dada a largada! Aconteceu na noite desta quarta-feira, 17, a abertura da 5\u00aa edi\u00e7\u00e3o das Competi\u00e7\u00f5es Senac de Educa\u00e7\u00e3o Profissional. Competidores, delegados e autoridades do Sistema Com\u00e9rcio, prestigiaram no pavilh\u00e3o 4 do Riocentro, na cidade do Rio de Janeiro (RJ), a entrada de honra&hellip; <a class=\"more-link\" href=\"https:\/\/www.rr.senac.br\/portalsenac\/egressas-do-programa-de-gratuidade-do-senac-rr-representam-o-estado-na-abertura-da-maior-competicao-de-educacao-profissional-do-pais\/\">Continuar lendo <span class=\"screen-reader-text\">Egressas do Programa de Gratuidade do Senac\/RR representam o estado na abertura da maior competi\u00e7\u00e3o de educa\u00e7\u00e3o profissional do pa\u00eds\u00a0<\/span><\/a><\/p>\n","protected":false},"author":7,"featured_media":8873,"comment_status":"closed","ping_status":"closed","sticky":false,"template":"","format":"standard","meta":{"_jetpack_memberships_contains_paid_content":false,"_joinchat":[],"footnotes":""},"categories":[12],"tags":[88,86,87,89,48],"class_list":["post-8872","post","type-post","status-publish","format-standard","has-post-thumbnail","hentry","category-ultimas-noticias","tag-cabeleireiro","tag-competicoes-senac","tag-confeitaria","tag-psg","tag-roraima","entry"],"jetpack_featured_media_url":"https:\/\/i0.wp.com\/www.rr.senac.br\/portalsenac\/wp-content\/uploads\/2025\/09\/senac_roraima_competicoes.png?fit=2048%2C1365&ssl=1","jetpack_sharing_enabled":true,"_links":{"self":[{"href":"https:\/\/www.rr.senac.br\/portalsenac\/wp-json\/wp\/v2\/posts\/8872","targetHints":{"allow":["GET"]}}],"collection":[{"href":"https:\/\/www.rr.senac.br\/portalsenac\/wp-json\/wp\/v2\/posts"}],"about":[{"href":"https:\/\/www.rr.senac.br\/portalsenac\/wp-json\/wp\/v2\/types\/post"}],"author":[{"embeddable":true,"href":"https:\/\/www.rr.senac.br\/portalsenac\/wp-json\/wp\/v2\/users\/7"}],"replies":[{"embeddable":true,"href":"https:\/\/www.rr.senac.br\/portalsenac\/wp-json\/wp\/v2\/comments?post=8872"}],"version-history":[{"count":1,"href":"https:\/\/www.rr.senac.br\/portalsenac\/wp-json\/wp\/v2\/posts\/8872\/revisions"}],"predecessor-version":[{"id":8874,"href":"https:\/\/www.rr.senac.br\/portalsenac\/wp-json\/wp\/v2\/posts\/8872\/revisions\/8874"}],"wp:featuredmedia":[{"embeddable":true,"href":"https:\/\/www.rr.senac.br\/portalsenac\/wp-json\/wp\/v2\/media\/8873"}],"wp:attachment":[{"href":"https:\/\/www.rr.senac.br\/portalsenac\/wp-json\/wp\/v2\/media?parent=8872"}],"wp:term":[{"taxonomy":"category","embeddable":true,"href":"https:\/\/www.rr.senac.br\/portalsenac\/wp-json\/wp\/v2\/categories?post=8872"},{"taxonomy":"post_tag","embeddable":true,"href":"https:\/\/www.rr.senac.br\/portalsenac\/wp-json\/wp\/v2\/tags?post=8872"}],"curies":[{"name":"wp","href":"https:\/\/api.w.org\/{rel}","templated":true}]}}