{"id":8886,"date":"2025-09-24T09:16:49","date_gmt":"2025-09-24T13:16:49","guid":{"rendered":"https:\/\/www.rr.senac.br\/portalsenac\/?p=8886"},"modified":"2025-09-24T09:16:49","modified_gmt":"2025-09-24T13:16:49","slug":"maquiagem-express-avaliacao-nutricional-workshops-e-mais-senac-roraima-promove-dia-de-cuidados-gratuitos-para-a-populacao-de-sao-luiz-do-anaua","status":"publish","type":"post","link":"https:\/\/www.rr.senac.br\/portalsenac\/maquiagem-express-avaliacao-nutricional-workshops-e-mais-senac-roraima-promove-dia-de-cuidados-gratuitos-para-a-populacao-de-sao-luiz-do-anaua\/","title":{"rendered":"Maquiagem express, avalia\u00e7\u00e3o nutricional, workshops e mais: Senac Roraima promove dia de cuidados gratuitos para a popula\u00e7\u00e3o de S\u00e3o Luiz do Anau\u00e1"},"content":{"rendered":"\n<figure class=\"wp-block-image size-large\"><img data-recalc-dims=\"1\" fetchpriority=\"high\" decoding=\"async\" width=\"750\" height=\"500\" src=\"https:\/\/i0.wp.com\/www.rr.senac.br\/portalsenac\/wp-content\/uploads\/2025\/09\/servicos_gratis_senac_roraima.jpeg?resize=750%2C500&#038;ssl=1\" alt=\"\" class=\"wp-image-8887\" srcset=\"https:\/\/i0.wp.com\/www.rr.senac.br\/portalsenac\/wp-content\/uploads\/2025\/09\/servicos_gratis_senac_roraima.jpeg?resize=1024%2C682&amp;ssl=1 1024w, https:\/\/i0.wp.com\/www.rr.senac.br\/portalsenac\/wp-content\/uploads\/2025\/09\/servicos_gratis_senac_roraima.jpeg?resize=300%2C200&amp;ssl=1 300w, https:\/\/i0.wp.com\/www.rr.senac.br\/portalsenac\/wp-content\/uploads\/2025\/09\/servicos_gratis_senac_roraima.jpeg?resize=768%2C512&amp;ssl=1 768w, https:\/\/i0.wp.com\/www.rr.senac.br\/portalsenac\/wp-content\/uploads\/2025\/09\/servicos_gratis_senac_roraima.jpeg?resize=1536%2C1023&amp;ssl=1 1536w, https:\/\/i0.wp.com\/www.rr.senac.br\/portalsenac\/wp-content\/uploads\/2025\/09\/servicos_gratis_senac_roraima.jpeg?resize=1568%2C1045&amp;ssl=1 1568w, https:\/\/i0.wp.com\/www.rr.senac.br\/portalsenac\/wp-content\/uploads\/2025\/09\/servicos_gratis_senac_roraima.jpeg?w=1600&amp;ssl=1 1600w\" sizes=\"(max-width: 750px) 100vw, 750px\" \/><figcaption class=\"wp-element-caption\"><em>Senhas para atendimentos ser\u00e3o distribu\u00eddas a partir das 8h deste s\u00e1bado (27)<\/em><\/figcaption><\/figure>\n\n\n\n<div style=\"height:3px\" aria-hidden=\"true\" class=\"wp-block-spacer\"><\/div>\n\n\n\n<p>Neste dia 27, s\u00e1bado, o munic\u00edpio de S\u00e3o Luiz do Anau\u00e1 recebe a caravana do \u201cSenac em A\u00e7\u00e3o\u201d, que leva atendimentos gratuitos de sa\u00fade, gastronomia, tecnologia e sustentabilidade. A entrega de senhas e in\u00edcio dos atendimentos est\u00e3o marcados para \u00e0s 8h, na unidade Senac Norm\u00e9lia Mafra. \u00a0<\/p>\n\n\n\n<div style=\"height:0px\" aria-hidden=\"true\" class=\"wp-block-spacer\"><\/div>\n\n\n\n<p>O \u201cSenac em A\u00e7\u00e3o\u201d, que oferta cerca de 16 servi\u00e7os em diferentes \u00e1reas de atua\u00e7\u00e3o, vai mobilizar mais de 30 colaboradores da institui\u00e7\u00e3o. Com apostas na inova\u00e7\u00e3o, a a\u00e7\u00e3o vai proporcionar, entre outras atividades, oficina de criatividade com Intelig\u00eancia Artificial.<\/p>\n\n\n\n<div style=\"height:1px\" aria-hidden=\"true\" class=\"wp-block-spacer\"><\/div>\n\n\n\n<p>Esta \u00e9 a segunda vez neste ano que o Senac Roraima executa o projeto, marca da sua contribui\u00e7\u00e3o com o desenvolvimento social, com previs\u00e3o de realizar mais de 300 atendimentos em S\u00e3o Luiz do Anu\u00e1.\u00a0<\/p>\n\n\n\n<div style=\"height:5px\" aria-hidden=\"true\" class=\"wp-block-spacer\"><\/div>\n\n\n\n<details class=\"wp-block-details is-layout-flow wp-block-details-is-layout-flow\"><summary>\u00a0<strong>Confira a lista de servi\u00e7os e quantitativo de senhas dispon\u00edveis<\/strong><\/summary>\n<p><strong>Beleza<\/strong><\/p>\n\n\n\n<p>Maquiagem <em>express<\/em> \u2013 10 atendimentos<\/p>\n\n\n\n<p><em>Design <\/em>de sobrancelhas (sem hena) \u2013 10 atendimentos<\/p>\n\n\n\n<p>Corte de cabelo unissex \u2013 12 atendimentos<\/p>\n\n\n\n<p><strong>Tecnologia<\/strong><\/p>\n\n\n\n<p>Oficina: <em>Bobbie Goods<\/em> e a magia de criar com intelig\u00eancia artificial \u2013 20 atendimentos<\/p>\n\n\n\n<p>Apresenta\u00e7\u00e3o com \u00f3culos de realidade virtual \u2013 20 atendimentos<\/p>\n\n\n\n<p><em>Escape room<\/em> \u2013 20 atendimentos<\/p>\n\n\n\n<p><strong>Sustentabilidade (ecos)<\/strong><\/p>\n\n\n\n<p>Oficina de papel reciclado \u2013 20 atendimentos<\/p>\n\n\n\n<p><strong>Gastronomia<\/strong><\/p>\n\n\n\n<p><em>Workshop<\/em> Perigos ocultos: os riscos do \u00f3leo e \u00e1gua na cozinha \u2013 20 atendimentos<\/p>\n\n\n\n<p>Oficina de coquet\u00e9is para iniciantes \u2013 20 atendimentos<\/p>\n\n\n\n<p>Oficina de pipoca <em>gourmet<\/em> \u2013 20 atendimentos<\/p>\n\n\n\n<p><strong>Sa\u00fade<\/strong><\/p>\n\n\n\n<p>Avalia\u00e7\u00e3o nutricional com uso de bioimped\u00e2ncia e orienta\u00e7\u00e3o nutricional \u2013 20 atendimentos<\/p>\n\n\n\n<p>Aferi\u00e7\u00e3o dos sinais vitais \u2013 20 atendimentos<\/p>\n\n\n\n<p>Testes r\u00e1pidos \u2013 20 atendimentos<\/p>\n\n\n\n<p>Limpeza de pele \u2013 20 atendimentos<\/p>\n\n\n\n<p><em>Workshop<\/em> de RCP &#8211; 20 atendimentos<\/p>\n\n\n\n<p><strong>Senac Empresas<\/strong><\/p>\n\n\n\n<p><em>Quizz <\/em>e roleta interativa \u2013 50 atendimentos<\/p>\n<\/details>\n\n\n\n<div style=\"height:0px\" aria-hidden=\"true\" class=\"wp-block-spacer\"><\/div>\n\n\n\n<p>Mais informa\u00e7\u00f5es est\u00e3o dispon\u00edveis nas redes sociais do Senac\/RR (@senacrr), ou devem ser consultadas no WhatsApp da Central de Atendimento: 98420-9992.<\/p>\n\n\n\n<div style=\"height:2px\" aria-hidden=\"true\" class=\"wp-block-spacer\"><\/div>\n\n\n\n<p>Por Liana Lima, analista t\u00e9c. de comunica\u00e7\u00e3o do Senac\/RR<\/p>\n\n\n\n<div style=\"height:0px\" aria-hidden=\"true\" class=\"wp-block-spacer\"><\/div>\n","protected":false},"excerpt":{"rendered":"<p>Neste dia 27, s\u00e1bado, o munic\u00edpio de S\u00e3o Luiz do Anau\u00e1 recebe a caravana do \u201cSenac em A\u00e7\u00e3o\u201d, que leva atendimentos gratuitos de sa\u00fade, gastronomia, tecnologia e sustentabilidade. A entrega de senhas e in\u00edcio dos atendimentos est\u00e3o marcados para \u00e0s 8h, na unidade Senac Norm\u00e9lia&hellip; <a class=\"more-link\" href=\"https:\/\/www.rr.senac.br\/portalsenac\/maquiagem-express-avaliacao-nutricional-workshops-e-mais-senac-roraima-promove-dia-de-cuidados-gratuitos-para-a-populacao-de-sao-luiz-do-anaua\/\">Continuar lendo <span class=\"screen-reader-text\">Maquiagem express, avalia\u00e7\u00e3o nutricional, workshops e mais: Senac Roraima promove dia de cuidados gratuitos para a popula\u00e7\u00e3o de S\u00e3o Luiz do Anau\u00e1<\/span><\/a><\/p>\n","protected":false},"author":7,"featured_media":8887,"comment_status":"closed","ping_status":"closed","sticky":false,"template":"","format":"standard","meta":{"_jetpack_memberships_contains_paid_content":false,"_joinchat":[],"footnotes":""},"categories":[12],"tags":[65,54,53,91,90,55],"class_list":["post-8886","post","type-post","status-publish","format-standard","has-post-thumbnail","hentry","category-ultimas-noticias","tag-beleza","tag-saude","tag-senac-roraima","tag-servicos-gratis","tag-sul-do-estado","tag-tecnologia","entry"],"jetpack_featured_media_url":"https:\/\/i0.wp.com\/www.rr.senac.br\/portalsenac\/wp-content\/uploads\/2025\/09\/servicos_gratis_senac_roraima.jpeg?fit=1600%2C1066&ssl=1","jetpack_sharing_enabled":true,"_links":{"self":[{"href":"https:\/\/www.rr.senac.br\/portalsenac\/wp-json\/wp\/v2\/posts\/8886","targetHints":{"allow":["GET"]}}],"collection":[{"href":"https:\/\/www.rr.senac.br\/portalsenac\/wp-json\/wp\/v2\/posts"}],"about":[{"href":"https:\/\/www.rr.senac.br\/portalsenac\/wp-json\/wp\/v2\/types\/post"}],"author":[{"embeddable":true,"href":"https:\/\/www.rr.senac.br\/portalsenac\/wp-json\/wp\/v2\/users\/7"}],"replies":[{"embeddable":true,"href":"https:\/\/www.rr.senac.br\/portalsenac\/wp-json\/wp\/v2\/comments?post=8886"}],"version-history":[{"count":1,"href":"https:\/\/www.rr.senac.br\/portalsenac\/wp-json\/wp\/v2\/posts\/8886\/revisions"}],"predecessor-version":[{"id":8888,"href":"https:\/\/www.rr.senac.br\/portalsenac\/wp-json\/wp\/v2\/posts\/8886\/revisions\/8888"}],"wp:featuredmedia":[{"embeddable":true,"href":"https:\/\/www.rr.senac.br\/portalsenac\/wp-json\/wp\/v2\/media\/8887"}],"wp:attachment":[{"href":"https:\/\/www.rr.senac.br\/portalsenac\/wp-json\/wp\/v2\/media?parent=8886"}],"wp:term":[{"taxonomy":"category","embeddable":true,"href":"https:\/\/www.rr.senac.br\/portalsenac\/wp-json\/wp\/v2\/categories?post=8886"},{"taxonomy":"post_tag","embeddable":true,"href":"https:\/\/www.rr.senac.br\/portalsenac\/wp-json\/wp\/v2\/tags?post=8886"}],"curies":[{"name":"wp","href":"https:\/\/api.w.org\/{rel}","templated":true}]}}