{"id":8896,"date":"2025-09-26T09:22:42","date_gmt":"2025-09-26T13:22:42","guid":{"rendered":"https:\/\/www.rr.senac.br\/portalsenac\/?p=8896"},"modified":"2025-09-26T09:22:42","modified_gmt":"2025-09-26T13:22:42","slug":"transformando-vidas-programa-de-educacao-movel-do-senac-oferece-novas-vagas-gratuitas-em-caracarai-rr","status":"publish","type":"post","link":"https:\/\/www.rr.senac.br\/portalsenac\/transformando-vidas-programa-de-educacao-movel-do-senac-oferece-novas-vagas-gratuitas-em-caracarai-rr\/","title":{"rendered":"Transformando Vidas: Programa de educa\u00e7\u00e3o m\u00f3vel do Senac oferece novas vagas gratuitas em Caracara\u00ed (RR)"},"content":{"rendered":"\n<figure class=\"wp-block-image size-large\"><img data-recalc-dims=\"1\" fetchpriority=\"high\" decoding=\"async\" width=\"750\" height=\"500\" src=\"https:\/\/i0.wp.com\/www.rr.senac.br\/portalsenac\/wp-content\/uploads\/2025\/09\/senac_roraima_assistente_administrativo.jpeg?resize=750%2C500&#038;ssl=1\" alt=\"\" class=\"wp-image-8897\" srcset=\"https:\/\/i0.wp.com\/www.rr.senac.br\/portalsenac\/wp-content\/uploads\/2025\/09\/senac_roraima_assistente_administrativo.jpeg?resize=1024%2C682&amp;ssl=1 1024w, https:\/\/i0.wp.com\/www.rr.senac.br\/portalsenac\/wp-content\/uploads\/2025\/09\/senac_roraima_assistente_administrativo.jpeg?resize=300%2C200&amp;ssl=1 300w, https:\/\/i0.wp.com\/www.rr.senac.br\/portalsenac\/wp-content\/uploads\/2025\/09\/senac_roraima_assistente_administrativo.jpeg?resize=768%2C512&amp;ssl=1 768w, https:\/\/i0.wp.com\/www.rr.senac.br\/portalsenac\/wp-content\/uploads\/2025\/09\/senac_roraima_assistente_administrativo.jpeg?resize=1536%2C1023&amp;ssl=1 1536w, https:\/\/i0.wp.com\/www.rr.senac.br\/portalsenac\/wp-content\/uploads\/2025\/09\/senac_roraima_assistente_administrativo.jpeg?resize=1568%2C1045&amp;ssl=1 1568w, https:\/\/i0.wp.com\/www.rr.senac.br\/portalsenac\/wp-content\/uploads\/2025\/09\/senac_roraima_assistente_administrativo.jpeg?w=1600&amp;ssl=1 1600w\" sizes=\"(max-width: 750px) 100vw, 750px\" \/><figcaption class=\"wp-element-caption\">Candidatos interessados devem se atentar \u00e0 documenta\u00e7\u00e3o exigida e local de matr\u00edculas presenciais<\/figcaption><\/figure>\n\n\n\n<p><strong>Prepara a documenta\u00e7\u00e3o! <\/strong>O Servi\u00e7o Nacional de Aprendizagem Comercial &#8211; Senac\/RR tornou p\u00fablico o mais novo edital de vagas para cursos gratuitos em sua unidade de educa\u00e7\u00e3o m\u00f3vel. S\u00e3o 20 vagas para o curso de Assistente Administrativo, destinadas ao munic\u00edpio de Caracara\u00ed.<\/p>\n\n\n\n<div style=\"height:3px\" aria-hidden=\"true\" class=\"wp-block-spacer\"><\/div>\n\n\n\n<p>O curso de Assistente Administrativo prev\u00ea certifica\u00e7\u00e3o de 160h, e ser\u00e1 realizado presencialmente na Carreta de Gest\u00e3o e Inform\u00e1tica do Senac, unidade m\u00f3vel que faz parte do programa \u201cTransformando Vidas\u201d da institui\u00e7\u00e3o.<\/p>\n\n\n\n<div style=\"height:0px\" aria-hidden=\"true\" class=\"wp-block-spacer\"><\/div>\n\n\n\n<p><strong>Inscri\u00e7\u00f5es presenciais<\/strong><\/p>\n\n\n\n<p>Neste edital, as matr\u00edculas para o curso gratuito acontecem de forma presencial; os interessados devem comparecer \u00e0 Sala do Cidad\u00e3o, no sagu\u00e3o da Prefeitura de Caracara\u00ed (RR), localizada na Pra\u00e7a do Centro C\u00edvico, s\/n, Centro. O hor\u00e1rio de atendimento inicia \u00e0s 9h30, e segue at\u00e9 \u00e0s 14h.<\/p>\n\n\n\n<div style=\"height:1px\" aria-hidden=\"true\" class=\"wp-block-spacer\"><\/div>\n\n\n\n<p>Para participar \u00e9 essencial seguir rigorosamente as seguintes orienta\u00e7\u00f5es dispostas em edital: estar atento \u00e0 ordem de chegada para realiza\u00e7\u00e3o da matr\u00edcula presencial, portar os documentos exigidos em edital no ato da matr\u00edcula. Os candidatos interessados devem, ainda, cumprir os requisitos espec\u00edficos de renda, idade m\u00ednima, e escolaridade previstos pelo Programa Senac de Gratuidade.<\/p>\n\n\n\n<div style=\"height:0px\" aria-hidden=\"true\" class=\"wp-block-spacer\"><\/div>\n\n\n\n<p>Demais informa\u00e7\u00f5es sobre requisitos, e documenta\u00e7\u00e3o exigida, devem ser consultadas no edital, ou no WhatsApp da Central de Atendimento: (95) 98420-9992. Acompanhe novidades sobre o PSG tamb\u00e9m pelas redes sociais: @senacrr.<\/p>\n\n\n\n<div style=\"height:3px\" aria-hidden=\"true\" class=\"wp-block-spacer\"><\/div>\n\n\n\n<p>Por Liana Lima, analista t\u00e9c. de comunica\u00e7\u00e3o do Senac\/RR.<\/p>\n\n\n\n<div style=\"height:3px\" aria-hidden=\"true\" class=\"wp-block-spacer\"><\/div>\n","protected":false},"excerpt":{"rendered":"<p>Prepara a documenta\u00e7\u00e3o! O Servi\u00e7o Nacional de Aprendizagem Comercial &#8211; Senac\/RR tornou p\u00fablico o mais novo edital de vagas para cursos gratuitos em sua unidade de educa\u00e7\u00e3o m\u00f3vel. S\u00e3o 20 vagas para o curso de Assistente Administrativo, destinadas ao munic\u00edpio de Caracara\u00ed. O curso de&hellip; <a class=\"more-link\" href=\"https:\/\/www.rr.senac.br\/portalsenac\/transformando-vidas-programa-de-educacao-movel-do-senac-oferece-novas-vagas-gratuitas-em-caracarai-rr\/\">Continuar lendo <span class=\"screen-reader-text\">Transformando Vidas: Programa de educa\u00e7\u00e3o m\u00f3vel do Senac oferece novas vagas gratuitas em Caracara\u00ed (RR)<\/span><\/a><\/p>\n","protected":false},"author":7,"featured_media":8897,"comment_status":"closed","ping_status":"closed","sticky":false,"template":"","format":"standard","meta":{"_jetpack_memberships_contains_paid_content":false,"_joinchat":[],"footnotes":""},"categories":[12],"tags":[69,61,76,48,92],"class_list":["post-8896","post","type-post","status-publish","format-standard","has-post-thumbnail","hentry","category-ultimas-noticias","tag-caracarai","tag-gestao","tag-gratuidade","tag-roraima","tag-tranformando-vidas","entry"],"jetpack_featured_media_url":"https:\/\/i0.wp.com\/www.rr.senac.br\/portalsenac\/wp-content\/uploads\/2025\/09\/senac_roraima_assistente_administrativo.jpeg?fit=1600%2C1066&ssl=1","jetpack_sharing_enabled":true,"_links":{"self":[{"href":"https:\/\/www.rr.senac.br\/portalsenac\/wp-json\/wp\/v2\/posts\/8896","targetHints":{"allow":["GET"]}}],"collection":[{"href":"https:\/\/www.rr.senac.br\/portalsenac\/wp-json\/wp\/v2\/posts"}],"about":[{"href":"https:\/\/www.rr.senac.br\/portalsenac\/wp-json\/wp\/v2\/types\/post"}],"author":[{"embeddable":true,"href":"https:\/\/www.rr.senac.br\/portalsenac\/wp-json\/wp\/v2\/users\/7"}],"replies":[{"embeddable":true,"href":"https:\/\/www.rr.senac.br\/portalsenac\/wp-json\/wp\/v2\/comments?post=8896"}],"version-history":[{"count":1,"href":"https:\/\/www.rr.senac.br\/portalsenac\/wp-json\/wp\/v2\/posts\/8896\/revisions"}],"predecessor-version":[{"id":8898,"href":"https:\/\/www.rr.senac.br\/portalsenac\/wp-json\/wp\/v2\/posts\/8896\/revisions\/8898"}],"wp:featuredmedia":[{"embeddable":true,"href":"https:\/\/www.rr.senac.br\/portalsenac\/wp-json\/wp\/v2\/media\/8897"}],"wp:attachment":[{"href":"https:\/\/www.rr.senac.br\/portalsenac\/wp-json\/wp\/v2\/media?parent=8896"}],"wp:term":[{"taxonomy":"category","embeddable":true,"href":"https:\/\/www.rr.senac.br\/portalsenac\/wp-json\/wp\/v2\/categories?post=8896"},{"taxonomy":"post_tag","embeddable":true,"href":"https:\/\/www.rr.senac.br\/portalsenac\/wp-json\/wp\/v2\/tags?post=8896"}],"curies":[{"name":"wp","href":"https:\/\/api.w.org\/{rel}","templated":true}]}}