{"id":8899,"date":"2025-10-01T09:18:13","date_gmt":"2025-10-01T13:18:13","guid":{"rendered":"https:\/\/www.rr.senac.br\/portalsenac\/?p=8899"},"modified":"2025-10-01T09:18:13","modified_gmt":"2025-10-01T13:18:13","slug":"senac-roraima-promove-iii-semana-das-profissoes-a-partir-desta-segunda-feira-06","status":"publish","type":"post","link":"https:\/\/www.rr.senac.br\/portalsenac\/senac-roraima-promove-iii-semana-das-profissoes-a-partir-desta-segunda-feira-06\/","title":{"rendered":"Senac Roraima promove III Semana das Profiss\u00f5es a partir desta segunda-feira (06)"},"content":{"rendered":"\n<figure class=\"wp-block-image size-large\"><img data-recalc-dims=\"1\" fetchpriority=\"high\" decoding=\"async\" width=\"750\" height=\"500\" src=\"https:\/\/i0.wp.com\/www.rr.senac.br\/portalsenac\/wp-content\/uploads\/2025\/10\/senac_roraima_semana_das_profissoes.jpeg?resize=750%2C500&#038;ssl=1\" alt=\"\" class=\"wp-image-8900\" srcset=\"https:\/\/i0.wp.com\/www.rr.senac.br\/portalsenac\/wp-content\/uploads\/2025\/10\/senac_roraima_semana_das_profissoes.jpeg?resize=1024%2C682&amp;ssl=1 1024w, https:\/\/i0.wp.com\/www.rr.senac.br\/portalsenac\/wp-content\/uploads\/2025\/10\/senac_roraima_semana_das_profissoes.jpeg?resize=300%2C200&amp;ssl=1 300w, https:\/\/i0.wp.com\/www.rr.senac.br\/portalsenac\/wp-content\/uploads\/2025\/10\/senac_roraima_semana_das_profissoes.jpeg?resize=768%2C512&amp;ssl=1 768w, https:\/\/i0.wp.com\/www.rr.senac.br\/portalsenac\/wp-content\/uploads\/2025\/10\/senac_roraima_semana_das_profissoes.jpeg?resize=1536%2C1023&amp;ssl=1 1536w, https:\/\/i0.wp.com\/www.rr.senac.br\/portalsenac\/wp-content\/uploads\/2025\/10\/senac_roraima_semana_das_profissoes.jpeg?resize=1568%2C1045&amp;ssl=1 1568w, https:\/\/i0.wp.com\/www.rr.senac.br\/portalsenac\/wp-content\/uploads\/2025\/10\/senac_roraima_semana_das_profissoes.jpeg?w=1600&amp;ssl=1 1600w\" sizes=\"(max-width: 750px) 100vw, 750px\" \/><figcaption class=\"wp-element-caption\"><em>\u00a0O evento foca em promover desenvolvimento profissional e ter\u00e1 entrada gratuita<\/em><\/figcaption><\/figure>\n\n\n\n<p>Nesta segunda-feira, 06, inicia uma programa\u00e7\u00e3o de pura imers\u00e3o profissional, consolidada na agenda educacional do Senac\/RR: A Semana das Profiss\u00f5es, em sua terceira edi\u00e7\u00e3o. O evento segue ao longo dos dias 07 e 08 (ter\u00e7a e quarta-feira), na unidade do Senac em Boa Vista (RR), localizada na avenida Major Williams, 2084, bairro S\u00e3o Francisco.<\/p>\n\n\n\n<div style=\"height:4px\" aria-hidden=\"true\" class=\"wp-block-spacer\"><\/div>\n\n\n\n<p>Grandes empresas do estado, al\u00e9m de parceiros institucionais, j\u00e1 t\u00eam presen\u00e7a confirmada na Semana das Profiss\u00f5es 2025. Na oportunidade, \u00e9 esperado um p\u00fablico composto por trabalhadores aut\u00f4nomos, jovens empreendedores, estudantes e o p\u00fablico em geral que deseje conferir as atividades da Semana das Profiss\u00f5es. A entrada no evento ser\u00e1 gratuita, mediante credenciamento<em>. <\/em>\u00a0<\/p>\n\n\n\n<div style=\"height:4px\" aria-hidden=\"true\" class=\"wp-block-spacer\"><\/div>\n\n\n\n<p>Nesta edi\u00e7\u00e3o, o tema da Semana das Profiss\u00f5es \u00e9 \u201cDescubra, vivencie, profissionalize-se\u201d, e a programa\u00e7\u00e3o est\u00e1 recheada de workshops, oficinas e atividades pr\u00e1ticas voltadas ao futuro das profiss\u00f5es, pauta de grande relev\u00e2ncia na atualidade. Ser\u00e3o promovidas oficinas com tem\u00e1ticas variadas, como: design de games, orat\u00f3ria, primeiros socorros, automaquiagem e muito mais.<\/p>\n\n\n\n<div style=\"height:5px\" aria-hidden=\"true\" class=\"wp-block-spacer\"><\/div>\n\n\n\n<p><strong>Competi\u00e7\u00f5es<\/strong><\/p>\n\n\n\n<p>Como j\u00e1 \u00e9 tradi\u00e7\u00e3o, durante a Semana das Profiss\u00f5es o Senac promove as competi\u00e7\u00f5es profissionais Campeonato de Enfermagem e <em>Ideathon<\/em>, com o intuito de estimular o aprendizado e o esp\u00edrito de coopera\u00e7\u00e3o entre os alunos. O <em>Ideathon <\/em>consiste em um circuito de desafios colaborativos entre participantes para criar solu\u00e7\u00f5es pr\u00e1ticas e criativas para os desafios das profiss\u00f5es do futuro. Os vencedores de cada modalidade receber\u00e3o condecora\u00e7\u00f5es de reconhecimento.<\/p>\n\n\n\n<div style=\"height:5px\" aria-hidden=\"true\" class=\"wp-block-spacer\"><\/div>\n\n\n\n<p><strong>Mais informa\u00e7\u00f5es<\/strong><\/p>\n\n\n\n<p>A programa\u00e7\u00e3o completa est\u00e1 dispon\u00edvel nas redes sociais do Senac Roraima: @Senacrr. Demais informa\u00e7\u00f5es podem ser consultadas diretamente no WhatsApp da Central de Atendimento: (95) 98420-9992.<\/p>\n\n\n\n<div style=\"height:0px\" aria-hidden=\"true\" class=\"wp-block-spacer\"><\/div>\n\n\n\n<p>Por Liana Lima, analista t\u00e9c. de comunica\u00e7\u00e3o do Senac\/RR. <\/p>\n\n\n\n<div style=\"height:0px\" aria-hidden=\"true\" class=\"wp-block-spacer\"><\/div>\n\n\n\n<p><\/p>\n","protected":false},"excerpt":{"rendered":"<p>Nesta segunda-feira, 06, inicia uma programa\u00e7\u00e3o de pura imers\u00e3o profissional, consolidada na agenda educacional do Senac\/RR: A Semana das Profiss\u00f5es, em sua terceira edi\u00e7\u00e3o. O evento segue ao longo dos dias 07 e 08 (ter\u00e7a e quarta-feira), na unidade do Senac em Boa Vista (RR),&hellip; <a class=\"more-link\" href=\"https:\/\/www.rr.senac.br\/portalsenac\/senac-roraima-promove-iii-semana-das-profissoes-a-partir-desta-segunda-feira-06\/\">Continuar lendo <span class=\"screen-reader-text\">Senac Roraima promove III Semana das Profiss\u00f5es a partir desta segunda-feira (06)<\/span><\/a><\/p>\n","protected":false},"author":7,"featured_media":8900,"comment_status":"closed","ping_status":"closed","sticky":false,"template":"","format":"standard","meta":{"_jetpack_memberships_contains_paid_content":false,"_joinchat":[],"footnotes":""},"categories":[12],"tags":[65,84,56,61,94,54,93,55],"class_list":["post-8899","post","type-post","status-publish","format-standard","has-post-thumbnail","hentry","category-ultimas-noticias","tag-beleza","tag-boa-vista-rr-2","tag-gastronomia","tag-gestao","tag-moda","tag-saude","tag-semana-das-profissoes","tag-tecnologia","entry"],"jetpack_featured_media_url":"https:\/\/i0.wp.com\/www.rr.senac.br\/portalsenac\/wp-content\/uploads\/2025\/10\/senac_roraima_semana_das_profissoes.jpeg?fit=1600%2C1066&ssl=1","jetpack_sharing_enabled":true,"_links":{"self":[{"href":"https:\/\/www.rr.senac.br\/portalsenac\/wp-json\/wp\/v2\/posts\/8899","targetHints":{"allow":["GET"]}}],"collection":[{"href":"https:\/\/www.rr.senac.br\/portalsenac\/wp-json\/wp\/v2\/posts"}],"about":[{"href":"https:\/\/www.rr.senac.br\/portalsenac\/wp-json\/wp\/v2\/types\/post"}],"author":[{"embeddable":true,"href":"https:\/\/www.rr.senac.br\/portalsenac\/wp-json\/wp\/v2\/users\/7"}],"replies":[{"embeddable":true,"href":"https:\/\/www.rr.senac.br\/portalsenac\/wp-json\/wp\/v2\/comments?post=8899"}],"version-history":[{"count":1,"href":"https:\/\/www.rr.senac.br\/portalsenac\/wp-json\/wp\/v2\/posts\/8899\/revisions"}],"predecessor-version":[{"id":8901,"href":"https:\/\/www.rr.senac.br\/portalsenac\/wp-json\/wp\/v2\/posts\/8899\/revisions\/8901"}],"wp:featuredmedia":[{"embeddable":true,"href":"https:\/\/www.rr.senac.br\/portalsenac\/wp-json\/wp\/v2\/media\/8900"}],"wp:attachment":[{"href":"https:\/\/www.rr.senac.br\/portalsenac\/wp-json\/wp\/v2\/media?parent=8899"}],"wp:term":[{"taxonomy":"category","embeddable":true,"href":"https:\/\/www.rr.senac.br\/portalsenac\/wp-json\/wp\/v2\/categories?post=8899"},{"taxonomy":"post_tag","embeddable":true,"href":"https:\/\/www.rr.senac.br\/portalsenac\/wp-json\/wp\/v2\/tags?post=8899"}],"curies":[{"name":"wp","href":"https:\/\/api.w.org\/{rel}","templated":true}]}}