{"id":8905,"date":"2025-10-01T17:15:53","date_gmt":"2025-10-01T21:15:53","guid":{"rendered":"https:\/\/www.rr.senac.br\/portalsenac\/?p=8905"},"modified":"2025-10-01T17:15:53","modified_gmt":"2025-10-01T21:15:53","slug":"senac-roraima-recebe-reconhecimento-de-educacao-inovadora-no-premio-iel-de-talentos","status":"publish","type":"post","link":"https:\/\/www.rr.senac.br\/portalsenac\/senac-roraima-recebe-reconhecimento-de-educacao-inovadora-no-premio-iel-de-talentos\/","title":{"rendered":"Senac Roraima recebe reconhecimento de educa\u00e7\u00e3o inovadora no Pr\u00eamio IEL de Talentos"},"content":{"rendered":"\n<figure class=\"wp-block-image size-large\"><img data-recalc-dims=\"1\" fetchpriority=\"high\" decoding=\"async\" width=\"750\" height=\"500\" src=\"https:\/\/i0.wp.com\/www.rr.senac.br\/portalsenac\/wp-content\/uploads\/2025\/10\/senac_rr_premio_talentos.jpg?resize=750%2C500&#038;ssl=1\" alt=\"\" class=\"wp-image-8906\" srcset=\"https:\/\/i0.wp.com\/www.rr.senac.br\/portalsenac\/wp-content\/uploads\/2025\/10\/senac_rr_premio_talentos-scaled.jpg?resize=1024%2C683&amp;ssl=1 1024w, https:\/\/i0.wp.com\/www.rr.senac.br\/portalsenac\/wp-content\/uploads\/2025\/10\/senac_rr_premio_talentos-scaled.jpg?resize=300%2C200&amp;ssl=1 300w, https:\/\/i0.wp.com\/www.rr.senac.br\/portalsenac\/wp-content\/uploads\/2025\/10\/senac_rr_premio_talentos-scaled.jpg?resize=768%2C512&amp;ssl=1 768w, https:\/\/i0.wp.com\/www.rr.senac.br\/portalsenac\/wp-content\/uploads\/2025\/10\/senac_rr_premio_talentos-scaled.jpg?resize=1536%2C1024&amp;ssl=1 1536w, https:\/\/i0.wp.com\/www.rr.senac.br\/portalsenac\/wp-content\/uploads\/2025\/10\/senac_rr_premio_talentos-scaled.jpg?resize=2048%2C1365&amp;ssl=1 2048w, https:\/\/i0.wp.com\/www.rr.senac.br\/portalsenac\/wp-content\/uploads\/2025\/10\/senac_rr_premio_talentos-scaled.jpg?resize=1568%2C1045&amp;ssl=1 1568w, https:\/\/i0.wp.com\/www.rr.senac.br\/portalsenac\/wp-content\/uploads\/2025\/10\/senac_rr_premio_talentos-scaled.jpg?w=2250&amp;ssl=1 2250w\" sizes=\"(max-width: 750px) 100vw, 750px\" \/><figcaption class=\"wp-element-caption\"><em>Institui\u00e7\u00e3o conquistou 2\u00ba lugar na categoria | Foto: IEL Roraima<\/em><\/figcaption><\/figure>\n\n\n\n<p>O Servi\u00e7o Nacional de Aprendizagem Comercial \u2013 Senac\/RR participou da cerim\u00f4nia do Pr\u00eamio IEL de Talentos, que ocorreu na noite do \u00faltimo dia 19, sexta-feira. Grandes institui\u00e7\u00f5es e empresas do estado foram convidadas a participar da solenidade. Na ocasi\u00e3o, o Senac\/RR saiu ostentando o trof\u00e9u de segundo lugar na categoria Educa\u00e7\u00e3o Inovadora.<\/p>\n\n\n\n<div style=\"height:3px\" aria-hidden=\"true\" class=\"wp-block-spacer\"><\/div>\n\n\n\n<p>A iniciativa do Instituto Euvaldo Lodi \u2013 IEL\/RR, j\u00e1 \u00e9 consolidada e existe desde 2005. A categoria Educa\u00e7\u00e3o Inovadora reconhece especificamente institui\u00e7\u00f5es do Sistema S, que engloba Senai, Sesi, Senac, Sesc, Sebrae, Senar, Sest Senat e Sescoop, no \u00e2mbito do ensino t\u00e9cnico-profissional ou superior com pr\u00e1ticas inovadoras que potencializam o desenvolvimento profissional.<\/p>\n\n\n\n<div style=\"height:2px\" aria-hidden=\"true\" class=\"wp-block-spacer\"><\/div>\n\n\n\n<p>Fernanda Paula Barbosa, diretora regional do Senac, destaca que o reconhecimento \u00e9 resultado do investimento pesado que a institui\u00e7\u00e3o tem feito para ser refer\u00eancia em estrutura tecnol\u00f3gica.<\/p>\n\n\n\n<div style=\"height:5px\" aria-hidden=\"true\" class=\"wp-block-spacer\"><\/div>\n\n\n\n<p><strong>\u201cReceber esse reconhecimento no Pr\u00eamio IEL de Talentos \u00e9 a confirma\u00e7\u00e3o de que o Senac Roraima tem trilhado o caminho certo ao investir em tecnologia e inova\u00e7\u00e3o na educa\u00e7\u00e3o profissional. Nossos alunos contam hoje com recursos de ponta, como m\u00e1quinas de costura interativas, simuladores real\u00edsticos na \u00e1rea da sa\u00fade, softwares de anatomia, impressoras e scanners 3D, \u00f3culos de realidade virtual, entre tantos outros equipamentos que permitem uma verdadeira imers\u00e3o entre o real e o virtual. Esse investimento n\u00e3o \u00e9 apenas em tecnologia, mas em oportunidades de aprendizagem que transformam vidas e preparam nossos alunos para os desafios do mundo do trabalho\u201d<\/strong>, disse.<\/p>\n\n\n\n<div style=\"height:2px\" aria-hidden=\"true\" class=\"wp-block-spacer\"><\/div>\n\n\n\n<p><strong>Sobre o pr\u00eamio<\/strong><\/p>\n\n\n\n<p>O Pr\u00eamio IEL de Talentos tem o objetivo de valorizar iniciativas impactantes pautadas pela criatividade e inova\u00e7\u00e3o. O pr\u00eamio reconhece estagi\u00e1rios que se destacam em suas jornadas, bem como as institui\u00e7\u00f5es e profissionais que contribuem para o sucesso desta forma\u00e7\u00e3o.<\/p>\n\n\n\n<div style=\"height:4px\" aria-hidden=\"true\" class=\"wp-block-spacer\"><\/div>\n\n\n\n<p>Nas redes sociais o IEL Roraima comemorou o sucesso do Pr\u00eamio IEL de Talentos 2025: <strong><em>\u201cUma noite de celebra\u00e7\u00e3o e reconhecimento a quem se destacou com dedica\u00e7\u00e3o, criatividade e resultados que inspiram\u201d<\/em><\/strong>.<\/p>\n\n\n\n<div style=\"height:1px\" aria-hidden=\"true\" class=\"wp-block-spacer\"><\/div>\n\n\n\n<p>Por Liana Lima, analista t\u00e9c. de comunica\u00e7\u00e3o do Senac\/RR<\/p>\n\n\n\n<div style=\"height:5px\" aria-hidden=\"true\" class=\"wp-block-spacer\"><\/div>\n","protected":false},"excerpt":{"rendered":"<p>O Servi\u00e7o Nacional de Aprendizagem Comercial \u2013 Senac\/RR participou da cerim\u00f4nia do Pr\u00eamio IEL de Talentos, que ocorreu na noite do \u00faltimo dia 19, sexta-feira. Grandes institui\u00e7\u00f5es e empresas do estado foram convidadas a participar da solenidade. Na ocasi\u00e3o, o Senac\/RR saiu ostentando o trof\u00e9u&hellip; <a class=\"more-link\" href=\"https:\/\/www.rr.senac.br\/portalsenac\/senac-roraima-recebe-reconhecimento-de-educacao-inovadora-no-premio-iel-de-talentos\/\">Continuar lendo <span class=\"screen-reader-text\">Senac Roraima recebe reconhecimento de educa\u00e7\u00e3o inovadora no Pr\u00eamio IEL de Talentos<\/span><\/a><\/p>\n","protected":false},"author":7,"featured_media":8906,"comment_status":"closed","ping_status":"closed","sticky":false,"template":"","format":"standard","meta":{"_jetpack_memberships_contains_paid_content":false,"_joinchat":[],"footnotes":""},"categories":[12],"tags":[95,96,53,55],"class_list":["post-8905","post","type-post","status-publish","format-standard","has-post-thumbnail","hentry","category-ultimas-noticias","tag-educacao-inovadora","tag-iel","tag-senac-roraima","tag-tecnologia","entry"],"jetpack_featured_media_url":"https:\/\/i0.wp.com\/www.rr.senac.br\/portalsenac\/wp-content\/uploads\/2025\/10\/senac_rr_premio_talentos-scaled.jpg?fit=2560%2C1707&ssl=1","jetpack_sharing_enabled":true,"_links":{"self":[{"href":"https:\/\/www.rr.senac.br\/portalsenac\/wp-json\/wp\/v2\/posts\/8905","targetHints":{"allow":["GET"]}}],"collection":[{"href":"https:\/\/www.rr.senac.br\/portalsenac\/wp-json\/wp\/v2\/posts"}],"about":[{"href":"https:\/\/www.rr.senac.br\/portalsenac\/wp-json\/wp\/v2\/types\/post"}],"author":[{"embeddable":true,"href":"https:\/\/www.rr.senac.br\/portalsenac\/wp-json\/wp\/v2\/users\/7"}],"replies":[{"embeddable":true,"href":"https:\/\/www.rr.senac.br\/portalsenac\/wp-json\/wp\/v2\/comments?post=8905"}],"version-history":[{"count":1,"href":"https:\/\/www.rr.senac.br\/portalsenac\/wp-json\/wp\/v2\/posts\/8905\/revisions"}],"predecessor-version":[{"id":8907,"href":"https:\/\/www.rr.senac.br\/portalsenac\/wp-json\/wp\/v2\/posts\/8905\/revisions\/8907"}],"wp:featuredmedia":[{"embeddable":true,"href":"https:\/\/www.rr.senac.br\/portalsenac\/wp-json\/wp\/v2\/media\/8906"}],"wp:attachment":[{"href":"https:\/\/www.rr.senac.br\/portalsenac\/wp-json\/wp\/v2\/media?parent=8905"}],"wp:term":[{"taxonomy":"category","embeddable":true,"href":"https:\/\/www.rr.senac.br\/portalsenac\/wp-json\/wp\/v2\/categories?post=8905"},{"taxonomy":"post_tag","embeddable":true,"href":"https:\/\/www.rr.senac.br\/portalsenac\/wp-json\/wp\/v2\/tags?post=8905"}],"curies":[{"name":"wp","href":"https:\/\/api.w.org\/{rel}","templated":true}]}}