{"id":8911,"date":"2025-10-02T15:52:39","date_gmt":"2025-10-02T19:52:39","guid":{"rendered":"https:\/\/www.rr.senac.br\/portalsenac\/?p=8911"},"modified":"2025-10-02T15:52:39","modified_gmt":"2025-10-02T19:52:39","slug":"senac-roraima-participa-de-edicao-historica-das-competicoes-senac","status":"publish","type":"post","link":"https:\/\/www.rr.senac.br\/portalsenac\/senac-roraima-participa-de-edicao-historica-das-competicoes-senac\/","title":{"rendered":"Senac Roraima participa de edi\u00e7\u00e3o hist\u00f3rica das Competi\u00e7\u00f5es Senac"},"content":{"rendered":"\n<figure class=\"wp-block-image size-large\"><img data-recalc-dims=\"1\" fetchpriority=\"high\" decoding=\"async\" width=\"750\" height=\"500\" src=\"https:\/\/i0.wp.com\/www.rr.senac.br\/portalsenac\/wp-content\/uploads\/2025\/10\/roraima_competicoes_senac.jpeg?resize=750%2C500&#038;ssl=1\" alt=\"\" class=\"wp-image-8912\" srcset=\"https:\/\/i0.wp.com\/www.rr.senac.br\/portalsenac\/wp-content\/uploads\/2025\/10\/roraima_competicoes_senac.jpeg?resize=1024%2C682&amp;ssl=1 1024w, https:\/\/i0.wp.com\/www.rr.senac.br\/portalsenac\/wp-content\/uploads\/2025\/10\/roraima_competicoes_senac.jpeg?resize=300%2C200&amp;ssl=1 300w, https:\/\/i0.wp.com\/www.rr.senac.br\/portalsenac\/wp-content\/uploads\/2025\/10\/roraima_competicoes_senac.jpeg?resize=768%2C512&amp;ssl=1 768w, https:\/\/i0.wp.com\/www.rr.senac.br\/portalsenac\/wp-content\/uploads\/2025\/10\/roraima_competicoes_senac.jpeg?resize=1536%2C1023&amp;ssl=1 1536w, https:\/\/i0.wp.com\/www.rr.senac.br\/portalsenac\/wp-content\/uploads\/2025\/10\/roraima_competicoes_senac.jpeg?resize=1568%2C1045&amp;ssl=1 1568w, https:\/\/i0.wp.com\/www.rr.senac.br\/portalsenac\/wp-content\/uploads\/2025\/10\/roraima_competicoes_senac.jpeg?w=1600&amp;ssl=1 1600w\" sizes=\"(max-width: 750px) 100vw, 750px\" \/><figcaption class=\"wp-element-caption\"><em>Competidoras e delega\u00e7\u00e3o de Roraima compartilharam viv\u00eancias inesquec\u00edveis<\/em><\/figcaption><\/figure>\n\n\n\n<div style=\"height:3px\" aria-hidden=\"true\" class=\"wp-block-spacer\"><\/div>\n\n\n\n<p>Na disputa profissional de magnitude nacional, torcida do Senac Roraima e competidoras representantes do estado, viveram momentos que testaram a sa\u00fade do cora\u00e7\u00e3o, como manda uma boa competi\u00e7\u00e3o. As Competi\u00e7\u00f5es Senac 2025 contaram com tr\u00eas dias de provas, em que as habilidades de Anna Beatriz Bueno, competidora na Ocupa\u00e7\u00e3o de Cabelereiro, e Jhullha de Freitas, representante da Confeitaria, foram avaliadas por <em>experts<\/em> do Brasil inteiro, e grandes nomes internacionais.&nbsp;<\/p>\n\n\n\n<div style=\"height:4px\" aria-hidden=\"true\" class=\"wp-block-spacer\"><\/div>\n\n\n\n<p>O local escolhido para comportar a estrutura gigantesca das Competi\u00e7\u00f5es Senac, foi o Centro de Conven\u00e7\u00f5es Riocentro, na cidade do Rio de Janeiro (RJ). Nas Competi\u00e7\u00f5es Senac s\u00e3o selecionados, atrav\u00e9s de intensas provas, os melhores profissionais de dez ocupa\u00e7\u00f5es do com\u00e9rcio de bens, servi\u00e7os e turismo. Esta foi a quinta edi\u00e7\u00e3o, e ficar\u00e1 marcada na hist\u00f3ria de quase 80 anos do Senac no Brasil: foram 109 competidores participantes, maior n\u00famero registrado at\u00e9 o momento, representando mais de 20 estados brasileiros, e Distrito Federal. A quinta edi\u00e7\u00e3o tamb\u00e9m trouxe a estreia de tr\u00eas ocupa\u00e7\u00f5es, incluindo a Confeitaria.<\/p>\n\n\n\n<div style=\"height:3px\" aria-hidden=\"true\" class=\"wp-block-spacer\"><\/div>\n\n\n\n<figure class=\"wp-block-embed is-type-video is-provider-youtube wp-block-embed-youtube wp-embed-aspect-16-9 wp-has-aspect-ratio\"><div class=\"wp-block-embed__wrapper\">\n<iframe title=\"Senac Acontece #27 Competi\u00e7\u00f5es Senac - Rio de Janeiro\" width=\"750\" height=\"422\" src=\"https:\/\/www.youtube.com\/embed\/zOUd4CqaQ5Q?feature=oembed\" frameborder=\"0\" allow=\"accelerometer; autoplay; clipboard-write; encrypted-media; gyroscope; picture-in-picture; web-share\" referrerpolicy=\"strict-origin-when-cross-origin\" allowfullscreen><\/iframe>\n<\/div><\/figure>\n\n\n\n<div style=\"height:1px\" aria-hidden=\"true\" class=\"wp-block-spacer\"><\/div>\n\n\n\n<div style=\"height:1px\" aria-hidden=\"true\" class=\"wp-block-spacer\"><\/div>\n\n\n\n<p>Fernanda Paula Barbosa, diretora do Senac Roraima, comemora o potencial formativo e a chance de valorizar os alunos da institui\u00e7\u00e3o no evento. <strong><em>\u201cPara n\u00f3s, como Senac, \u00e9 um orgulho enorme Roraima poder fazer parte desses 20 estados que est\u00e3o nessa competi\u00e7\u00e3o nacional. \u00c9 uma emo\u00e7\u00e3o \u00fanica viver as Competi\u00e7\u00f5es Senac, e proporcionar isso para os nossos alunos e para a nossa equipe\u201d<\/em><\/strong>, declarou.<\/p>\n\n\n\n<div style=\"height:0px\" aria-hidden=\"true\" class=\"wp-block-spacer\"><\/div>\n\n\n\n<p>Ainda em Roraima, foram longos e intensos meses de prepara\u00e7\u00e3o das competidoras para os desafios propostos ao longo dos dias 18, 19 e 20 de setembro. As provas das Competi\u00e7\u00f5es Senac simularam situa\u00e7\u00f5es que podem acontecer na rotina real das profiss\u00f5es, e exigiram a execu\u00e7\u00e3o de t\u00e9cnicas de alto n\u00edvel. Jhullha e Anna Beatriz deram show, e conclu\u00edram com sucesso todas as miss\u00f5es, apesar das dificuldades.<\/p>\n\n\n\n<div style=\"height:3px\" aria-hidden=\"true\" class=\"wp-block-spacer\"><\/div>\n\n\n\n<figure class=\"wp-block-gallery has-nested-images columns-default is-cropped wp-block-gallery-1 is-layout-flex wp-block-gallery-is-layout-flex\">\n<figure class=\"wp-block-image size-large\"><img data-recalc-dims=\"1\" decoding=\"async\" width=\"750\" height=\"500\" data-id=\"8915\" src=\"https:\/\/i0.wp.com\/www.rr.senac.br\/portalsenac\/wp-content\/uploads\/2025\/10\/roraima_competicoes_senac4.jpeg?resize=750%2C500&#038;ssl=1\" alt=\"\" class=\"wp-image-8915\" srcset=\"https:\/\/i0.wp.com\/www.rr.senac.br\/portalsenac\/wp-content\/uploads\/2025\/10\/roraima_competicoes_senac4.jpeg?resize=1024%2C682&amp;ssl=1 1024w, https:\/\/i0.wp.com\/www.rr.senac.br\/portalsenac\/wp-content\/uploads\/2025\/10\/roraima_competicoes_senac4.jpeg?resize=300%2C200&amp;ssl=1 300w, https:\/\/i0.wp.com\/www.rr.senac.br\/portalsenac\/wp-content\/uploads\/2025\/10\/roraima_competicoes_senac4.jpeg?resize=768%2C512&amp;ssl=1 768w, https:\/\/i0.wp.com\/www.rr.senac.br\/portalsenac\/wp-content\/uploads\/2025\/10\/roraima_competicoes_senac4.jpeg?resize=1536%2C1023&amp;ssl=1 1536w, https:\/\/i0.wp.com\/www.rr.senac.br\/portalsenac\/wp-content\/uploads\/2025\/10\/roraima_competicoes_senac4.jpeg?resize=1568%2C1045&amp;ssl=1 1568w, https:\/\/i0.wp.com\/www.rr.senac.br\/portalsenac\/wp-content\/uploads\/2025\/10\/roraima_competicoes_senac4.jpeg?w=1600&amp;ssl=1 1600w\" sizes=\"(max-width: 750px) 100vw, 750px\" \/><\/figure>\n\n\n\n<figure class=\"wp-block-image size-large\"><img data-recalc-dims=\"1\" decoding=\"async\" width=\"750\" height=\"500\" data-id=\"8914\" src=\"https:\/\/i0.wp.com\/www.rr.senac.br\/portalsenac\/wp-content\/uploads\/2025\/10\/roraima_competicoes_senac3.jpeg?resize=750%2C500&#038;ssl=1\" alt=\"\" class=\"wp-image-8914\" srcset=\"https:\/\/i0.wp.com\/www.rr.senac.br\/portalsenac\/wp-content\/uploads\/2025\/10\/roraima_competicoes_senac3.jpeg?resize=1024%2C682&amp;ssl=1 1024w, https:\/\/i0.wp.com\/www.rr.senac.br\/portalsenac\/wp-content\/uploads\/2025\/10\/roraima_competicoes_senac3.jpeg?resize=300%2C200&amp;ssl=1 300w, https:\/\/i0.wp.com\/www.rr.senac.br\/portalsenac\/wp-content\/uploads\/2025\/10\/roraima_competicoes_senac3.jpeg?resize=768%2C512&amp;ssl=1 768w, https:\/\/i0.wp.com\/www.rr.senac.br\/portalsenac\/wp-content\/uploads\/2025\/10\/roraima_competicoes_senac3.jpeg?resize=1536%2C1023&amp;ssl=1 1536w, https:\/\/i0.wp.com\/www.rr.senac.br\/portalsenac\/wp-content\/uploads\/2025\/10\/roraima_competicoes_senac3.jpeg?resize=1568%2C1045&amp;ssl=1 1568w, https:\/\/i0.wp.com\/www.rr.senac.br\/portalsenac\/wp-content\/uploads\/2025\/10\/roraima_competicoes_senac3.jpeg?w=1600&amp;ssl=1 1600w\" sizes=\"(max-width: 750px) 100vw, 750px\" \/><\/figure>\n<\/figure>\n\n\n\n<div style=\"height:0px\" aria-hidden=\"true\" class=\"wp-block-spacer\"><\/div>\n\n\n\n<p><strong><em>\u201cO \u00faltimo dia foi o momento mais emocionante. Finalmente ter conclu\u00eddo tudo, e saber que eu entreguei tudo o que eu podia, \u00e9 uma honra. Essa oportunidade aqui \u00e9 realmente \u00fanica\u201d<\/em><\/strong>, foi o que relatou Anna Beatriz. Para Jhullha, os entraves log\u00edsticos que Roraima enfrenta n\u00e3o assustaram: <strong><em>\u201cTopamos o desafio, fizemos o nosso nome e mostramos o que tem de melhor no nosso estado. Quando come\u00e7avam a contar os minutos e os segundos, e eu achava que n\u00e3o ia dar tempo, vinha aquele g\u00e1s e eu consegui finalizar as provas. E isso \u00e9 o que \u00e9 mais gratificante!\u201d<\/em><\/strong>, disse. <\/p>\n\n\n\n<div style=\"height:2px\" aria-hidden=\"true\" class=\"wp-block-spacer\"><\/div>\n\n\n\n<p>Com o sucesso da participa\u00e7\u00e3o, Fernanda Paula garante que o Senac Roraima continuar\u00e1 investindo na prepara\u00e7\u00e3o de alunos para as futuras edi\u00e7\u00f5es das Competi\u00e7\u00f5es Senac. Ela afirma, ainda, que existem planos de ampliar a quantidade de Ocupa\u00e7\u00f5es com representantes roraimenses. <strong><em>\u201cAguardem Roraima em 2027!\u201d<\/em><\/strong>, concluiu.<\/p>\n\n\n\n<div style=\"height:3px\" aria-hidden=\"true\" class=\"wp-block-spacer\"><\/div>\n\n\n\n<figure class=\"wp-block-gallery has-nested-images columns-default is-cropped wp-block-gallery-2 is-layout-flex wp-block-gallery-is-layout-flex\">\n<figure class=\"wp-block-image size-large\"><img data-recalc-dims=\"1\" loading=\"lazy\" decoding=\"async\" width=\"750\" height=\"500\" data-id=\"8913\" src=\"https:\/\/i0.wp.com\/www.rr.senac.br\/portalsenac\/wp-content\/uploads\/2025\/10\/roraima_competicoes_senac_2.jpeg?resize=750%2C500&#038;ssl=1\" alt=\"\" class=\"wp-image-8913\" srcset=\"https:\/\/i0.wp.com\/www.rr.senac.br\/portalsenac\/wp-content\/uploads\/2025\/10\/roraima_competicoes_senac_2.jpeg?resize=1024%2C682&amp;ssl=1 1024w, https:\/\/i0.wp.com\/www.rr.senac.br\/portalsenac\/wp-content\/uploads\/2025\/10\/roraima_competicoes_senac_2.jpeg?resize=300%2C200&amp;ssl=1 300w, https:\/\/i0.wp.com\/www.rr.senac.br\/portalsenac\/wp-content\/uploads\/2025\/10\/roraima_competicoes_senac_2.jpeg?resize=768%2C512&amp;ssl=1 768w, https:\/\/i0.wp.com\/www.rr.senac.br\/portalsenac\/wp-content\/uploads\/2025\/10\/roraima_competicoes_senac_2.jpeg?resize=1536%2C1023&amp;ssl=1 1536w, https:\/\/i0.wp.com\/www.rr.senac.br\/portalsenac\/wp-content\/uploads\/2025\/10\/roraima_competicoes_senac_2.jpeg?resize=1568%2C1045&amp;ssl=1 1568w, https:\/\/i0.wp.com\/www.rr.senac.br\/portalsenac\/wp-content\/uploads\/2025\/10\/roraima_competicoes_senac_2.jpeg?w=1600&amp;ssl=1 1600w\" sizes=\"(max-width: 750px) 100vw, 750px\" \/><\/figure>\n\n\n\n<figure class=\"wp-block-image size-large\"><img data-recalc-dims=\"1\" loading=\"lazy\" decoding=\"async\" width=\"750\" height=\"500\" data-id=\"8916\" src=\"https:\/\/i0.wp.com\/www.rr.senac.br\/portalsenac\/wp-content\/uploads\/2025\/10\/roraima_competicoes_senac5.jpeg?resize=750%2C500&#038;ssl=1\" alt=\"\" class=\"wp-image-8916\" srcset=\"https:\/\/i0.wp.com\/www.rr.senac.br\/portalsenac\/wp-content\/uploads\/2025\/10\/roraima_competicoes_senac5.jpeg?resize=1024%2C682&amp;ssl=1 1024w, https:\/\/i0.wp.com\/www.rr.senac.br\/portalsenac\/wp-content\/uploads\/2025\/10\/roraima_competicoes_senac5.jpeg?resize=300%2C200&amp;ssl=1 300w, https:\/\/i0.wp.com\/www.rr.senac.br\/portalsenac\/wp-content\/uploads\/2025\/10\/roraima_competicoes_senac5.jpeg?resize=768%2C512&amp;ssl=1 768w, https:\/\/i0.wp.com\/www.rr.senac.br\/portalsenac\/wp-content\/uploads\/2025\/10\/roraima_competicoes_senac5.jpeg?w=1493&amp;ssl=1 1493w\" sizes=\"(max-width: 750px) 100vw, 750px\" \/><\/figure>\n<\/figure>\n\n\n\n<div style=\"height:0px\" aria-hidden=\"true\" class=\"wp-block-spacer\"><\/div>\n\n\n\n<p><strong>Etapa mundial<\/strong><\/p>\n\n\n\n<p>As Competi\u00e7\u00f5es Senac acontecem de dois em dois anos, sediadas por diferentes estados do Brasil a cada edi\u00e7\u00e3o. A partir desta etapa nacional s\u00e3o selecionados os representantes do pa\u00eds em suas respectivas ocupa\u00e7\u00f5es na <em>WorldSkills<\/em>, que por sua vez, \u00e9 a maior competi\u00e7\u00e3o profissional do mundo; a disputa mundial tomar\u00e1 lugar em Xangai, na China, em 2026.<strong> <\/strong><a href=\"https:\/\/www.senac.br\/noticias\/competicoes-senac-selecionam-talentos\/\">A lista completa de medalhistas da 5\u00aa edi\u00e7\u00e3o das Competi\u00e7\u00f5es Senac est\u00e1 dispon\u00edvel no site do Senac Brasil.<\/a><\/p>\n\n\n\n<div style=\"height:0px\" aria-hidden=\"true\" class=\"wp-block-spacer\"><\/div>\n\n\n\n<p>Confira o \u00e1lbum de fotos das Competi\u00e7\u00f5es Senac 2025 no <a href=\"https:\/\/www.facebook.com\/media\/set\/?vanity=senac.roraima&amp;set=a.790956730301939&amp;__cft__[0]=AZUxFj5DdhY-lfMHeoak7ZsSPLG4G-G9Fg3GkvbOCxh6kdKhAW7cziCVjUk5miPCcfraapvr4wNgG7FLqrV9eMcoiwW9KLTiuWIGf4FdhIBu3DHLg0CmL6mPMLRf3UPbEHDCKndwck5W_mwxpGS4NtPd&amp;__tn__=-R\">Facebook <\/a>do Senac Roraima. <\/p>\n\n\n\n<div style=\"height:0px\" aria-hidden=\"true\" class=\"wp-block-spacer\"><\/div>\n\n\n\n<p>Por Liana Lima, analista t\u00e9c. de comunica\u00e7\u00e3o do Senac\/RR.<\/p>\n\n\n\n<div style=\"height:0px\" aria-hidden=\"true\" class=\"wp-block-spacer\"><\/div>\n","protected":false},"excerpt":{"rendered":"<p>Na disputa profissional de magnitude nacional, torcida do Senac Roraima e competidoras representantes do estado, viveram momentos que testaram a sa\u00fade do cora\u00e7\u00e3o, como manda uma boa competi\u00e7\u00e3o. As Competi\u00e7\u00f5es Senac 2025 contaram com tr\u00eas dias de provas, em que as habilidades de Anna Beatriz&hellip; <a class=\"more-link\" href=\"https:\/\/www.rr.senac.br\/portalsenac\/senac-roraima-participa-de-edicao-historica-das-competicoes-senac\/\">Continuar lendo <span class=\"screen-reader-text\">Senac Roraima participa de edi\u00e7\u00e3o hist\u00f3rica das Competi\u00e7\u00f5es Senac<\/span><\/a><\/p>\n","protected":false},"author":7,"featured_media":8912,"comment_status":"closed","ping_status":"closed","sticky":false,"template":"","format":"standard","meta":{"_jetpack_memberships_contains_paid_content":false,"_joinchat":[],"footnotes":""},"categories":[12],"tags":[88,86,87,48,97],"class_list":["post-8911","post","type-post","status-publish","format-standard","has-post-thumbnail","hentry","category-ultimas-noticias","tag-cabeleireiro","tag-competicoes-senac","tag-confeitaria","tag-roraima","tag-worldskills","entry"],"jetpack_featured_media_url":"https:\/\/i0.wp.com\/www.rr.senac.br\/portalsenac\/wp-content\/uploads\/2025\/10\/roraima_competicoes_senac.jpeg?fit=1600%2C1066&ssl=1","jetpack_sharing_enabled":true,"_links":{"self":[{"href":"https:\/\/www.rr.senac.br\/portalsenac\/wp-json\/wp\/v2\/posts\/8911","targetHints":{"allow":["GET"]}}],"collection":[{"href":"https:\/\/www.rr.senac.br\/portalsenac\/wp-json\/wp\/v2\/posts"}],"about":[{"href":"https:\/\/www.rr.senac.br\/portalsenac\/wp-json\/wp\/v2\/types\/post"}],"author":[{"embeddable":true,"href":"https:\/\/www.rr.senac.br\/portalsenac\/wp-json\/wp\/v2\/users\/7"}],"replies":[{"embeddable":true,"href":"https:\/\/www.rr.senac.br\/portalsenac\/wp-json\/wp\/v2\/comments?post=8911"}],"version-history":[{"count":1,"href":"https:\/\/www.rr.senac.br\/portalsenac\/wp-json\/wp\/v2\/posts\/8911\/revisions"}],"predecessor-version":[{"id":8917,"href":"https:\/\/www.rr.senac.br\/portalsenac\/wp-json\/wp\/v2\/posts\/8911\/revisions\/8917"}],"wp:featuredmedia":[{"embeddable":true,"href":"https:\/\/www.rr.senac.br\/portalsenac\/wp-json\/wp\/v2\/media\/8912"}],"wp:attachment":[{"href":"https:\/\/www.rr.senac.br\/portalsenac\/wp-json\/wp\/v2\/media?parent=8911"}],"wp:term":[{"taxonomy":"category","embeddable":true,"href":"https:\/\/www.rr.senac.br\/portalsenac\/wp-json\/wp\/v2\/categories?post=8911"},{"taxonomy":"post_tag","embeddable":true,"href":"https:\/\/www.rr.senac.br\/portalsenac\/wp-json\/wp\/v2\/tags?post=8911"}],"curies":[{"name":"wp","href":"https:\/\/api.w.org\/{rel}","templated":true}]}}