{"id":8919,"date":"2025-10-10T11:14:11","date_gmt":"2025-10-10T15:14:11","guid":{"rendered":"https:\/\/www.rr.senac.br\/portalsenac\/?p=8919"},"modified":"2025-10-10T14:16:24","modified_gmt":"2025-10-10T18:16:24","slug":"dia-d-oportunidades-evento-do-senac-rr-tera-mais-de-290-vagas-de-emprego-disponiveis-para-a-populacao","status":"publish","type":"post","link":"https:\/\/www.rr.senac.br\/portalsenac\/dia-d-oportunidades-evento-do-senac-rr-tera-mais-de-290-vagas-de-emprego-disponiveis-para-a-populacao\/","title":{"rendered":"\u2018Dia D Oportunidades\u2019: evento do Senac\/RR ter\u00e1 mais de 290 vagas de emprego dispon\u00edveis para a popula\u00e7\u00e3o"},"content":{"rendered":"\n<figure class=\"wp-block-image size-large\"><img data-recalc-dims=\"1\" fetchpriority=\"high\" decoding=\"async\" width=\"750\" height=\"500\" src=\"https:\/\/i0.wp.com\/www.rr.senac.br\/portalsenac\/wp-content\/uploads\/2025\/10\/senac_roraima_oportunidades_recrutamento.jpeg?resize=750%2C500&#038;ssl=1\" alt=\"\" class=\"wp-image-8920\" srcset=\"https:\/\/i0.wp.com\/www.rr.senac.br\/portalsenac\/wp-content\/uploads\/2025\/10\/senac_roraima_oportunidades_recrutamento.jpeg?resize=1024%2C682&amp;ssl=1 1024w, https:\/\/i0.wp.com\/www.rr.senac.br\/portalsenac\/wp-content\/uploads\/2025\/10\/senac_roraima_oportunidades_recrutamento.jpeg?resize=300%2C200&amp;ssl=1 300w, https:\/\/i0.wp.com\/www.rr.senac.br\/portalsenac\/wp-content\/uploads\/2025\/10\/senac_roraima_oportunidades_recrutamento.jpeg?resize=768%2C512&amp;ssl=1 768w, https:\/\/i0.wp.com\/www.rr.senac.br\/portalsenac\/wp-content\/uploads\/2025\/10\/senac_roraima_oportunidades_recrutamento.jpeg?resize=1536%2C1023&amp;ssl=1 1536w, https:\/\/i0.wp.com\/www.rr.senac.br\/portalsenac\/wp-content\/uploads\/2025\/10\/senac_roraima_oportunidades_recrutamento.jpeg?resize=1568%2C1045&amp;ssl=1 1568w, https:\/\/i0.wp.com\/www.rr.senac.br\/portalsenac\/wp-content\/uploads\/2025\/10\/senac_roraima_oportunidades_recrutamento.jpeg?w=1600&amp;ssl=1 1600w\" sizes=\"(max-width: 750px) 100vw, 750px\" \/><figcaption class=\"wp-element-caption\"><em>Durante o evento, o p\u00fablico poder\u00e1 participar de entrevistas diretamente com as empresas contratantes, entre elas, supermercados e lojas.<\/em><\/figcaption><\/figure>\n\n\n\n<p>Acontece neste s\u00e1bado (18) o \u2018Dia D Oportunidades\u2019, grande mutir\u00e3o de recrutamento e sele\u00e7\u00e3o para vagas de emprego promovido pelo Servi\u00e7o Nacional de Aprendizagem Comercial (Senac\/RR). Candidatos e empresas parceiras se reunir\u00e3o na unidade do Senac localizada na Rua Hor\u00e1cio Mardel de Magalh\u00e3es, 400, bairro Asa Branca. Toda a programa\u00e7\u00e3o do evento \u00e9 gratuita, com in\u00edcio previsto para as 8h, e encerramento \u00e0s 12h.<\/p>\n\n\n\n<div style=\"height:2px\" aria-hidden=\"true\" class=\"wp-block-spacer\"><\/div>\n\n\n\n<p>Para participar, \u00e9 necess\u00e1rio inscrever-se via <a href=\"https:\/\/docs.google.com\/forms\/d\/e\/1FAIpQLScdcH4Az5Tj2ts6OBdQ8mRLHbBhCG9Ob61_otteyyIhoAh1QA\/viewform\">formul\u00e1rio <em>online<\/em><\/a>. No \u2018Dia D Oportunidades\u2019 o p\u00fablico geral vai se aproximar das empresas que contribuem com o desenvolvimento econ\u00f4mico do estado, entre elas supermercados e lojas; ser\u00e3o 291 vagas de emprego em diversas \u00e1reas, e n\u00edveis profissionais. &nbsp;<\/p>\n\n\n\n<div style=\"height:6px\" aria-hidden=\"true\" class=\"wp-block-spacer\"><\/div>\n\n\n\n<p>Durante o evento, o p\u00fablico poder\u00e1 participar de entrevistas diretamente com as empresas contratantes. A institui\u00e7\u00e3o oferecer\u00e1, tamb\u00e9m, apoio na prepara\u00e7\u00e3o para o recrutamento e sele\u00e7\u00e3o, com orienta\u00e7\u00f5es profissionais e confec\u00e7\u00e3o de curr\u00edculo. O \u2018Dia D\u2019 \u00e9 uma iniciativa do Banco de Oportunidades do Senac\/RR, desenvolvida com o objetivo de fomentar a inser\u00e7\u00e3o de profissionais altamente qualificados no mercado de trabalho.<\/p>\n\n\n\n<div style=\"height:1px\" aria-hidden=\"true\" class=\"wp-block-spacer\"><\/div>\n\n\n\n<details class=\"wp-block-details is-layout-flow wp-block-details-is-layout-flow\"><summary><strong>Confira as vagas de emprego dispon\u00edveis<\/strong><\/summary>\n<p>A\u00e7ougueiro<\/p>\n\n\n\n<p>Atendente<\/p>\n\n\n\n<p>Auxiliar Administrativo Delivery<\/p>\n\n\n\n<p>Auxiliar de Estoque<\/p>\n\n\n\n<p>Auxiliar de Produ\u00e7\u00e3o (vagas dispon\u00edveis tamb\u00e9m para PCD)<\/p>\n\n\n\n<p>Auxiliar de Vendas<\/p>\n\n\n\n<p>Balconista<\/p>\n\n\n\n<p>Empacotador (vagas dispon\u00edveis tamb\u00e9m para PCD)<\/p>\n\n\n\n<p>Estagi\u00e1rio Comercial<\/p>\n\n\n\n<p>Estoquista (vagas dispon\u00edveis tamb\u00e9m para PCD)<\/p>\n\n\n\n<p>Fatiador de frios (vagas dispon\u00edveis tamb\u00e9m para PCD)<\/p>\n\n\n\n<p>Invent\u00e1rio (PCD)<\/p>\n\n\n\n<p>Jovem Aprendiz<\/p>\n\n\n\n<p>Motorista<\/p>\n\n\n\n<p>Operador (a) de Caixa<\/p>\n\n\n\n<p>Operador de Loja \u2013 Hortifr\u00fati (vagas dispon\u00edveis tamb\u00e9m para PCD)<\/p>\n\n\n\n<p>Padeiro (PCD)<\/p>\n\n\n\n<p>Peixeiro (PCD)<\/p>\n\n\n\n<p>Preven\u00e7\u00e3o e Perdas (vagas dispon\u00edveis tamb\u00e9m para PCD)<\/p>\n\n\n\n<p>Promotor de Vendas<\/p>\n\n\n\n<p>Recepcionista<\/p>\n\n\n\n<p>Repositor<\/p>\n\n\n\n<p>Representante Comercial<\/p>\n\n\n\n<p>Supervisor de Vendas<\/p>\n<\/details>\n\n\n\n<div style=\"height:5px\" aria-hidden=\"true\" class=\"wp-block-spacer\"><\/div>\n\n\n\n<p>Mais informa\u00e7\u00f5es podem ser consultadas diretamente com o Banco de Oportunidades do Senac\/RR, via telefone ou WhatsApp: (95) 98420-5459. As novidades sobre o Dia D Oportunidades tamb\u00e9m est\u00e3o dispon\u00edveis nas redes sociais: @senacrr.<\/p>\n\n\n\n<div style=\"height:1px\" aria-hidden=\"true\" class=\"wp-block-spacer\"><\/div>\n\n\n\n<p>Por Liana Lima, analista t\u00e9c. de comunica\u00e7\u00e3o do Senac\/RR.<\/p>\n\n\n\n<div style=\"height:5px\" aria-hidden=\"true\" class=\"wp-block-spacer\"><\/div>\n","protected":false},"excerpt":{"rendered":"<p>Acontece neste s\u00e1bado (18) o \u2018Dia D Oportunidades\u2019, grande mutir\u00e3o de recrutamento e sele\u00e7\u00e3o para vagas de emprego promovido pelo Servi\u00e7o Nacional de Aprendizagem Comercial (Senac\/RR). Candidatos e empresas parceiras se reunir\u00e3o na unidade do Senac localizada na Rua Hor\u00e1cio Mardel de Magalh\u00e3es, 400, bairro&hellip; <a class=\"more-link\" href=\"https:\/\/www.rr.senac.br\/portalsenac\/dia-d-oportunidades-evento-do-senac-rr-tera-mais-de-290-vagas-de-emprego-disponiveis-para-a-populacao\/\">Continuar lendo <span class=\"screen-reader-text\">\u2018Dia D Oportunidades\u2019: evento do Senac\/RR ter\u00e1 mais de 290 vagas de emprego dispon\u00edveis para a popula\u00e7\u00e3o<\/span><\/a><\/p>\n","protected":false},"author":7,"featured_media":8920,"comment_status":"closed","ping_status":"closed","sticky":false,"template":"","format":"standard","meta":{"_jetpack_memberships_contains_paid_content":false,"_joinchat":[],"footnotes":""},"categories":[12],"tags":[70,99,100,53],"class_list":["post-8919","post","type-post","status-publish","format-standard","has-post-thumbnail","hentry","category-ultimas-noticias","tag-banco-de-oportunidades","tag-contratacao","tag-recrutamento","tag-senac-roraima","entry"],"jetpack_featured_media_url":"https:\/\/i0.wp.com\/www.rr.senac.br\/portalsenac\/wp-content\/uploads\/2025\/10\/senac_roraima_oportunidades_recrutamento.jpeg?fit=1600%2C1066&ssl=1","jetpack_sharing_enabled":true,"_links":{"self":[{"href":"https:\/\/www.rr.senac.br\/portalsenac\/wp-json\/wp\/v2\/posts\/8919","targetHints":{"allow":["GET"]}}],"collection":[{"href":"https:\/\/www.rr.senac.br\/portalsenac\/wp-json\/wp\/v2\/posts"}],"about":[{"href":"https:\/\/www.rr.senac.br\/portalsenac\/wp-json\/wp\/v2\/types\/post"}],"author":[{"embeddable":true,"href":"https:\/\/www.rr.senac.br\/portalsenac\/wp-json\/wp\/v2\/users\/7"}],"replies":[{"embeddable":true,"href":"https:\/\/www.rr.senac.br\/portalsenac\/wp-json\/wp\/v2\/comments?post=8919"}],"version-history":[{"count":2,"href":"https:\/\/www.rr.senac.br\/portalsenac\/wp-json\/wp\/v2\/posts\/8919\/revisions"}],"predecessor-version":[{"id":8922,"href":"https:\/\/www.rr.senac.br\/portalsenac\/wp-json\/wp\/v2\/posts\/8919\/revisions\/8922"}],"wp:featuredmedia":[{"embeddable":true,"href":"https:\/\/www.rr.senac.br\/portalsenac\/wp-json\/wp\/v2\/media\/8920"}],"wp:attachment":[{"href":"https:\/\/www.rr.senac.br\/portalsenac\/wp-json\/wp\/v2\/media?parent=8919"}],"wp:term":[{"taxonomy":"category","embeddable":true,"href":"https:\/\/www.rr.senac.br\/portalsenac\/wp-json\/wp\/v2\/categories?post=8919"},{"taxonomy":"post_tag","embeddable":true,"href":"https:\/\/www.rr.senac.br\/portalsenac\/wp-json\/wp\/v2\/tags?post=8919"}],"curies":[{"name":"wp","href":"https:\/\/api.w.org\/{rel}","templated":true}]}}