{"id":8939,"date":"2025-10-14T17:36:10","date_gmt":"2025-10-14T21:36:10","guid":{"rendered":"https:\/\/www.rr.senac.br\/portalsenac\/?p=8939"},"modified":"2025-10-14T17:36:10","modified_gmt":"2025-10-14T21:36:10","slug":"iii-semana-das-profissoes-do-senac-roraima-proporciona-experiencias-inesqueciveis-aos-visitantes","status":"publish","type":"post","link":"https:\/\/www.rr.senac.br\/portalsenac\/iii-semana-das-profissoes-do-senac-roraima-proporciona-experiencias-inesqueciveis-aos-visitantes\/","title":{"rendered":"III Semana das Profiss\u00f5es do Senac Roraima proporciona experi\u00eancias inesquec\u00edveis aos visitantes"},"content":{"rendered":"\n<figure class=\"wp-block-image size-large\"><img data-recalc-dims=\"1\" fetchpriority=\"high\" decoding=\"async\" width=\"750\" height=\"500\" src=\"https:\/\/i0.wp.com\/www.rr.senac.br\/portalsenac\/wp-content\/uploads\/2025\/10\/senac_rr_profissoes-11.jpeg?resize=750%2C500&#038;ssl=1\" alt=\"\" class=\"wp-image-8940\" srcset=\"https:\/\/i0.wp.com\/www.rr.senac.br\/portalsenac\/wp-content\/uploads\/2025\/10\/senac_rr_profissoes-11.jpeg?resize=1024%2C682&amp;ssl=1 1024w, https:\/\/i0.wp.com\/www.rr.senac.br\/portalsenac\/wp-content\/uploads\/2025\/10\/senac_rr_profissoes-11.jpeg?resize=300%2C200&amp;ssl=1 300w, https:\/\/i0.wp.com\/www.rr.senac.br\/portalsenac\/wp-content\/uploads\/2025\/10\/senac_rr_profissoes-11.jpeg?resize=768%2C512&amp;ssl=1 768w, https:\/\/i0.wp.com\/www.rr.senac.br\/portalsenac\/wp-content\/uploads\/2025\/10\/senac_rr_profissoes-11.jpeg?resize=1536%2C1023&amp;ssl=1 1536w, https:\/\/i0.wp.com\/www.rr.senac.br\/portalsenac\/wp-content\/uploads\/2025\/10\/senac_rr_profissoes-11.jpeg?resize=1568%2C1045&amp;ssl=1 1568w, https:\/\/i0.wp.com\/www.rr.senac.br\/portalsenac\/wp-content\/uploads\/2025\/10\/senac_rr_profissoes-11.jpeg?w=1600&amp;ssl=1 1600w\" sizes=\"(max-width: 750px) 100vw, 750px\" \/><figcaption class=\"wp-element-caption\"><em>Evento colocou o p\u00fablico em contato com os eixos tem\u00e1ticos da institui\u00e7\u00e3o de forma pr\u00e1tica<\/em><\/figcaption><\/figure>\n\n\n\n<p>Em tr\u00eas dias de evento, a unidade do Senac Ministro Ernane Galv\u00eaas foi energizada por mais de 600 visitantes; participaram da III Semana das Profiss\u00f5es, alunos do Senac, jovens de escolas p\u00fablicas de Boa Vista (RR), trabalhadores aut\u00f4nomos, empres\u00e1rios, e curiosos por saber mais sobre as inova\u00e7\u00f5es que o Senac tem a oferecer. A Semana das Profiss\u00f5es promoveu diversas oficinas e exposi\u00e7\u00f5es, durante os dias 06, 07 e 08 de outubro.<\/p>\n\n\n\n<div style=\"height:0px\" aria-hidden=\"true\" class=\"wp-block-spacer\"><\/div>\n\n\n\n<p>As op\u00e7\u00f5es de atividades foram diversas, e todas as \u00e1reas de atua\u00e7\u00e3o do Senac tiveram o seu momento nos holofotes. O p\u00fablico aproveitou a programa\u00e7\u00e3o imersiva que contou com modelagem e anima\u00e7\u00e3o em 3D, design de games, oficinas de gastronomia, moda, beleza e sa\u00fade. Os alunos da institui\u00e7\u00e3o mostraram suas habilidades pr\u00e1ticas com iniciativas voltadas \u00e0 criatividade com Intelig\u00eancia Artificial, e produ\u00e7\u00f5es fotogr\u00e1ficas aplicadas ao desenvolvimento profissional.<\/p>\n\n\n\n<div style=\"height:1px\" aria-hidden=\"true\" class=\"wp-block-spacer\"><\/div>\n\n\n\n<p>Douglas Vieira, visitante do evento e estudante da \u00e1rea da sa\u00fade, acompanhou de perto as novidades do seu campo profissional que o Senac preparou. Para ele, a Semana das Profiss\u00f5es foi um incentivo aos jovens estudantes que desejam saber mais sobre o mercado de trabalho.<\/p>\n\n\n\n<div style=\"height:3px\" aria-hidden=\"true\" class=\"wp-block-spacer\"><\/div>\n\n\n\n<blockquote class=\"wp-block-quote is-layout-flow wp-block-quote-is-layout-flow\">\n<p class=\"has-text-align-center\"><strong><em>J\u00e1 fui aluno do Senac, e hoje estou como visitante externo. Est\u00e1 sendo incr\u00edvel! Eu acho muito bacana que o Senac traga esse tipo de a\u00e7\u00e3o, principalmente para os alunos da rede p\u00fablica, para que possam ter esse contato mais pr\u00f3ximo com o mundo profissional, e desenvolver uma vis\u00e3o mais ampla do que pode ser o futuro deles\u201d<\/em><\/strong>, declarou o estudante.<\/p>\n\n\n\n<div style=\"height:1px\" aria-hidden=\"true\" class=\"wp-block-spacer\"><\/div>\n<\/blockquote>\n\n\n\n<div class=\"wp-block-jetpack-slideshow aligncenter\" data-effect=\"slide\" style=\"--aspect-ratio:calc(750 \/ 500)\"><div class=\"wp-block-jetpack-slideshow_container swiper\"><ul class=\"wp-block-jetpack-slideshow_swiper-wrapper swiper-wrapper\"><li class=\"wp-block-jetpack-slideshow_slide swiper-slide\"><figure><img data-recalc-dims=\"1\" decoding=\"async\" width=\"750\" height=\"500\" alt=\"\" class=\"wp-block-jetpack-slideshow_image wp-image-8950\" data-id=\"8950\" data-aspect-ratio=\"750 \/ 500\" src=\"https:\/\/i0.wp.com\/www.rr.senac.br\/portalsenac\/wp-content\/uploads\/2025\/10\/senacRR_profissoes-1.jpeg?resize=750%2C500&#038;ssl=1\" srcset=\"https:\/\/i0.wp.com\/www.rr.senac.br\/portalsenac\/wp-content\/uploads\/2025\/10\/senacRR_profissoes-1.jpeg?resize=1024%2C682&amp;ssl=1 1024w, https:\/\/i0.wp.com\/www.rr.senac.br\/portalsenac\/wp-content\/uploads\/2025\/10\/senacRR_profissoes-1.jpeg?resize=300%2C200&amp;ssl=1 300w, https:\/\/i0.wp.com\/www.rr.senac.br\/portalsenac\/wp-content\/uploads\/2025\/10\/senacRR_profissoes-1.jpeg?resize=768%2C512&amp;ssl=1 768w, https:\/\/i0.wp.com\/www.rr.senac.br\/portalsenac\/wp-content\/uploads\/2025\/10\/senacRR_profissoes-1.jpeg?resize=1536%2C1023&amp;ssl=1 1536w, https:\/\/i0.wp.com\/www.rr.senac.br\/portalsenac\/wp-content\/uploads\/2025\/10\/senacRR_profissoes-1.jpeg?resize=1568%2C1045&amp;ssl=1 1568w, https:\/\/i0.wp.com\/www.rr.senac.br\/portalsenac\/wp-content\/uploads\/2025\/10\/senacRR_profissoes-1.jpeg?w=1600&amp;ssl=1 1600w\" sizes=\"(max-width: 750px) 100vw, 750px\" \/><\/figure><\/li><li class=\"wp-block-jetpack-slideshow_slide swiper-slide\"><figure><img data-recalc-dims=\"1\" decoding=\"async\" width=\"750\" height=\"500\" alt=\"\" class=\"wp-block-jetpack-slideshow_image wp-image-8942\" data-id=\"8942\" data-aspect-ratio=\"750 \/ 500\" src=\"https:\/\/i0.wp.com\/www.rr.senac.br\/portalsenac\/wp-content\/uploads\/2025\/10\/senac_rr_profissoes-5.jpeg?resize=750%2C500&#038;ssl=1\" srcset=\"https:\/\/i0.wp.com\/www.rr.senac.br\/portalsenac\/wp-content\/uploads\/2025\/10\/senac_rr_profissoes-5.jpeg?resize=1024%2C682&amp;ssl=1 1024w, https:\/\/i0.wp.com\/www.rr.senac.br\/portalsenac\/wp-content\/uploads\/2025\/10\/senac_rr_profissoes-5.jpeg?resize=300%2C200&amp;ssl=1 300w, https:\/\/i0.wp.com\/www.rr.senac.br\/portalsenac\/wp-content\/uploads\/2025\/10\/senac_rr_profissoes-5.jpeg?resize=768%2C512&amp;ssl=1 768w, https:\/\/i0.wp.com\/www.rr.senac.br\/portalsenac\/wp-content\/uploads\/2025\/10\/senac_rr_profissoes-5.jpeg?resize=1536%2C1023&amp;ssl=1 1536w, https:\/\/i0.wp.com\/www.rr.senac.br\/portalsenac\/wp-content\/uploads\/2025\/10\/senac_rr_profissoes-5.jpeg?resize=1568%2C1045&amp;ssl=1 1568w, https:\/\/i0.wp.com\/www.rr.senac.br\/portalsenac\/wp-content\/uploads\/2025\/10\/senac_rr_profissoes-5.jpeg?w=1600&amp;ssl=1 1600w\" sizes=\"(max-width: 750px) 100vw, 750px\" \/><\/figure><\/li><li class=\"wp-block-jetpack-slideshow_slide swiper-slide\"><figure><img data-recalc-dims=\"1\" loading=\"lazy\" decoding=\"async\" width=\"750\" height=\"500\" alt=\"\" class=\"wp-block-jetpack-slideshow_image wp-image-8944\" data-id=\"8944\" data-aspect-ratio=\"750 \/ 500\" src=\"https:\/\/i0.wp.com\/www.rr.senac.br\/portalsenac\/wp-content\/uploads\/2025\/10\/senac_rr_profissoes-7.jpeg?resize=750%2C500&#038;ssl=1\" srcset=\"https:\/\/i0.wp.com\/www.rr.senac.br\/portalsenac\/wp-content\/uploads\/2025\/10\/senac_rr_profissoes-7.jpeg?resize=1024%2C682&amp;ssl=1 1024w, https:\/\/i0.wp.com\/www.rr.senac.br\/portalsenac\/wp-content\/uploads\/2025\/10\/senac_rr_profissoes-7.jpeg?resize=300%2C200&amp;ssl=1 300w, https:\/\/i0.wp.com\/www.rr.senac.br\/portalsenac\/wp-content\/uploads\/2025\/10\/senac_rr_profissoes-7.jpeg?resize=768%2C512&amp;ssl=1 768w, https:\/\/i0.wp.com\/www.rr.senac.br\/portalsenac\/wp-content\/uploads\/2025\/10\/senac_rr_profissoes-7.jpeg?resize=1536%2C1023&amp;ssl=1 1536w, https:\/\/i0.wp.com\/www.rr.senac.br\/portalsenac\/wp-content\/uploads\/2025\/10\/senac_rr_profissoes-7.jpeg?resize=1568%2C1045&amp;ssl=1 1568w, https:\/\/i0.wp.com\/www.rr.senac.br\/portalsenac\/wp-content\/uploads\/2025\/10\/senac_rr_profissoes-7.jpeg?w=1600&amp;ssl=1 1600w\" sizes=\"(max-width: 750px) 100vw, 750px\" \/><\/figure><\/li><li class=\"wp-block-jetpack-slideshow_slide swiper-slide\"><figure><img data-recalc-dims=\"1\" loading=\"lazy\" decoding=\"async\" width=\"750\" height=\"500\" alt=\"\" class=\"wp-block-jetpack-slideshow_image wp-image-8946\" data-id=\"8946\" data-aspect-ratio=\"750 \/ 500\" src=\"https:\/\/i0.wp.com\/www.rr.senac.br\/portalsenac\/wp-content\/uploads\/2025\/10\/senac_rr_profissoes-9.jpeg?resize=750%2C500&#038;ssl=1\" srcset=\"https:\/\/i0.wp.com\/www.rr.senac.br\/portalsenac\/wp-content\/uploads\/2025\/10\/senac_rr_profissoes-9.jpeg?resize=1024%2C682&amp;ssl=1 1024w, https:\/\/i0.wp.com\/www.rr.senac.br\/portalsenac\/wp-content\/uploads\/2025\/10\/senac_rr_profissoes-9.jpeg?resize=300%2C200&amp;ssl=1 300w, https:\/\/i0.wp.com\/www.rr.senac.br\/portalsenac\/wp-content\/uploads\/2025\/10\/senac_rr_profissoes-9.jpeg?resize=768%2C512&amp;ssl=1 768w, https:\/\/i0.wp.com\/www.rr.senac.br\/portalsenac\/wp-content\/uploads\/2025\/10\/senac_rr_profissoes-9.jpeg?resize=1536%2C1023&amp;ssl=1 1536w, https:\/\/i0.wp.com\/www.rr.senac.br\/portalsenac\/wp-content\/uploads\/2025\/10\/senac_rr_profissoes-9.jpeg?resize=1568%2C1045&amp;ssl=1 1568w, https:\/\/i0.wp.com\/www.rr.senac.br\/portalsenac\/wp-content\/uploads\/2025\/10\/senac_rr_profissoes-9.jpeg?w=1600&amp;ssl=1 1600w\" sizes=\"(max-width: 750px) 100vw, 750px\" \/><\/figure><\/li><li class=\"wp-block-jetpack-slideshow_slide swiper-slide\"><figure><img data-recalc-dims=\"1\" loading=\"lazy\" decoding=\"async\" width=\"750\" height=\"500\" alt=\"\" class=\"wp-block-jetpack-slideshow_image wp-image-8943\" data-id=\"8943\" data-aspect-ratio=\"750 \/ 500\" src=\"https:\/\/i0.wp.com\/www.rr.senac.br\/portalsenac\/wp-content\/uploads\/2025\/10\/senac_rr_profissoes-6.jpeg?resize=750%2C500&#038;ssl=1\" srcset=\"https:\/\/i0.wp.com\/www.rr.senac.br\/portalsenac\/wp-content\/uploads\/2025\/10\/senac_rr_profissoes-6.jpeg?resize=1024%2C682&amp;ssl=1 1024w, https:\/\/i0.wp.com\/www.rr.senac.br\/portalsenac\/wp-content\/uploads\/2025\/10\/senac_rr_profissoes-6.jpeg?resize=300%2C200&amp;ssl=1 300w, https:\/\/i0.wp.com\/www.rr.senac.br\/portalsenac\/wp-content\/uploads\/2025\/10\/senac_rr_profissoes-6.jpeg?resize=768%2C512&amp;ssl=1 768w, https:\/\/i0.wp.com\/www.rr.senac.br\/portalsenac\/wp-content\/uploads\/2025\/10\/senac_rr_profissoes-6.jpeg?resize=1536%2C1023&amp;ssl=1 1536w, https:\/\/i0.wp.com\/www.rr.senac.br\/portalsenac\/wp-content\/uploads\/2025\/10\/senac_rr_profissoes-6.jpeg?resize=1568%2C1045&amp;ssl=1 1568w, https:\/\/i0.wp.com\/www.rr.senac.br\/portalsenac\/wp-content\/uploads\/2025\/10\/senac_rr_profissoes-6.jpeg?w=1600&amp;ssl=1 1600w\" sizes=\"(max-width: 750px) 100vw, 750px\" \/><\/figure><\/li><li class=\"wp-block-jetpack-slideshow_slide swiper-slide\"><figure><img data-recalc-dims=\"1\" loading=\"lazy\" decoding=\"async\" width=\"750\" height=\"500\" alt=\"\" class=\"wp-block-jetpack-slideshow_image wp-image-8941\" data-id=\"8941\" data-aspect-ratio=\"750 \/ 500\" src=\"https:\/\/i0.wp.com\/www.rr.senac.br\/portalsenac\/wp-content\/uploads\/2025\/10\/senac_rr_profissoes-3.jpeg?resize=750%2C500&#038;ssl=1\" srcset=\"https:\/\/i0.wp.com\/www.rr.senac.br\/portalsenac\/wp-content\/uploads\/2025\/10\/senac_rr_profissoes-3.jpeg?resize=1024%2C682&amp;ssl=1 1024w, https:\/\/i0.wp.com\/www.rr.senac.br\/portalsenac\/wp-content\/uploads\/2025\/10\/senac_rr_profissoes-3.jpeg?resize=300%2C200&amp;ssl=1 300w, https:\/\/i0.wp.com\/www.rr.senac.br\/portalsenac\/wp-content\/uploads\/2025\/10\/senac_rr_profissoes-3.jpeg?resize=768%2C512&amp;ssl=1 768w, https:\/\/i0.wp.com\/www.rr.senac.br\/portalsenac\/wp-content\/uploads\/2025\/10\/senac_rr_profissoes-3.jpeg?resize=1536%2C1023&amp;ssl=1 1536w, https:\/\/i0.wp.com\/www.rr.senac.br\/portalsenac\/wp-content\/uploads\/2025\/10\/senac_rr_profissoes-3.jpeg?resize=1568%2C1045&amp;ssl=1 1568w, https:\/\/i0.wp.com\/www.rr.senac.br\/portalsenac\/wp-content\/uploads\/2025\/10\/senac_rr_profissoes-3.jpeg?w=1600&amp;ssl=1 1600w\" sizes=\"(max-width: 750px) 100vw, 750px\" \/><\/figure><\/li><li class=\"wp-block-jetpack-slideshow_slide swiper-slide\"><figure><img data-recalc-dims=\"1\" loading=\"lazy\" decoding=\"async\" width=\"750\" height=\"500\" alt=\"\" class=\"wp-block-jetpack-slideshow_image wp-image-8945\" data-id=\"8945\" data-aspect-ratio=\"750 \/ 500\" src=\"https:\/\/i0.wp.com\/www.rr.senac.br\/portalsenac\/wp-content\/uploads\/2025\/10\/senac_rr_profissoes-8.jpeg?resize=750%2C500&#038;ssl=1\" srcset=\"https:\/\/i0.wp.com\/www.rr.senac.br\/portalsenac\/wp-content\/uploads\/2025\/10\/senac_rr_profissoes-8.jpeg?resize=1024%2C682&amp;ssl=1 1024w, https:\/\/i0.wp.com\/www.rr.senac.br\/portalsenac\/wp-content\/uploads\/2025\/10\/senac_rr_profissoes-8.jpeg?resize=300%2C200&amp;ssl=1 300w, https:\/\/i0.wp.com\/www.rr.senac.br\/portalsenac\/wp-content\/uploads\/2025\/10\/senac_rr_profissoes-8.jpeg?resize=768%2C512&amp;ssl=1 768w, https:\/\/i0.wp.com\/www.rr.senac.br\/portalsenac\/wp-content\/uploads\/2025\/10\/senac_rr_profissoes-8.jpeg?resize=1536%2C1023&amp;ssl=1 1536w, https:\/\/i0.wp.com\/www.rr.senac.br\/portalsenac\/wp-content\/uploads\/2025\/10\/senac_rr_profissoes-8.jpeg?resize=1568%2C1045&amp;ssl=1 1568w, https:\/\/i0.wp.com\/www.rr.senac.br\/portalsenac\/wp-content\/uploads\/2025\/10\/senac_rr_profissoes-8.jpeg?w=1600&amp;ssl=1 1600w\" sizes=\"(max-width: 750px) 100vw, 750px\" \/><\/figure><\/li><li class=\"wp-block-jetpack-slideshow_slide swiper-slide\"><figure><img data-recalc-dims=\"1\" loading=\"lazy\" decoding=\"async\" width=\"750\" height=\"500\" alt=\"\" class=\"wp-block-jetpack-slideshow_image wp-image-8948\" data-id=\"8948\" data-aspect-ratio=\"750 \/ 500\" src=\"https:\/\/i0.wp.com\/www.rr.senac.br\/portalsenac\/wp-content\/uploads\/2025\/10\/senacRR_profissoes-3.jpeg?resize=750%2C500&#038;ssl=1\" srcset=\"https:\/\/i0.wp.com\/www.rr.senac.br\/portalsenac\/wp-content\/uploads\/2025\/10\/senacRR_profissoes-3.jpeg?resize=1024%2C682&amp;ssl=1 1024w, https:\/\/i0.wp.com\/www.rr.senac.br\/portalsenac\/wp-content\/uploads\/2025\/10\/senacRR_profissoes-3.jpeg?resize=300%2C200&amp;ssl=1 300w, https:\/\/i0.wp.com\/www.rr.senac.br\/portalsenac\/wp-content\/uploads\/2025\/10\/senacRR_profissoes-3.jpeg?resize=768%2C512&amp;ssl=1 768w, https:\/\/i0.wp.com\/www.rr.senac.br\/portalsenac\/wp-content\/uploads\/2025\/10\/senacRR_profissoes-3.jpeg?resize=1536%2C1023&amp;ssl=1 1536w, https:\/\/i0.wp.com\/www.rr.senac.br\/portalsenac\/wp-content\/uploads\/2025\/10\/senacRR_profissoes-3.jpeg?resize=1568%2C1045&amp;ssl=1 1568w, https:\/\/i0.wp.com\/www.rr.senac.br\/portalsenac\/wp-content\/uploads\/2025\/10\/senacRR_profissoes-3.jpeg?w=1600&amp;ssl=1 1600w\" sizes=\"(max-width: 750px) 100vw, 750px\" \/><\/figure><\/li><li class=\"wp-block-jetpack-slideshow_slide swiper-slide\"><figure><img data-recalc-dims=\"1\" loading=\"lazy\" decoding=\"async\" width=\"750\" height=\"500\" alt=\"\" class=\"wp-block-jetpack-slideshow_image wp-image-8949\" data-id=\"8949\" data-aspect-ratio=\"750 \/ 500\" src=\"https:\/\/i0.wp.com\/www.rr.senac.br\/portalsenac\/wp-content\/uploads\/2025\/10\/senacRR_profissoes-2.jpeg?resize=750%2C500&#038;ssl=1\" srcset=\"https:\/\/i0.wp.com\/www.rr.senac.br\/portalsenac\/wp-content\/uploads\/2025\/10\/senacRR_profissoes-2.jpeg?resize=1024%2C682&amp;ssl=1 1024w, https:\/\/i0.wp.com\/www.rr.senac.br\/portalsenac\/wp-content\/uploads\/2025\/10\/senacRR_profissoes-2.jpeg?resize=300%2C200&amp;ssl=1 300w, https:\/\/i0.wp.com\/www.rr.senac.br\/portalsenac\/wp-content\/uploads\/2025\/10\/senacRR_profissoes-2.jpeg?resize=768%2C512&amp;ssl=1 768w, https:\/\/i0.wp.com\/www.rr.senac.br\/portalsenac\/wp-content\/uploads\/2025\/10\/senacRR_profissoes-2.jpeg?resize=1536%2C1023&amp;ssl=1 1536w, https:\/\/i0.wp.com\/www.rr.senac.br\/portalsenac\/wp-content\/uploads\/2025\/10\/senacRR_profissoes-2.jpeg?resize=1568%2C1045&amp;ssl=1 1568w, https:\/\/i0.wp.com\/www.rr.senac.br\/portalsenac\/wp-content\/uploads\/2025\/10\/senacRR_profissoes-2.jpeg?w=1600&amp;ssl=1 1600w\" sizes=\"(max-width: 750px) 100vw, 750px\" \/><\/figure><\/li><\/ul><a class=\"wp-block-jetpack-slideshow_button-prev swiper-button-prev swiper-button-white\" role=\"button\"><\/a><a class=\"wp-block-jetpack-slideshow_button-next swiper-button-next swiper-button-white\" role=\"button\"><\/a><a aria-label=\"Pause Slideshow\" class=\"wp-block-jetpack-slideshow_button-pause\" role=\"button\"><\/a><div class=\"wp-block-jetpack-slideshow_pagination swiper-pagination swiper-pagination-white\"><\/div><\/div><\/div>\n\n\n\n<div style=\"height:0px\" aria-hidden=\"true\" class=\"wp-block-spacer\"><\/div>\n\n\n\n<p>Para garantir que experi\u00eancias t\u00e3o relevantes sejam poss\u00edveis, a equipe do Senac Roraima planeja eventos como a Semana das Profiss\u00f5es de forma estrat\u00e9gica. O Gerente de Educa\u00e7\u00e3o Profissional do Senac\/RR, C\u00e9lio Melo, explica que o contato com os eixos de atua\u00e7\u00e3o da institui\u00e7\u00e3o, pode ser essencial na escolha da profiss\u00e3o que os visitantes far\u00e3o.<\/p>\n\n\n\n<div style=\"height:3px\" aria-hidden=\"true\" class=\"wp-block-spacer\"><\/div>\n\n\n\n<blockquote class=\"wp-block-quote is-layout-flow wp-block-quote-is-layout-flow\">\n<p class=\"has-text-align-center\"><strong><em>O principal objetivo \u00e9 permitir que o p\u00fablico conhe\u00e7a mais sobre os principais eixos de atua\u00e7\u00e3o do Senac. A oportunidade se estende aos participantes do p\u00fablico externo. Aqui, eles podem, quem sabe, identificar a profiss\u00e3o que querem seguir. O evento foi um sucesso, e foi um momento muito importante em que o Senac abriu suas portas para receber toda a popula\u00e7\u00e3o e mostrar o que h\u00e1 de melhor para o nosso p\u00fablico\u201d<\/em><\/strong>, conta C\u00e9lio.<\/p>\n\n\n\n<div style=\"height:1px\" aria-hidden=\"true\" class=\"wp-block-spacer\"><\/div>\n<\/blockquote>\n\n\n\n<p><strong>Semana das Profiss\u00f5es<\/strong><\/p>\n\n\n\n<p>O evento leva o lema \u201cdescubra, vivencie e profissionalize-se\u201d para ilustrar seu objetivo principal: ser espa\u00e7o de viv\u00eancias pr\u00e1ticas e experi\u00eancias imersivas nas profiss\u00f5es para as quais o Senac oferece qualifica\u00e7\u00e3o. Anualmente, os visitantes saem da Semana das Profiss\u00f5es com uma vasta bagagem de possibilidades, e direcionados nos caminhos que podem seguir em suas carreiras.<\/p>\n\n\n\n<div style=\"height:0px\" aria-hidden=\"true\" class=\"wp-block-spacer\"><\/div>\n\n\n\n<p>Confira as fotos dos tr\u00eas dias de evento no <a href=\"https:\/\/www.facebook.com\/senac.roraima\/?locale=pt_BR\">Facebook do Senac Roraima<\/a>. <\/p>\n\n\n\n<div style=\"height:2px\" aria-hidden=\"true\" class=\"wp-block-spacer\"><\/div>\n\n\n\n<p>Por Liana Lima, analista t\u00e9c. de comunica\u00e7\u00e3o do Senac\/RR. <\/p>\n\n\n\n<div style=\"height:0px\" aria-hidden=\"true\" class=\"wp-block-spacer\"><\/div>\n","protected":false},"excerpt":{"rendered":"<p>Em tr\u00eas dias de evento, a unidade do Senac Ministro Ernane Galv\u00eaas foi energizada por mais de 600 visitantes; participaram da III Semana das Profiss\u00f5es, alunos do Senac, jovens de escolas p\u00fablicas de Boa Vista (RR), trabalhadores aut\u00f4nomos, empres\u00e1rios, e curiosos por saber mais sobre&hellip; <a class=\"more-link\" href=\"https:\/\/www.rr.senac.br\/portalsenac\/iii-semana-das-profissoes-do-senac-roraima-proporciona-experiencias-inesqueciveis-aos-visitantes\/\">Continuar lendo <span class=\"screen-reader-text\">III Semana das Profiss\u00f5es do Senac Roraima proporciona experi\u00eancias inesquec\u00edveis aos visitantes<\/span><\/a><\/p>\n","protected":false},"author":7,"featured_media":8940,"comment_status":"closed","ping_status":"closed","sticky":false,"template":"","format":"standard","meta":{"_jetpack_memberships_contains_paid_content":false,"_joinchat":[],"footnotes":""},"categories":[12],"tags":[56,82,103,104,53,55],"class_list":["post-8939","post","type-post","status-publish","format-standard","has-post-thumbnail","hentry","category-ultimas-noticias","tag-gastronomia","tag-inovacao","tag-profissoes","tag-saude-2","tag-senac-roraima","tag-tecnologia","entry"],"jetpack_featured_media_url":"https:\/\/i0.wp.com\/www.rr.senac.br\/portalsenac\/wp-content\/uploads\/2025\/10\/senac_rr_profissoes-11.jpeg?fit=1600%2C1066&ssl=1","jetpack_sharing_enabled":true,"_links":{"self":[{"href":"https:\/\/www.rr.senac.br\/portalsenac\/wp-json\/wp\/v2\/posts\/8939","targetHints":{"allow":["GET"]}}],"collection":[{"href":"https:\/\/www.rr.senac.br\/portalsenac\/wp-json\/wp\/v2\/posts"}],"about":[{"href":"https:\/\/www.rr.senac.br\/portalsenac\/wp-json\/wp\/v2\/types\/post"}],"author":[{"embeddable":true,"href":"https:\/\/www.rr.senac.br\/portalsenac\/wp-json\/wp\/v2\/users\/7"}],"replies":[{"embeddable":true,"href":"https:\/\/www.rr.senac.br\/portalsenac\/wp-json\/wp\/v2\/comments?post=8939"}],"version-history":[{"count":1,"href":"https:\/\/www.rr.senac.br\/portalsenac\/wp-json\/wp\/v2\/posts\/8939\/revisions"}],"predecessor-version":[{"id":8951,"href":"https:\/\/www.rr.senac.br\/portalsenac\/wp-json\/wp\/v2\/posts\/8939\/revisions\/8951"}],"wp:featuredmedia":[{"embeddable":true,"href":"https:\/\/www.rr.senac.br\/portalsenac\/wp-json\/wp\/v2\/media\/8940"}],"wp:attachment":[{"href":"https:\/\/www.rr.senac.br\/portalsenac\/wp-json\/wp\/v2\/media?parent=8939"}],"wp:term":[{"taxonomy":"category","embeddable":true,"href":"https:\/\/www.rr.senac.br\/portalsenac\/wp-json\/wp\/v2\/categories?post=8939"},{"taxonomy":"post_tag","embeddable":true,"href":"https:\/\/www.rr.senac.br\/portalsenac\/wp-json\/wp\/v2\/tags?post=8939"}],"curies":[{"name":"wp","href":"https:\/\/api.w.org\/{rel}","templated":true}]}}