{"id":8993,"date":"2025-10-21T10:25:24","date_gmt":"2025-10-21T14:25:24","guid":{"rendered":"https:\/\/www.rr.senac.br\/portalsenac\/?p=8993"},"modified":"2025-10-21T10:25:24","modified_gmt":"2025-10-21T14:25:24","slug":"senac-lanca-edital-de-cursos-gratuitos-com-mais-de-140-vagas-para-municipios-do-interior","status":"publish","type":"post","link":"https:\/\/www.rr.senac.br\/portalsenac\/senac-lanca-edital-de-cursos-gratuitos-com-mais-de-140-vagas-para-municipios-do-interior\/","title":{"rendered":"Senac lan\u00e7a edital de cursos gratuitos com mais de 140 vagas para munic\u00edpios do interior"},"content":{"rendered":"\n<figure class=\"wp-block-image size-large\"><img data-recalc-dims=\"1\" fetchpriority=\"high\" decoding=\"async\" width=\"750\" height=\"500\" src=\"https:\/\/i0.wp.com\/www.rr.senac.br\/portalsenac\/wp-content\/uploads\/2025\/10\/cursos_gratis_interiores_senacrr.jpeg?resize=750%2C500&#038;ssl=1\" alt=\"\" class=\"wp-image-8994\" srcset=\"https:\/\/i0.wp.com\/www.rr.senac.br\/portalsenac\/wp-content\/uploads\/2025\/10\/cursos_gratis_interiores_senacrr.jpeg?resize=1024%2C682&amp;ssl=1 1024w, https:\/\/i0.wp.com\/www.rr.senac.br\/portalsenac\/wp-content\/uploads\/2025\/10\/cursos_gratis_interiores_senacrr.jpeg?resize=300%2C200&amp;ssl=1 300w, https:\/\/i0.wp.com\/www.rr.senac.br\/portalsenac\/wp-content\/uploads\/2025\/10\/cursos_gratis_interiores_senacrr.jpeg?resize=768%2C511&amp;ssl=1 768w, https:\/\/i0.wp.com\/www.rr.senac.br\/portalsenac\/wp-content\/uploads\/2025\/10\/cursos_gratis_interiores_senacrr.jpeg?w=1280&amp;ssl=1 1280w\" sizes=\"(max-width: 750px) 100vw, 750px\" \/><figcaption class=\"wp-element-caption\"><em>T\u00edtulos est\u00e3o dispon\u00edveis aos munic\u00edpios de Iracema, S\u00e3o Jo\u00e3o da Baliza, S\u00e3o Luiz do Anau\u00e1 e Rorain\u00f3polis<\/em><\/figcaption><\/figure>\n\n\n\n<p>O Servi\u00e7o Nacional de Aprendizagem Comercial (Senac-RR) lan\u00e7ou novo edital do Programa Senac de Gratuidade (PSG) com mais de 140 vagas em cursos gratuitos destinados aos munic\u00edpios de Iracema, S\u00e3o Jo\u00e3o da Baliza, S\u00e3o Luiz do Anau\u00e1 e Rorain\u00f3polis, em Roraima. Inscri\u00e7\u00f5es iniciam a partir do dia 22 de outubro.<\/p>\n\n\n\n<div style=\"height:1px\" aria-hidden=\"true\" class=\"wp-block-spacer\"><\/div>\n\n\n\n<p>Os t\u00edtulos dispon\u00edveis para os munic\u00edpios s\u00e3o diversificados, com \u00eanfase nas \u00e1reas de inform\u00e1tica, gest\u00e3o, tecnologia e sa\u00fade. &nbsp;As informa\u00e7\u00f5es e pr\u00e9-requisitos para cada curso podem ser conferidas diretamente no edital <a href=\"https:\/\/app.rr.senac.br\/send3\/site\/psg\/curso_selecao\/58150987\">dispon\u00edvel no site<\/a>. As inscri\u00e7\u00f5es acontecem em duas etapas: <em>online <\/em>no site rr.senac.br e entrega de documentos presencial.<\/p>\n\n\n\n<div style=\"height:0px\" aria-hidden=\"true\" class=\"wp-block-spacer\"><\/div>\n\n\n\n<p>Mais informa\u00e7\u00f5es sobre inscri\u00e7\u00f5es, documenta\u00e7\u00e3o e requisitos podem ser consultadas diretamente com a Central de Atendimento via <em>WhatsApp: <\/em>(95) &nbsp;98420-9992.<\/p>\n\n\n\n<div style=\"height:0px\" aria-hidden=\"true\" class=\"wp-block-spacer\"><\/div>\n\n\n\n<details class=\"wp-block-details is-layout-flow wp-block-details-is-layout-flow\"><summary><strong>Confira a lista de cursos dispon\u00edveis por munic\u00edpio<\/strong><\/summary>\n<p><strong>Unidade Educacional de Campo Sesc\/Senac em Iracema (RR)<\/strong><\/p>\n\n\n\n<p>Powerpoint &#8211; Aperfei\u00e7oando Apresenta\u00e7\u00f5es \u2013 20 vagas<\/p>\n\n\n\n<p><strong>Unidade Educacional de Campo Sesc\/Senac em S\u00e3o Jo\u00e3o da Baliza (RR)<\/strong><\/p>\n\n\n\n<p>L\u00f3gica de Programa\u00e7\u00e3o \u2013 15 vagas<\/p>\n\n\n\n<p><strong>Unidade Senac Norm\u00e9lia Mafra em S\u00e3o Luiz do Anau\u00e1 (RR)<\/strong><\/p>\n\n\n\n<p>Powerpoint &#8211; Aperfei\u00e7oando Apresenta\u00e7\u00f5es (tarde) \u2013 18 vagas<\/p>\n\n\n\n<p>Powerpoint &#8211; Aperfei\u00e7oando Apresenta\u00e7\u00f5es (noite) \u2013 18 vagas<\/p>\n\n\n\n<p>Primeiros Socorros \u2013 20 vagas<\/p>\n\n\n\n<p><strong>Unidade Educacional de Campo Sesc\/Senac em Rorain\u00f3polis (RR)<\/strong><\/p>\n\n\n\n<p>Forma\u00e7\u00e3o Excel: do B\u00e1sico ao Avan\u00e7ado (tarde) \u2013 18 vagas<\/p>\n\n\n\n<p>Forma\u00e7\u00e3o Excel: do B\u00e1sico ao Avan\u00e7ado (noite) \u2013 18 vagas<\/p>\n\n\n\n<p>T\u00e9cnicas de Atendimento e Recep\u00e7\u00e3o \u2013 20 vagas<\/p>\n<\/details>\n\n\n\n<div style=\"height:3px\" aria-hidden=\"true\" class=\"wp-block-spacer\"><\/div>\n\n\n\n<p>Por Liana Lima, analista t\u00e9c. de comunica\u00e7\u00e3o do Senac\/RR. <\/p>\n","protected":false},"excerpt":{"rendered":"<p>O Servi\u00e7o Nacional de Aprendizagem Comercial (Senac-RR) lan\u00e7ou novo edital do Programa Senac de Gratuidade (PSG) com mais de 140 vagas em cursos gratuitos destinados aos munic\u00edpios de Iracema, S\u00e3o Jo\u00e3o da Baliza, S\u00e3o Luiz do Anau\u00e1 e Rorain\u00f3polis, em Roraima. Inscri\u00e7\u00f5es iniciam a partir&hellip; <a class=\"more-link\" href=\"https:\/\/www.rr.senac.br\/portalsenac\/senac-lanca-edital-de-cursos-gratuitos-com-mais-de-140-vagas-para-municipios-do-interior\/\">Continuar lendo <span class=\"screen-reader-text\">Senac lan\u00e7a edital de cursos gratuitos com mais de 140 vagas para munic\u00edpios do interior<\/span><\/a><\/p>\n","protected":false},"author":7,"featured_media":8994,"comment_status":"closed","ping_status":"closed","sticky":false,"template":"","format":"standard","meta":{"_jetpack_memberships_contains_paid_content":false,"_joinchat":[],"footnotes":""},"categories":[12],"tags":[61,118,121,122,119,120,54,53],"class_list":["post-8993","post","type-post","status-publish","format-standard","has-post-thumbnail","hentry","category-ultimas-noticias","tag-gestao","tag-informatica","tag-iracema","tag-rorainopolis","tag-sao-joao-da-baliza","tag-sao-luiz-do-anaua","tag-saude","tag-senac-roraima","entry"],"jetpack_featured_media_url":"https:\/\/i0.wp.com\/www.rr.senac.br\/portalsenac\/wp-content\/uploads\/2025\/10\/cursos_gratis_interiores_senacrr.jpeg?fit=1280%2C852&ssl=1","jetpack_sharing_enabled":true,"_links":{"self":[{"href":"https:\/\/www.rr.senac.br\/portalsenac\/wp-json\/wp\/v2\/posts\/8993","targetHints":{"allow":["GET"]}}],"collection":[{"href":"https:\/\/www.rr.senac.br\/portalsenac\/wp-json\/wp\/v2\/posts"}],"about":[{"href":"https:\/\/www.rr.senac.br\/portalsenac\/wp-json\/wp\/v2\/types\/post"}],"author":[{"embeddable":true,"href":"https:\/\/www.rr.senac.br\/portalsenac\/wp-json\/wp\/v2\/users\/7"}],"replies":[{"embeddable":true,"href":"https:\/\/www.rr.senac.br\/portalsenac\/wp-json\/wp\/v2\/comments?post=8993"}],"version-history":[{"count":1,"href":"https:\/\/www.rr.senac.br\/portalsenac\/wp-json\/wp\/v2\/posts\/8993\/revisions"}],"predecessor-version":[{"id":8995,"href":"https:\/\/www.rr.senac.br\/portalsenac\/wp-json\/wp\/v2\/posts\/8993\/revisions\/8995"}],"wp:featuredmedia":[{"embeddable":true,"href":"https:\/\/www.rr.senac.br\/portalsenac\/wp-json\/wp\/v2\/media\/8994"}],"wp:attachment":[{"href":"https:\/\/www.rr.senac.br\/portalsenac\/wp-json\/wp\/v2\/media?parent=8993"}],"wp:term":[{"taxonomy":"category","embeddable":true,"href":"https:\/\/www.rr.senac.br\/portalsenac\/wp-json\/wp\/v2\/categories?post=8993"},{"taxonomy":"post_tag","embeddable":true,"href":"https:\/\/www.rr.senac.br\/portalsenac\/wp-json\/wp\/v2\/tags?post=8993"}],"curies":[{"name":"wp","href":"https:\/\/api.w.org\/{rel}","templated":true}]}}