{"id":9035,"date":"2025-11-04T14:33:30","date_gmt":"2025-11-04T18:33:30","guid":{"rendered":"https:\/\/www.rr.senac.br\/portalsenac\/?p=9035"},"modified":"2025-11-04T14:46:23","modified_gmt":"2025-11-04T18:46:23","slug":"noticia-exporr-senac-sabores-e-turismo","status":"publish","type":"post","link":"https:\/\/www.rr.senac.br\/portalsenac\/noticia-exporr-senac-sabores-e-turismo\/","title":{"rendered":"Destinos: Valoriza\u00e7\u00e3o das belezas e gastronomia roraimenses estar\u00e3o em pauta no evento Exporr Senac Sabores &amp; Turismo"},"content":{"rendered":"\n<figure class=\"wp-block-image size-large\"><img data-recalc-dims=\"1\" fetchpriority=\"high\" decoding=\"async\" width=\"750\" height=\"500\" src=\"https:\/\/i0.wp.com\/www.rr.senac.br\/portalsenac\/wp-content\/uploads\/2025\/11\/evento_de_turismo_senac_roraima.jpeg?resize=750%2C500&#038;ssl=1\" alt=\"\" class=\"wp-image-9036\" srcset=\"https:\/\/i0.wp.com\/www.rr.senac.br\/portalsenac\/wp-content\/uploads\/2025\/11\/evento_de_turismo_senac_roraima.jpeg?resize=1024%2C682&amp;ssl=1 1024w, https:\/\/i0.wp.com\/www.rr.senac.br\/portalsenac\/wp-content\/uploads\/2025\/11\/evento_de_turismo_senac_roraima.jpeg?resize=300%2C200&amp;ssl=1 300w, https:\/\/i0.wp.com\/www.rr.senac.br\/portalsenac\/wp-content\/uploads\/2025\/11\/evento_de_turismo_senac_roraima.jpeg?resize=768%2C512&amp;ssl=1 768w, https:\/\/i0.wp.com\/www.rr.senac.br\/portalsenac\/wp-content\/uploads\/2025\/11\/evento_de_turismo_senac_roraima.jpeg?resize=1536%2C1023&amp;ssl=1 1536w, https:\/\/i0.wp.com\/www.rr.senac.br\/portalsenac\/wp-content\/uploads\/2025\/11\/evento_de_turismo_senac_roraima.jpeg?resize=1568%2C1045&amp;ssl=1 1568w, https:\/\/i0.wp.com\/www.rr.senac.br\/portalsenac\/wp-content\/uploads\/2025\/11\/evento_de_turismo_senac_roraima.jpeg?w=1600&amp;ssl=1 1600w\" sizes=\"(max-width: 750px) 100vw, 750px\" \/><figcaption class=\"wp-element-caption\"><em>O evento est\u00e1 repaginado e j\u00e1 tem data para acontecer: 11 e 12 de novembro.<\/em><\/figcaption><\/figure>\n\n\n\n<p>Grandes refer\u00eancias do turismo e gastronomia roraimenses se encontrar\u00e3o com o p\u00fablico do Senac Roraima nestes dias 11 (ter\u00e7a-feira), e 12 (quarta-feira), nas instala\u00e7\u00f5es da unidade Asa Branca, localizada na Rua Hor\u00e1cio Mardel de Magalh\u00e3es, n\u00ba 400, bairro Asa Branca; o Servi\u00e7o Nacional de Aprendizagem Comercial (Senac\/RR) apresenta a Exporr Senac Sabores &amp; Turismo. A entrada ser\u00e1 gratuita e livre de faixa et\u00e1ria, com atividades tem\u00e1ticas que iniciam a partir das 14h, e seguem at\u00e9 \u00e0s 22h.<\/p>\n\n\n\n<div style=\"height:2px\" aria-hidden=\"true\" class=\"wp-block-spacer\"><\/div>\n\n\n\n<p>Com uma moderna estrutura pensada para receber os visitantes \u00e1vidos por experi\u00eancias culturais enriquecedoras, o Senac busca potencializar os neg\u00f3cios do segmento tur\u00edstico no estado. Est\u00e1 sendo preparada uma exposi\u00e7\u00e3o dos servi\u00e7os de grandes ag\u00eancias parceiras, que deve fomentar a aproxima\u00e7\u00e3o de potenciais clientes, bem como alunos, e egressos, aos empres\u00e1rios deste ramo. As tend\u00eancias, inova\u00e7\u00f5es e oportunidades dos segmentos tamb\u00e9m estar\u00e3o em pauta.<\/p>\n\n\n\n<div style=\"height:3px\" aria-hidden=\"true\" class=\"wp-block-spacer\"><\/div>\n\n\n\n<p>A programa\u00e7\u00e3o do evento ir\u00e1 proporcionar op\u00e7\u00f5es variadas de aprendizado: ser\u00e3o aulas-show de gastronomia, com o protagonismo de ingredientes locais, palestras com especialistas e sorteios. A Exporr Senac vai contar tamb\u00e9m com os Campeonatos de Bartender e Confeitaria, as emocionantes disputas que proporcionam visibilidade aos competidores, em sua grande maioria formados pelo Senac\/RR, formam o momento mais aguardado pelos visitantes.<\/p>\n\n\n\n<div style=\"height:1px\" aria-hidden=\"true\" class=\"wp-block-spacer\"><\/div>\n\n\n\n<p><strong>Edi\u00e7\u00e3o 2024 e <em>rebranding<\/em><\/strong><\/p>\n\n\n\n<p>No \u00faltimo ano, o Senac Roraima promoveu o <a href=\"https:\/\/www.rr.senac.br\/portalsenac\/trocas-integracao-e-experiencias-imersivas-no-primeiro-salao-do-turismo-e-gastronomia-do-senac-rr\/\">Sal\u00e3o de Turismo e Gastronomia<\/a>, onde mais de 460 pessoas compareceram para apreciar a programa\u00e7\u00e3o projetada para impulsionar os profissionais dos segmentos. Em 2025 o Sal\u00e3o do Turismo e Gastronomia renasceu como a Exporr Senac Sabores &amp; Turismo, que, segundo a coordena\u00e7\u00e3o e organiza\u00e7\u00e3o, promete manter o legado de conquistas da sua primeira vers\u00e3o.<\/p>\n\n\n\n<div style=\"height:1px\" aria-hidden=\"true\" class=\"wp-block-spacer\"><\/div>\n\n\n\n<p><strong><em>\u201cNeste ano, o evento ganhou um novo formato e passou a se chamar Exporr Senac Sabores &amp; Turismo. Com o apoio das parcerias do setor de turismo, nosso objetivo \u00e9 fortalecer ainda mais a presen\u00e7a e a valoriza\u00e7\u00e3o dessa \u00e1rea, mostrando suas diversas possibilidades. O evento contar\u00e1 com ampla participa\u00e7\u00e3o de alunos, e nossa inten\u00e7\u00e3o \u00e9 proporcionar a eles uma vis\u00e3o abrangente sobre as oportunidades que o turismo oferece em suas m\u00faltiplas vertentes. Esperamos que esta iniciativa se consolide e cres\u00e7a a cada ano, tornando-se um marco no calend\u00e1rio de eventos do Senac Roraima\u201d<\/em><\/strong>, refor\u00e7ou a Coordenadora das \u00e1reas de Turismo e Gastronomia do Senac\/RR, Claud\u00e9lia Rebou\u00e7as.<\/p>\n\n\n\n<div style=\"height:3px\" aria-hidden=\"true\" class=\"wp-block-spacer\"><\/div>\n\n\n\n<p>Mais informa\u00e7\u00f5es sobre a programa\u00e7\u00e3o ser\u00e3o divulgadas em breve nas redes sociais do Senac\/RR (@senacrr). <\/p>\n\n\n\n<div style=\"height:1px\" aria-hidden=\"true\" class=\"wp-block-spacer\"><\/div>\n\n\n\n<p>Por Liana Lima, analista t\u00e9c. de comunica\u00e7\u00e3o do Senac\/RR.<\/p>\n\n\n\n<div style=\"height:0px\" aria-hidden=\"true\" class=\"wp-block-spacer\"><\/div>\n","protected":false},"excerpt":{"rendered":"<p>Grandes refer\u00eancias do turismo e gastronomia roraimenses se encontrar\u00e3o com o p\u00fablico do Senac Roraima nestes dias 11 (ter\u00e7a-feira), e 12 (quarta-feira), nas instala\u00e7\u00f5es da unidade Asa Branca, localizada na Rua Hor\u00e1cio Mardel de Magalh\u00e3es, n\u00ba 400, bairro Asa Branca; o Servi\u00e7o Nacional de Aprendizagem&hellip; <a class=\"more-link\" href=\"https:\/\/www.rr.senac.br\/portalsenac\/noticia-exporr-senac-sabores-e-turismo\/\">Continuar lendo <span class=\"screen-reader-text\">Destinos: Valoriza\u00e7\u00e3o das belezas e gastronomia roraimenses estar\u00e3o em pauta no evento Exporr Senac Sabores &amp; Turismo<\/span><\/a><\/p>\n","protected":false},"author":7,"featured_media":9036,"comment_status":"closed","ping_status":"closed","sticky":false,"template":"","format":"standard","meta":{"_jetpack_memberships_contains_paid_content":false,"_joinchat":[],"footnotes":""},"categories":[12],"tags":[123,56,48,64,113],"class_list":["post-9035","post","type-post","status-publish","format-standard","has-post-thumbnail","hentry","category-ultimas-noticias","tag-evento","tag-gastronomia","tag-roraima","tag-senac","tag-turismo","entry"],"jetpack_featured_media_url":"https:\/\/i0.wp.com\/www.rr.senac.br\/portalsenac\/wp-content\/uploads\/2025\/11\/evento_de_turismo_senac_roraima.jpeg?fit=1600%2C1066&ssl=1","jetpack_sharing_enabled":true,"_links":{"self":[{"href":"https:\/\/www.rr.senac.br\/portalsenac\/wp-json\/wp\/v2\/posts\/9035","targetHints":{"allow":["GET"]}}],"collection":[{"href":"https:\/\/www.rr.senac.br\/portalsenac\/wp-json\/wp\/v2\/posts"}],"about":[{"href":"https:\/\/www.rr.senac.br\/portalsenac\/wp-json\/wp\/v2\/types\/post"}],"author":[{"embeddable":true,"href":"https:\/\/www.rr.senac.br\/portalsenac\/wp-json\/wp\/v2\/users\/7"}],"replies":[{"embeddable":true,"href":"https:\/\/www.rr.senac.br\/portalsenac\/wp-json\/wp\/v2\/comments?post=9035"}],"version-history":[{"count":1,"href":"https:\/\/www.rr.senac.br\/portalsenac\/wp-json\/wp\/v2\/posts\/9035\/revisions"}],"predecessor-version":[{"id":9037,"href":"https:\/\/www.rr.senac.br\/portalsenac\/wp-json\/wp\/v2\/posts\/9035\/revisions\/9037"}],"wp:featuredmedia":[{"embeddable":true,"href":"https:\/\/www.rr.senac.br\/portalsenac\/wp-json\/wp\/v2\/media\/9036"}],"wp:attachment":[{"href":"https:\/\/www.rr.senac.br\/portalsenac\/wp-json\/wp\/v2\/media?parent=9035"}],"wp:term":[{"taxonomy":"category","embeddable":true,"href":"https:\/\/www.rr.senac.br\/portalsenac\/wp-json\/wp\/v2\/categories?post=9035"},{"taxonomy":"post_tag","embeddable":true,"href":"https:\/\/www.rr.senac.br\/portalsenac\/wp-json\/wp\/v2\/tags?post=9035"}],"curies":[{"name":"wp","href":"https:\/\/api.w.org\/{rel}","templated":true}]}}