{"id":9038,"date":"2025-11-06T09:04:30","date_gmt":"2025-11-06T13:04:30","guid":{"rendered":"https:\/\/www.rr.senac.br\/portalsenac\/?p=9038"},"modified":"2025-11-06T09:05:06","modified_gmt":"2025-11-06T13:05:06","slug":"dia-d-oportunidades-proporcionou-370-selecoes","status":"publish","type":"post","link":"https:\/\/www.rr.senac.br\/portalsenac\/dia-d-oportunidades-proporcionou-370-selecoes\/","title":{"rendered":"Dia D Oportunidades proporcionou mais de 370 sele\u00e7\u00f5es de talentos para o mercado de trabalho"},"content":{"rendered":"\n<figure class=\"wp-block-image size-large\"><img data-recalc-dims=\"1\" fetchpriority=\"high\" decoding=\"async\" width=\"750\" height=\"500\" src=\"https:\/\/i0.wp.com\/www.rr.senac.br\/portalsenac\/wp-content\/uploads\/2025\/11\/dia_D_oportunidades_senacrr.jpeg?resize=750%2C500&#038;ssl=1\" alt=\"\" class=\"wp-image-9039\" srcset=\"https:\/\/i0.wp.com\/www.rr.senac.br\/portalsenac\/wp-content\/uploads\/2025\/11\/dia_D_oportunidades_senacrr.jpeg?resize=1024%2C682&amp;ssl=1 1024w, https:\/\/i0.wp.com\/www.rr.senac.br\/portalsenac\/wp-content\/uploads\/2025\/11\/dia_D_oportunidades_senacrr.jpeg?resize=300%2C200&amp;ssl=1 300w, https:\/\/i0.wp.com\/www.rr.senac.br\/portalsenac\/wp-content\/uploads\/2025\/11\/dia_D_oportunidades_senacrr.jpeg?resize=768%2C512&amp;ssl=1 768w, https:\/\/i0.wp.com\/www.rr.senac.br\/portalsenac\/wp-content\/uploads\/2025\/11\/dia_D_oportunidades_senacrr.jpeg?resize=1536%2C1023&amp;ssl=1 1536w, https:\/\/i0.wp.com\/www.rr.senac.br\/portalsenac\/wp-content\/uploads\/2025\/11\/dia_D_oportunidades_senacrr.jpeg?resize=1568%2C1045&amp;ssl=1 1568w, https:\/\/i0.wp.com\/www.rr.senac.br\/portalsenac\/wp-content\/uploads\/2025\/11\/dia_D_oportunidades_senacrr.jpeg?w=1600&amp;ssl=1 1600w\" sizes=\"(max-width: 750px) 100vw, 750px\" \/><figcaption class=\"wp-element-caption\"><em>Maratona de recrutamentos marcou o m\u00eas de outubro no Senac<\/em><\/figcaption><\/figure>\n\n\n\n<p>O legado positivo da sexta edi\u00e7\u00e3o do Dia D Oportunidades n\u00e3o foi uma surpresa. Os n\u00fameros refletem os esfor\u00e7os empregados pela equipe de educa\u00e7\u00e3o profissional do Senac Roraima. Foi no dia 18 do \u00faltimo m\u00eas, durante um s\u00e1bado, que a unidade do Senac localizada no bairro Asa Branca se transformou em uma das maiores vitrines de talentos do estado, com 321 inscritos.<\/p>\n\n\n\n<div style=\"height:0px\" aria-hidden=\"true\" class=\"wp-block-spacer\"><\/div>\n\n\n\n<figure class=\"wp-block-image size-large\"><img data-recalc-dims=\"1\" decoding=\"async\" width=\"750\" height=\"500\" src=\"https:\/\/i0.wp.com\/www.rr.senac.br\/portalsenac\/wp-content\/uploads\/2025\/11\/dia_D_oportunidades_senacrr-2.jpeg?resize=750%2C500&#038;ssl=1\" alt=\"\" class=\"wp-image-9040\" srcset=\"https:\/\/i0.wp.com\/www.rr.senac.br\/portalsenac\/wp-content\/uploads\/2025\/11\/dia_D_oportunidades_senacrr-2.jpeg?resize=1024%2C682&amp;ssl=1 1024w, https:\/\/i0.wp.com\/www.rr.senac.br\/portalsenac\/wp-content\/uploads\/2025\/11\/dia_D_oportunidades_senacrr-2.jpeg?resize=300%2C200&amp;ssl=1 300w, https:\/\/i0.wp.com\/www.rr.senac.br\/portalsenac\/wp-content\/uploads\/2025\/11\/dia_D_oportunidades_senacrr-2.jpeg?resize=768%2C512&amp;ssl=1 768w, https:\/\/i0.wp.com\/www.rr.senac.br\/portalsenac\/wp-content\/uploads\/2025\/11\/dia_D_oportunidades_senacrr-2.jpeg?resize=1536%2C1023&amp;ssl=1 1536w, https:\/\/i0.wp.com\/www.rr.senac.br\/portalsenac\/wp-content\/uploads\/2025\/11\/dia_D_oportunidades_senacrr-2.jpeg?resize=1568%2C1045&amp;ssl=1 1568w, https:\/\/i0.wp.com\/www.rr.senac.br\/portalsenac\/wp-content\/uploads\/2025\/11\/dia_D_oportunidades_senacrr-2.jpeg?w=1600&amp;ssl=1 1600w\" sizes=\"(max-width: 750px) 100vw, 750px\" \/><\/figure>\n\n\n\n<div style=\"height:0px\" aria-hidden=\"true\" class=\"wp-block-spacer\"><\/div>\n\n\n\n<p>A iniciativa do Banco de Oportunidades do Servi\u00e7o Nacional de Aprendizagem Comercial (Senac\/RR) refor\u00e7ou a qualidade do ensino que forma a for\u00e7a de trabalho, al\u00e9m de ser uma afirma\u00e7\u00e3o do compromisso com o desenvolvimento da comunidade. Ao todo, foram 291 vagas de emprego reunidas em um espa\u00e7o de crescimento profissional.\u00a0<\/p>\n\n\n\n<div style=\"height:0px\" aria-hidden=\"true\" class=\"wp-block-spacer\"><\/div>\n\n\n\n<p>Nesta edi\u00e7\u00e3o, o alcance das parcerias estabelecidas com as empresas tamb\u00e9m chamou a aten\u00e7\u00e3o; foram 10 empresas dos segmentos de supermercados, distribuidoras de insumos e lojas. A conex\u00e3o Senac e Casas Lira \u00e9 antiga, mas esta foi a primeira vez que a empresa marcou presen\u00e7a no Dia D Oportunidades, como relatou Ediana Alves, representante da rede de lojas no evento.<\/p>\n\n\n\n<div style=\"height:0px\" aria-hidden=\"true\" class=\"wp-block-spacer\"><\/div>\n\n\n\n<p><strong><em>\u201cEsta \u00e9 uma parceria de muito tempo. Agora a \u2018Casas Lira\u2019 veio para ter o apoio do Banco de Oportunidades. Estamos buscando vendedores e atendentes. Queremos ampliar a parceria com o Senac para estes setores\u201d<\/em><\/strong>, disse a representante.<\/p>\n\n\n\n<div style=\"height:0px\" aria-hidden=\"true\" class=\"wp-block-spacer\"><\/div>\n\n\n\n<div class=\"wp-block-jetpack-slideshow aligncenter\" data-effect=\"slide\" style=\"--aspect-ratio:calc(750 \/ 500)\"><div class=\"wp-block-jetpack-slideshow_container swiper\"><ul class=\"wp-block-jetpack-slideshow_swiper-wrapper swiper-wrapper\"><li class=\"wp-block-jetpack-slideshow_slide swiper-slide\"><figure><img data-recalc-dims=\"1\" decoding=\"async\" width=\"750\" height=\"500\" alt=\"\" class=\"wp-block-jetpack-slideshow_image wp-image-9042\" data-id=\"9042\" data-aspect-ratio=\"750 \/ 500\" src=\"https:\/\/i0.wp.com\/www.rr.senac.br\/portalsenac\/wp-content\/uploads\/2025\/11\/dia_D_oportunidades_senacrr-4.jpeg?resize=750%2C500&#038;ssl=1\" srcset=\"https:\/\/i0.wp.com\/www.rr.senac.br\/portalsenac\/wp-content\/uploads\/2025\/11\/dia_D_oportunidades_senacrr-4.jpeg?resize=1024%2C682&amp;ssl=1 1024w, https:\/\/i0.wp.com\/www.rr.senac.br\/portalsenac\/wp-content\/uploads\/2025\/11\/dia_D_oportunidades_senacrr-4.jpeg?resize=300%2C200&amp;ssl=1 300w, https:\/\/i0.wp.com\/www.rr.senac.br\/portalsenac\/wp-content\/uploads\/2025\/11\/dia_D_oportunidades_senacrr-4.jpeg?resize=768%2C512&amp;ssl=1 768w, https:\/\/i0.wp.com\/www.rr.senac.br\/portalsenac\/wp-content\/uploads\/2025\/11\/dia_D_oportunidades_senacrr-4.jpeg?resize=1536%2C1023&amp;ssl=1 1536w, https:\/\/i0.wp.com\/www.rr.senac.br\/portalsenac\/wp-content\/uploads\/2025\/11\/dia_D_oportunidades_senacrr-4.jpeg?resize=1568%2C1045&amp;ssl=1 1568w, https:\/\/i0.wp.com\/www.rr.senac.br\/portalsenac\/wp-content\/uploads\/2025\/11\/dia_D_oportunidades_senacrr-4.jpeg?w=1600&amp;ssl=1 1600w\" sizes=\"(max-width: 750px) 100vw, 750px\" \/><\/figure><\/li><li class=\"wp-block-jetpack-slideshow_slide swiper-slide\"><figure><img data-recalc-dims=\"1\" loading=\"lazy\" decoding=\"async\" width=\"750\" height=\"500\" alt=\"\" class=\"wp-block-jetpack-slideshow_image wp-image-9043\" data-id=\"9043\" data-aspect-ratio=\"750 \/ 500\" src=\"https:\/\/i0.wp.com\/www.rr.senac.br\/portalsenac\/wp-content\/uploads\/2025\/11\/dia_D_oportunidades_senacrr-3.jpeg?resize=750%2C500&#038;ssl=1\" srcset=\"https:\/\/i0.wp.com\/www.rr.senac.br\/portalsenac\/wp-content\/uploads\/2025\/11\/dia_D_oportunidades_senacrr-3.jpeg?resize=1024%2C682&amp;ssl=1 1024w, https:\/\/i0.wp.com\/www.rr.senac.br\/portalsenac\/wp-content\/uploads\/2025\/11\/dia_D_oportunidades_senacrr-3.jpeg?resize=300%2C200&amp;ssl=1 300w, https:\/\/i0.wp.com\/www.rr.senac.br\/portalsenac\/wp-content\/uploads\/2025\/11\/dia_D_oportunidades_senacrr-3.jpeg?resize=768%2C512&amp;ssl=1 768w, https:\/\/i0.wp.com\/www.rr.senac.br\/portalsenac\/wp-content\/uploads\/2025\/11\/dia_D_oportunidades_senacrr-3.jpeg?resize=1536%2C1023&amp;ssl=1 1536w, https:\/\/i0.wp.com\/www.rr.senac.br\/portalsenac\/wp-content\/uploads\/2025\/11\/dia_D_oportunidades_senacrr-3.jpeg?resize=1568%2C1045&amp;ssl=1 1568w, https:\/\/i0.wp.com\/www.rr.senac.br\/portalsenac\/wp-content\/uploads\/2025\/11\/dia_D_oportunidades_senacrr-3.jpeg?w=1600&amp;ssl=1 1600w\" sizes=\"(max-width: 750px) 100vw, 750px\" \/><\/figure><\/li><\/ul><a class=\"wp-block-jetpack-slideshow_button-prev swiper-button-prev swiper-button-white\" role=\"button\"><\/a><a class=\"wp-block-jetpack-slideshow_button-next swiper-button-next swiper-button-white\" role=\"button\"><\/a><a aria-label=\"Pause Slideshow\" class=\"wp-block-jetpack-slideshow_button-pause\" role=\"button\"><\/a><div class=\"wp-block-jetpack-slideshow_pagination swiper-pagination swiper-pagination-white\"><\/div><\/div><\/div>\n\n\n\n<div style=\"height:1px\" aria-hidden=\"true\" class=\"wp-block-spacer\"><\/div>\n\n\n\n<p><strong><em>Conex\u00f5es e empregabilidade<\/em><\/strong><\/p>\n\n\n\n<p>Para ajudar com o nervosismo, os candidatos que participaram do Dia D Oportunidades aproveitaram servi\u00e7os exclusivos do Senac Roraima, como Oficina de Curr\u00edculo, bioimped\u00e2ncia, <em>quick massage <\/em>e aplica\u00e7\u00e3o de fl\u00faor. \u00a0Em uma manh\u00e3, foram realizadas as etapas dos processos de recrutamento e sele\u00e7\u00e3o; os candidatos tiveram contato direto com as empresas para tirar d\u00favidas, e mostrar suas habilidades durante as entrevistas. Como resultado, foram contabilizadas mais de 370 sele\u00e7\u00f5es nas 10 empresas parceiras.<\/p>\n\n\n\n<div style=\"height:3px\" aria-hidden=\"true\" class=\"wp-block-spacer\"><\/div>\n\n\n\n<figure class=\"wp-block-image size-large\"><img data-recalc-dims=\"1\" loading=\"lazy\" decoding=\"async\" width=\"750\" height=\"500\" src=\"https:\/\/i0.wp.com\/www.rr.senac.br\/portalsenac\/wp-content\/uploads\/2025\/11\/dia_D_oportunidades_senacrr-1-1.jpeg?resize=750%2C500&#038;ssl=1\" alt=\"\" class=\"wp-image-9045\" srcset=\"https:\/\/i0.wp.com\/www.rr.senac.br\/portalsenac\/wp-content\/uploads\/2025\/11\/dia_D_oportunidades_senacrr-1-1.jpeg?resize=1024%2C682&amp;ssl=1 1024w, https:\/\/i0.wp.com\/www.rr.senac.br\/portalsenac\/wp-content\/uploads\/2025\/11\/dia_D_oportunidades_senacrr-1-1.jpeg?resize=300%2C200&amp;ssl=1 300w, https:\/\/i0.wp.com\/www.rr.senac.br\/portalsenac\/wp-content\/uploads\/2025\/11\/dia_D_oportunidades_senacrr-1-1.jpeg?resize=768%2C512&amp;ssl=1 768w, https:\/\/i0.wp.com\/www.rr.senac.br\/portalsenac\/wp-content\/uploads\/2025\/11\/dia_D_oportunidades_senacrr-1-1.jpeg?resize=1536%2C1023&amp;ssl=1 1536w, https:\/\/i0.wp.com\/www.rr.senac.br\/portalsenac\/wp-content\/uploads\/2025\/11\/dia_D_oportunidades_senacrr-1-1.jpeg?resize=1568%2C1045&amp;ssl=1 1568w, https:\/\/i0.wp.com\/www.rr.senac.br\/portalsenac\/wp-content\/uploads\/2025\/11\/dia_D_oportunidades_senacrr-1-1.jpeg?w=1600&amp;ssl=1 1600w\" sizes=\"(max-width: 750px) 100vw, 750px\" \/><\/figure>\n\n\n\n<div style=\"height:0px\" aria-hidden=\"true\" class=\"wp-block-spacer\"><\/div>\n\n\n\n<p>Empolgada com a ideia do evento, a candidata Princesa Brizuela aproveitou para criar conex\u00f5es com diversas empresas contratantes. Ela, que \u00e9 egressa do Senac, fez quest\u00e3o de ressaltar o impacto que a institui\u00e7\u00e3o teve em sua trajet\u00f3ria: <strong><em>\u201cA expectativa que eu tenho \u00e9 encontrar um emprego que fa\u00e7a evoluir a minha carreira profissional. Eu j\u00e1 fui aluna do Senac, e sei a diferen\u00e7a que essa \u2018empresa\u2019 faz na vida dos jovens\u201d<\/em><\/strong>.&nbsp;&nbsp;<\/p>\n\n\n\n<div style=\"height:1px\" aria-hidden=\"true\" class=\"wp-block-spacer\"><\/div>\n\n\n\n<figure class=\"wp-block-image size-large\"><img data-recalc-dims=\"1\" loading=\"lazy\" decoding=\"async\" width=\"750\" height=\"500\" src=\"https:\/\/i0.wp.com\/www.rr.senac.br\/portalsenac\/wp-content\/uploads\/2025\/11\/dia_D_oportunidades_senacrr-1.jpeg?resize=750%2C500&#038;ssl=1\" alt=\"\" class=\"wp-image-9044\" srcset=\"https:\/\/i0.wp.com\/www.rr.senac.br\/portalsenac\/wp-content\/uploads\/2025\/11\/dia_D_oportunidades_senacrr-1.jpeg?resize=1024%2C682&amp;ssl=1 1024w, https:\/\/i0.wp.com\/www.rr.senac.br\/portalsenac\/wp-content\/uploads\/2025\/11\/dia_D_oportunidades_senacrr-1.jpeg?resize=300%2C200&amp;ssl=1 300w, https:\/\/i0.wp.com\/www.rr.senac.br\/portalsenac\/wp-content\/uploads\/2025\/11\/dia_D_oportunidades_senacrr-1.jpeg?resize=768%2C512&amp;ssl=1 768w, https:\/\/i0.wp.com\/www.rr.senac.br\/portalsenac\/wp-content\/uploads\/2025\/11\/dia_D_oportunidades_senacrr-1.jpeg?resize=1536%2C1023&amp;ssl=1 1536w, https:\/\/i0.wp.com\/www.rr.senac.br\/portalsenac\/wp-content\/uploads\/2025\/11\/dia_D_oportunidades_senacrr-1.jpeg?resize=1568%2C1045&amp;ssl=1 1568w, https:\/\/i0.wp.com\/www.rr.senac.br\/portalsenac\/wp-content\/uploads\/2025\/11\/dia_D_oportunidades_senacrr-1.jpeg?w=1600&amp;ssl=1 1600w\" sizes=\"(max-width: 750px) 100vw, 750px\" \/><\/figure>\n\n\n\n<div style=\"height:1px\" aria-hidden=\"true\" class=\"wp-block-spacer\"><\/div>\n\n\n\n<p>Segundo a diretora regional do Senac, Fernanda Paula Barbosa, o evento de empregabilidade alcan\u00e7ou as expectativas, e foi um sucesso em participa\u00e7\u00e3o. <strong><em>\u201cTivemos uma ades\u00e3o muito boa. As empresas que est\u00e3o aqui hoje s\u00e3o empresas parceiras. Empresas que est\u00e3o com toda a disponibilidade para trazer ao nosso p\u00fablico sua primeira oportunidade, ou uma sequ\u00eancia na sua carreira. Estamos com o Senac Asa Branca lotado de candidatos, e lotado de empresas que abra\u00e7am essa causa\u201d<\/em><\/strong>, declarou.<\/p>\n\n\n\n<div style=\"height:0px\" aria-hidden=\"true\" class=\"wp-block-spacer\"><\/div>\n\n\n\n<p><strong><em>Banco de Oportunidades<\/em><\/strong><\/p>\n\n\n\n<p>O Banco de Oportunidades \u00e9 um programa que integra uma estrat\u00e9gia nacional do Senac para encaminhar alunos e egressos da institui\u00e7\u00e3o ao mercado de trabalho; atrav\u00e9s dos esfor\u00e7os de empregabilidade, o Senac mostra mais uma face da sua contribui\u00e7\u00e3o com desenvolvimento econ\u00f4mico local e nacional. Em 2025, o Banco de Oportunidades do Senac Roraima recebeu e encaminhou 1.326 curr\u00edculos ao mercado de trabalho roraimense.<\/p>\n\n\n\n<div style=\"height:2px\" aria-hidden=\"true\" class=\"wp-block-spacer\"><\/div>\n\n\n\n<p>Candidatos e empresas interessados em saber mais podem acessar a <a href=\"https:\/\/www.rr.senac.br\/portalsenac\/banco-de-oportunidade\/\">p\u00e1gina do Banco de Oportunidades no site<\/a>, ou entrar em contato via WhatsApp: (95) 98420-5459.<\/p>\n\n\n\n<div style=\"height:0px\" aria-hidden=\"true\" class=\"wp-block-spacer\"><\/div>\n\n\n\n<p>Por Liana Lima, analista t\u00e9c. de comunica\u00e7\u00e3o do Senac\/RR.<\/p>\n\n\n\n<div style=\"height:3px\" aria-hidden=\"true\" class=\"wp-block-spacer\"><\/div>\n\n\n\n<p><\/p>\n","protected":false},"excerpt":{"rendered":"<p>O legado positivo da sexta edi\u00e7\u00e3o do Dia D Oportunidades n\u00e3o foi uma surpresa. Os n\u00fameros refletem os esfor\u00e7os empregados pela equipe de educa\u00e7\u00e3o profissional do Senac Roraima. Foi no dia 18 do \u00faltimo m\u00eas, durante um s\u00e1bado, que a unidade do Senac localizada no&hellip; <a class=\"more-link\" href=\"https:\/\/www.rr.senac.br\/portalsenac\/dia-d-oportunidades-proporcionou-370-selecoes\/\">Continuar lendo <span class=\"screen-reader-text\">Dia D Oportunidades proporcionou mais de 370 sele\u00e7\u00f5es de talentos para o mercado de trabalho<\/span><\/a><\/p>\n","protected":false},"author":7,"featured_media":9039,"comment_status":"closed","ping_status":"closed","sticky":false,"template":"","format":"standard","meta":{"_jetpack_memberships_contains_paid_content":false,"_joinchat":[],"footnotes":""},"categories":[12],"tags":[125,124,48,126],"class_list":["post-9038","post","type-post","status-publish","format-standard","has-post-thumbnail","hentry","category-ultimas-noticias","tag-dia-d-oportunidades","tag-empregos","tag-roraima","tag-senac-rr","entry"],"jetpack_featured_media_url":"https:\/\/i0.wp.com\/www.rr.senac.br\/portalsenac\/wp-content\/uploads\/2025\/11\/dia_D_oportunidades_senacrr.jpeg?fit=1600%2C1066&ssl=1","jetpack_sharing_enabled":true,"_links":{"self":[{"href":"https:\/\/www.rr.senac.br\/portalsenac\/wp-json\/wp\/v2\/posts\/9038","targetHints":{"allow":["GET"]}}],"collection":[{"href":"https:\/\/www.rr.senac.br\/portalsenac\/wp-json\/wp\/v2\/posts"}],"about":[{"href":"https:\/\/www.rr.senac.br\/portalsenac\/wp-json\/wp\/v2\/types\/post"}],"author":[{"embeddable":true,"href":"https:\/\/www.rr.senac.br\/portalsenac\/wp-json\/wp\/v2\/users\/7"}],"replies":[{"embeddable":true,"href":"https:\/\/www.rr.senac.br\/portalsenac\/wp-json\/wp\/v2\/comments?post=9038"}],"version-history":[{"count":1,"href":"https:\/\/www.rr.senac.br\/portalsenac\/wp-json\/wp\/v2\/posts\/9038\/revisions"}],"predecessor-version":[{"id":9046,"href":"https:\/\/www.rr.senac.br\/portalsenac\/wp-json\/wp\/v2\/posts\/9038\/revisions\/9046"}],"wp:featuredmedia":[{"embeddable":true,"href":"https:\/\/www.rr.senac.br\/portalsenac\/wp-json\/wp\/v2\/media\/9039"}],"wp:attachment":[{"href":"https:\/\/www.rr.senac.br\/portalsenac\/wp-json\/wp\/v2\/media?parent=9038"}],"wp:term":[{"taxonomy":"category","embeddable":true,"href":"https:\/\/www.rr.senac.br\/portalsenac\/wp-json\/wp\/v2\/categories?post=9038"},{"taxonomy":"post_tag","embeddable":true,"href":"https:\/\/www.rr.senac.br\/portalsenac\/wp-json\/wp\/v2\/tags?post=9038"}],"curies":[{"name":"wp","href":"https:\/\/api.w.org\/{rel}","templated":true}]}}