{"id":9050,"date":"2025-11-25T16:29:00","date_gmt":"2025-11-25T20:29:00","guid":{"rendered":"https:\/\/www.rr.senac.br\/portalsenac\/?p=9050"},"modified":"2025-11-25T16:29:00","modified_gmt":"2025-11-25T20:29:00","slug":"caravana-de-servicos-gratuitos-do-senac-roraima-chega-ao-municipio-de-sao-joao-da-baliza-rr-com-previsao-de-mais-de-300-atendimentos","status":"publish","type":"post","link":"https:\/\/www.rr.senac.br\/portalsenac\/caravana-de-servicos-gratuitos-do-senac-roraima-chega-ao-municipio-de-sao-joao-da-baliza-rr-com-previsao-de-mais-de-300-atendimentos\/","title":{"rendered":"Caravana de servi\u00e7os gratuitos do Senac Roraima chega ao munic\u00edpio de S\u00e3o Jo\u00e3o da Baliza (RR), com previs\u00e3o de mais de 300 atendimentos"},"content":{"rendered":"\n<figure class=\"wp-block-image size-large\"><img data-recalc-dims=\"1\" fetchpriority=\"high\" decoding=\"async\" width=\"750\" height=\"500\" src=\"https:\/\/i0.wp.com\/www.rr.senac.br\/portalsenac\/wp-content\/uploads\/2025\/11\/senacrr_servicos_gratuitos.jpeg?resize=750%2C500&#038;ssl=1\" alt=\"\" class=\"wp-image-9051\" srcset=\"https:\/\/i0.wp.com\/www.rr.senac.br\/portalsenac\/wp-content\/uploads\/2025\/11\/senacrr_servicos_gratuitos.jpeg?resize=1024%2C682&amp;ssl=1 1024w, https:\/\/i0.wp.com\/www.rr.senac.br\/portalsenac\/wp-content\/uploads\/2025\/11\/senacrr_servicos_gratuitos.jpeg?resize=300%2C200&amp;ssl=1 300w, https:\/\/i0.wp.com\/www.rr.senac.br\/portalsenac\/wp-content\/uploads\/2025\/11\/senacrr_servicos_gratuitos.jpeg?resize=768%2C512&amp;ssl=1 768w, https:\/\/i0.wp.com\/www.rr.senac.br\/portalsenac\/wp-content\/uploads\/2025\/11\/senacrr_servicos_gratuitos.jpeg?resize=1536%2C1023&amp;ssl=1 1536w, https:\/\/i0.wp.com\/www.rr.senac.br\/portalsenac\/wp-content\/uploads\/2025\/11\/senacrr_servicos_gratuitos.jpeg?resize=1568%2C1045&amp;ssl=1 1568w, https:\/\/i0.wp.com\/www.rr.senac.br\/portalsenac\/wp-content\/uploads\/2025\/11\/senacrr_servicos_gratuitos.jpeg?w=1600&amp;ssl=1 1600w\" sizes=\"(max-width: 750px) 100vw, 750px\" \/><figcaption class=\"wp-element-caption\"><em>\u00daltimo \u2018Senac em A\u00e7\u00e3o\u2019 do ano realizar\u00e1 atendimentos em sa\u00fade, beleza, gest\u00e3o e mais<\/em><\/figcaption><\/figure>\n\n\n\n<p>Neste s\u00e1bado, 29, o Senac Roraima leva muito cuidado e acolhimento \u00e0 popula\u00e7\u00e3o de S\u00e3o Jo\u00e3o da Baliza (RR), no sul do estado, com os servi\u00e7os totalmente gratuitos do \u2018Senac em A\u00e7\u00e3o\u2019. A estimativa \u00e9 que sejam realizados mais de 300 atendimentos, mediante retirada de senhas, a partir das 8h, na Unidade Educacional de Campo Sesc\/Senac. O in\u00edcio dos atendimentos est\u00e1 previsto para o mesmo hor\u00e1rio e local.<\/p>\n\n\n\n<div style=\"height:2px\" aria-hidden=\"true\" class=\"wp-block-spacer\"><\/div>\n\n\n\n<p>O mutir\u00e3o de atendimentos se apresenta como uma excelente oportunidade para a popula\u00e7\u00e3o do munic\u00edpio ter acesso a servi\u00e7os de cuidados de sa\u00fade e beleza; com as festas de fim de ano chegando, os participantes poder\u00e3o renovar o visual com <em>spa <\/em>labial, limpeza de pele, e muito mais. A iniciativa tem como um de seus objetivos o impulsionamento dos servi\u00e7os oferecidos pela institui\u00e7\u00e3o.<\/p>\n\n\n\n<div style=\"height:0px\" aria-hidden=\"true\" class=\"wp-block-spacer\"><\/div>\n\n\n\n<p>A programa\u00e7\u00e3o completa est\u00e1 dispon\u00edvel nas redes sociais do Senac\/RR (@senacrr). Mais informa\u00e7\u00f5es tamb\u00e9m podem ser consultadas no WhatsApp da Central de Atendimento: (95) 98420-9992.<\/p>\n\n\n\n<div style=\"height:1px\" aria-hidden=\"true\" class=\"wp-block-spacer\"><\/div>\n\n\n\n<p><strong>Senac em A\u00e7\u00e3o 2025<\/strong><\/p>\n\n\n\n<p>Ao longo do ano, aconteceram duas edi\u00e7\u00f5es do \u2018Senac em A\u00e7\u00e3o\u2019, nos munic\u00edpios de Rorain\u00f3polis, no m\u00eas de julho, e S\u00e3o Luiz do Anau\u00e1, em setembro. Como resultado da dedica\u00e7\u00e3o da equipe Senac, a iniciativa j\u00e1 soma mais de 650 atendimentos nos dois munic\u00edpios.<\/p>\n\n\n\n<div style=\"height:4px\" aria-hidden=\"true\" class=\"wp-block-spacer\"><\/div>\n\n\n\n<details class=\"wp-block-details is-layout-flow wp-block-details-is-layout-flow\"><summary><strong>Confira a lista de servi\u00e7os e quantitativo de atendimentos<\/strong><\/summary>\n<p><strong>Beleza<\/strong><\/p>\n\n\n\n<p><em>Spa <\/em>Labial \u2013 15 senhas<\/p>\n\n\n\n<p>Limpeza de pele \u2013 20 atendimentos<\/p>\n\n\n\n<p>Oficina de modelagem em hena \u2013 10 atendimentos<\/p>\n\n\n\n<p>Esmalta\u00e7\u00e3o simples \u2013 15 atendimentos<\/p>\n\n\n\n<p>Corte de cabelo unissex \u2013 15 atendimentos<\/p>\n\n\n\n<p><strong>Gest\u00e3o e tecnologia<\/strong><\/p>\n\n\n\n<p>Orienta\u00e7\u00e3o de carreiras e apresenta\u00e7\u00e3o com \u00f3culos de Realidade Virtual \u2013 30 senhas<\/p>\n\n\n\n<p>Banco de Oportunidades \u2013 15 senhas<\/p>\n\n\n\n<p><strong>Sustentabilidade (ecos)<\/strong><\/p>\n\n\n\n<p>Oficina de papel reciclado \u2013 30 atendimentos<\/p>\n\n\n\n<p><strong>Sa\u00fade<\/strong><\/p>\n\n\n\n<p>Avalia\u00e7\u00e3o Nutricional com uso de Bioimped\u00e2ncia e Orienta\u00e7\u00e3o Nutricional &#8211; 30 atendimentos &#8211; 30 senhas<\/p>\n\n\n\n<p>Oficina de Ressuscita\u00e7\u00e3o Cardiopulmonar &#8211; 30 senhas<\/p>\n\n\n\n<p>Aferi\u00e7\u00e3o de Sinais Vitais (Press\u00e3o Arterial e Glicemia Capilar) &#8211; 30 senhas<\/p>\n\n\n\n<p>Realiza\u00e7\u00e3o de Testes R\u00e1pidos \u2013&nbsp; 30 senhas<\/p>\n\n\n\n<p><strong>Senac Empresas<\/strong><\/p>\n\n\n\n<p><em>Quizz<\/em> e roleta interativa \u2013 30 atendimentos<\/p>\n<\/details>\n\n\n\n<div style=\"height:0px\" aria-hidden=\"true\" class=\"wp-block-spacer\"><\/div>\n\n\n\n<p>Por Liana Lima, analista t\u00e9c. de comunica\u00e7\u00e3o do Senac Roraima<\/p>\n\n\n\n<div style=\"height:1px\" aria-hidden=\"true\" class=\"wp-block-spacer\"><\/div>\n","protected":false},"excerpt":{"rendered":"<p>Neste s\u00e1bado, 29, o Senac Roraima leva muito cuidado e acolhimento \u00e0 popula\u00e7\u00e3o de S\u00e3o Jo\u00e3o da Baliza (RR), no sul do estado, com os servi\u00e7os totalmente gratuitos do \u2018Senac em A\u00e7\u00e3o\u2019. A estimativa \u00e9 que sejam realizados mais de 300 atendimentos, mediante retirada de&hellip; <a class=\"more-link\" href=\"https:\/\/www.rr.senac.br\/portalsenac\/caravana-de-servicos-gratuitos-do-senac-roraima-chega-ao-municipio-de-sao-joao-da-baliza-rr-com-previsao-de-mais-de-300-atendimentos\/\">Continuar lendo <span class=\"screen-reader-text\">Caravana de servi\u00e7os gratuitos do Senac Roraima chega ao munic\u00edpio de S\u00e3o Jo\u00e3o da Baliza (RR), com previs\u00e3o de mais de 300 atendimentos<\/span><\/a><\/p>\n","protected":false},"author":7,"featured_media":9051,"comment_status":"closed","ping_status":"closed","sticky":false,"template":"","format":"standard","meta":{"_jetpack_memberships_contains_paid_content":false,"_joinchat":[],"footnotes":""},"categories":[12],"tags":[65,48,119,54,101],"class_list":["post-9050","post","type-post","status-publish","format-standard","has-post-thumbnail","hentry","category-ultimas-noticias","tag-beleza","tag-roraima","tag-sao-joao-da-baliza","tag-saude","tag-servicos-gratuitos","entry"],"jetpack_featured_media_url":"https:\/\/i0.wp.com\/www.rr.senac.br\/portalsenac\/wp-content\/uploads\/2025\/11\/senacrr_servicos_gratuitos.jpeg?fit=1600%2C1066&ssl=1","jetpack_sharing_enabled":true,"_links":{"self":[{"href":"https:\/\/www.rr.senac.br\/portalsenac\/wp-json\/wp\/v2\/posts\/9050","targetHints":{"allow":["GET"]}}],"collection":[{"href":"https:\/\/www.rr.senac.br\/portalsenac\/wp-json\/wp\/v2\/posts"}],"about":[{"href":"https:\/\/www.rr.senac.br\/portalsenac\/wp-json\/wp\/v2\/types\/post"}],"author":[{"embeddable":true,"href":"https:\/\/www.rr.senac.br\/portalsenac\/wp-json\/wp\/v2\/users\/7"}],"replies":[{"embeddable":true,"href":"https:\/\/www.rr.senac.br\/portalsenac\/wp-json\/wp\/v2\/comments?post=9050"}],"version-history":[{"count":1,"href":"https:\/\/www.rr.senac.br\/portalsenac\/wp-json\/wp\/v2\/posts\/9050\/revisions"}],"predecessor-version":[{"id":9052,"href":"https:\/\/www.rr.senac.br\/portalsenac\/wp-json\/wp\/v2\/posts\/9050\/revisions\/9052"}],"wp:featuredmedia":[{"embeddable":true,"href":"https:\/\/www.rr.senac.br\/portalsenac\/wp-json\/wp\/v2\/media\/9051"}],"wp:attachment":[{"href":"https:\/\/www.rr.senac.br\/portalsenac\/wp-json\/wp\/v2\/media?parent=9050"}],"wp:term":[{"taxonomy":"category","embeddable":true,"href":"https:\/\/www.rr.senac.br\/portalsenac\/wp-json\/wp\/v2\/categories?post=9050"},{"taxonomy":"post_tag","embeddable":true,"href":"https:\/\/www.rr.senac.br\/portalsenac\/wp-json\/wp\/v2\/tags?post=9050"}],"curies":[{"name":"wp","href":"https:\/\/api.w.org\/{rel}","templated":true}]}}