{"id":9053,"date":"2025-11-27T14:29:56","date_gmt":"2025-11-27T18:29:56","guid":{"rendered":"https:\/\/www.rr.senac.br\/portalsenac\/?p=9053"},"modified":"2025-11-27T14:29:56","modified_gmt":"2025-11-27T18:29:56","slug":"senac-promoveu-evento-de-turismo-e-gastronomia","status":"publish","type":"post","link":"https:\/\/www.rr.senac.br\/portalsenac\/senac-promoveu-evento-de-turismo-e-gastronomia\/","title":{"rendered":"Exporr Senac Sabores &amp; Turismo: evento reuniu campeonatos gastron\u00f4micos e conscientizou sobre o crescimento tur\u00edstico no estado"},"content":{"rendered":"\n<figure class=\"wp-block-image size-large\"><img data-recalc-dims=\"1\" fetchpriority=\"high\" decoding=\"async\" width=\"750\" height=\"500\" src=\"https:\/\/i0.wp.com\/www.rr.senac.br\/portalsenac\/wp-content\/uploads\/2025\/11\/senac_rr_turismo_gastronomia.jpeg?resize=750%2C500&#038;ssl=1\" alt=\"\" class=\"wp-image-9054\" srcset=\"https:\/\/i0.wp.com\/www.rr.senac.br\/portalsenac\/wp-content\/uploads\/2025\/11\/senac_rr_turismo_gastronomia.jpeg?resize=1024%2C682&amp;ssl=1 1024w, https:\/\/i0.wp.com\/www.rr.senac.br\/portalsenac\/wp-content\/uploads\/2025\/11\/senac_rr_turismo_gastronomia.jpeg?resize=300%2C200&amp;ssl=1 300w, https:\/\/i0.wp.com\/www.rr.senac.br\/portalsenac\/wp-content\/uploads\/2025\/11\/senac_rr_turismo_gastronomia.jpeg?resize=768%2C512&amp;ssl=1 768w, https:\/\/i0.wp.com\/www.rr.senac.br\/portalsenac\/wp-content\/uploads\/2025\/11\/senac_rr_turismo_gastronomia.jpeg?resize=1536%2C1023&amp;ssl=1 1536w, https:\/\/i0.wp.com\/www.rr.senac.br\/portalsenac\/wp-content\/uploads\/2025\/11\/senac_rr_turismo_gastronomia.jpeg?resize=1568%2C1045&amp;ssl=1 1568w, https:\/\/i0.wp.com\/www.rr.senac.br\/portalsenac\/wp-content\/uploads\/2025\/11\/senac_rr_turismo_gastronomia.jpeg?w=1600&amp;ssl=1 1600w\" sizes=\"(max-width: 750px) 100vw, 750px\" \/><figcaption class=\"wp-element-caption\"><em>As atividades foram pensadas para evidenciar as a\u00e7\u00f5es de impulsionamento do Senac nos segmentos de turismo e gastronomia<\/em><\/figcaption><\/figure>\n\n\n\n<p>Sob a perspectiva de que a valoriza\u00e7\u00e3o da cultura local \u00e9 uma ferramenta para se aproximar da realidade, e contribuir com o desenvolvimento do estado, a Exporr Senac Sabores &amp; Turismo foi realizada na segunda semana de novembro. Durante dois dias, as depend\u00eancias do Senac Asa Branca receberam uma variedade de parceiros dos segmentos em destaque, que se aproximaram ainda mais do p\u00fablico, formado pelos mais de 450 credenciamentos registrados no evento.<\/p>\n\n\n\n<div style=\"height:0px\" aria-hidden=\"true\" class=\"wp-block-spacer\"><\/div>\n\n\n\n<p>As atividades foram pensadas para evidenciar as a\u00e7\u00f5es de impulsionamento do Senac nos segmentos de turismo e gastronomia; a Exporr Senac Sabores &amp; Turismo ficou seccionada entre um espa\u00e7o de exposi\u00e7\u00e3o e comercializa\u00e7\u00e3o de produtos gastron\u00f4micos da \u00e1rea da confeitaria, panifica\u00e7\u00e3o e degusta\u00e7\u00e3o de vinhos. A ambienta\u00e7\u00e3o tamb\u00e9m ofertou exposi\u00e7\u00e3o de turismo, e um palco de apresenta\u00e7\u00f5es onde foram realizados os campeonatos de Bartender e Confeitaria, e a aula-show de doces finos com a confeiteira Jhullha de Freitas, representante de Roraima nas Competi\u00e7\u00f5es Senac 2025.&nbsp;<\/p>\n\n\n\n<div style=\"height:2px\" aria-hidden=\"true\" class=\"wp-block-spacer\"><\/div>\n\n\n\n<figure class=\"wp-block-image size-large\"><img data-recalc-dims=\"1\" decoding=\"async\" width=\"750\" height=\"500\" src=\"https:\/\/i0.wp.com\/www.rr.senac.br\/portalsenac\/wp-content\/uploads\/2025\/11\/senac_rr_turismo_gastronomia2.jpeg?resize=750%2C500&#038;ssl=1\" alt=\"\" class=\"wp-image-9055\" srcset=\"https:\/\/i0.wp.com\/www.rr.senac.br\/portalsenac\/wp-content\/uploads\/2025\/11\/senac_rr_turismo_gastronomia2.jpeg?resize=1024%2C682&amp;ssl=1 1024w, https:\/\/i0.wp.com\/www.rr.senac.br\/portalsenac\/wp-content\/uploads\/2025\/11\/senac_rr_turismo_gastronomia2.jpeg?resize=300%2C200&amp;ssl=1 300w, https:\/\/i0.wp.com\/www.rr.senac.br\/portalsenac\/wp-content\/uploads\/2025\/11\/senac_rr_turismo_gastronomia2.jpeg?resize=768%2C512&amp;ssl=1 768w, https:\/\/i0.wp.com\/www.rr.senac.br\/portalsenac\/wp-content\/uploads\/2025\/11\/senac_rr_turismo_gastronomia2.jpeg?resize=1536%2C1023&amp;ssl=1 1536w, https:\/\/i0.wp.com\/www.rr.senac.br\/portalsenac\/wp-content\/uploads\/2025\/11\/senac_rr_turismo_gastronomia2.jpeg?resize=1568%2C1045&amp;ssl=1 1568w, https:\/\/i0.wp.com\/www.rr.senac.br\/portalsenac\/wp-content\/uploads\/2025\/11\/senac_rr_turismo_gastronomia2.jpeg?w=1600&amp;ssl=1 1600w\" sizes=\"(max-width: 750px) 100vw, 750px\" \/><\/figure>\n\n\n\n<div style=\"height:3px\" aria-hidden=\"true\" class=\"wp-block-spacer\"><\/div>\n\n\n\n<p><strong>Destinos emergentes e valoriza\u00e7\u00e3o profissional<\/strong><\/p>\n\n\n\n<p>O evento foi fortemente apoiado por representantes do setor tur\u00edstico. A Associa\u00e7\u00e3o Brasileira de Ag\u00eancias de Viagem de Roraima (ABAVV), Macuxi Trekking, Roraima Adventures e Sindicato dos Artes\u00e3os de Roraima, chamaram a aten\u00e7\u00e3o pelos elementos regionais, e por apresentarem aos visitantes os roteiros tur\u00edsticos emergentes no extremo norte brasileiro. Conforme as exposi\u00e7\u00f5es, o p\u00fablico tem se interessado, e as empresas t\u00eam investido cada vez mais, em explorar as trilhas que levam \u00e0s remotas cachoeiras de paisagens exuberantes. Alguns dos diversos destinos em destaque s\u00e3o a Serra do Tepequ\u00e9m, localizada no munic\u00edpio de Amajari (RR), e Serra Grande, no munic\u00edpio de Cant\u00e1 (RR).<\/p>\n\n\n\n<div style=\"height:2px\" aria-hidden=\"true\" class=\"wp-block-spacer\"><\/div>\n\n\n\n<div class=\"wp-block-jetpack-slideshow aligncenter\" data-effect=\"slide\" style=\"--aspect-ratio:calc(750 \/ 500)\"><div class=\"wp-block-jetpack-slideshow_container swiper\"><ul class=\"wp-block-jetpack-slideshow_swiper-wrapper swiper-wrapper\"><li class=\"wp-block-jetpack-slideshow_slide swiper-slide\"><figure><img data-recalc-dims=\"1\" decoding=\"async\" width=\"750\" height=\"500\" alt=\"\" class=\"wp-block-jetpack-slideshow_image wp-image-9056\" data-id=\"9056\" data-aspect-ratio=\"750 \/ 500\" src=\"https:\/\/i0.wp.com\/www.rr.senac.br\/portalsenac\/wp-content\/uploads\/2025\/11\/senac_rr_turismo_gastronomia4.jpeg?resize=750%2C500&#038;ssl=1\" srcset=\"https:\/\/i0.wp.com\/www.rr.senac.br\/portalsenac\/wp-content\/uploads\/2025\/11\/senac_rr_turismo_gastronomia4.jpeg?resize=1024%2C682&amp;ssl=1 1024w, https:\/\/i0.wp.com\/www.rr.senac.br\/portalsenac\/wp-content\/uploads\/2025\/11\/senac_rr_turismo_gastronomia4.jpeg?resize=300%2C200&amp;ssl=1 300w, https:\/\/i0.wp.com\/www.rr.senac.br\/portalsenac\/wp-content\/uploads\/2025\/11\/senac_rr_turismo_gastronomia4.jpeg?resize=768%2C512&amp;ssl=1 768w, https:\/\/i0.wp.com\/www.rr.senac.br\/portalsenac\/wp-content\/uploads\/2025\/11\/senac_rr_turismo_gastronomia4.jpeg?resize=1536%2C1023&amp;ssl=1 1536w, https:\/\/i0.wp.com\/www.rr.senac.br\/portalsenac\/wp-content\/uploads\/2025\/11\/senac_rr_turismo_gastronomia4.jpeg?resize=1568%2C1045&amp;ssl=1 1568w, https:\/\/i0.wp.com\/www.rr.senac.br\/portalsenac\/wp-content\/uploads\/2025\/11\/senac_rr_turismo_gastronomia4.jpeg?w=1600&amp;ssl=1 1600w\" sizes=\"(max-width: 750px) 100vw, 750px\" \/><\/figure><\/li><li class=\"wp-block-jetpack-slideshow_slide swiper-slide\"><figure><img data-recalc-dims=\"1\" loading=\"lazy\" decoding=\"async\" width=\"750\" height=\"500\" alt=\"\" class=\"wp-block-jetpack-slideshow_image wp-image-9057\" data-id=\"9057\" data-aspect-ratio=\"750 \/ 500\" src=\"https:\/\/i0.wp.com\/www.rr.senac.br\/portalsenac\/wp-content\/uploads\/2025\/11\/senac_rr_turismo_gastronomia3-1.jpeg?resize=750%2C500&#038;ssl=1\" srcset=\"https:\/\/i0.wp.com\/www.rr.senac.br\/portalsenac\/wp-content\/uploads\/2025\/11\/senac_rr_turismo_gastronomia3-1.jpeg?resize=1024%2C682&amp;ssl=1 1024w, https:\/\/i0.wp.com\/www.rr.senac.br\/portalsenac\/wp-content\/uploads\/2025\/11\/senac_rr_turismo_gastronomia3-1.jpeg?resize=300%2C200&amp;ssl=1 300w, https:\/\/i0.wp.com\/www.rr.senac.br\/portalsenac\/wp-content\/uploads\/2025\/11\/senac_rr_turismo_gastronomia3-1.jpeg?resize=768%2C512&amp;ssl=1 768w, https:\/\/i0.wp.com\/www.rr.senac.br\/portalsenac\/wp-content\/uploads\/2025\/11\/senac_rr_turismo_gastronomia3-1.jpeg?resize=1536%2C1023&amp;ssl=1 1536w, https:\/\/i0.wp.com\/www.rr.senac.br\/portalsenac\/wp-content\/uploads\/2025\/11\/senac_rr_turismo_gastronomia3-1.jpeg?resize=1568%2C1045&amp;ssl=1 1568w, https:\/\/i0.wp.com\/www.rr.senac.br\/portalsenac\/wp-content\/uploads\/2025\/11\/senac_rr_turismo_gastronomia3-1.jpeg?w=1600&amp;ssl=1 1600w\" sizes=\"(max-width: 750px) 100vw, 750px\" \/><\/figure><\/li><\/ul><a class=\"wp-block-jetpack-slideshow_button-prev swiper-button-prev swiper-button-white\" role=\"button\"><\/a><a class=\"wp-block-jetpack-slideshow_button-next swiper-button-next swiper-button-white\" role=\"button\"><\/a><a aria-label=\"Pause Slideshow\" class=\"wp-block-jetpack-slideshow_button-pause\" role=\"button\"><\/a><div class=\"wp-block-jetpack-slideshow_pagination swiper-pagination swiper-pagination-white\"><\/div><\/div><\/div>\n\n\n\n<p>Na oportunidade, os participantes credenciados na Exporr Senac tamb\u00e9m conheceram mais sobre a import\u00e2ncia da profiss\u00e3o respons\u00e1vel por desbravar, junto com os viajantes, estes ricos destinos: os guias de turismo. Luiz Garcia, profissional formado pelo curso T\u00e9cnico em Guia de Turismo do Senac\/RR, participou da a\u00e7\u00e3o integrando a Associa\u00e7\u00e3o de Guias de Turismo de Roraima (AGUITURR), e ressalta os resultados positivos da luta por reconhecimento da profiss\u00e3o, que \u00e9 regularizada pela Lei Federal n\u00ba 8.623.<\/p>\n\n\n\n<div style=\"height:4px\" aria-hidden=\"true\" class=\"wp-block-spacer\"><\/div>\n\n\n\n<p><strong><em>\u201cO turismo est\u00e1 crescendo muito em Roraima e n\u00f3s, como guias, estamos na ponta desse processo. N\u00f3s conseguimos aferir todo esse crescimento e conseguimos entregar, atrav\u00e9s de um curso muito bem feito pelo Senac, todos os atrativos que a cidade tem. A gente est\u00e1 na ponta dessa luta, aumentando a for\u00e7a das associa\u00e7\u00f5es em prol do trade tur\u00edstico no estado\u201d<\/em><\/strong>, declarou o guia.  \u00a0<\/p>\n\n\n\n<div style=\"height:3px\" aria-hidden=\"true\" class=\"wp-block-spacer\"><\/div>\n\n\n\n<p><strong>Campeonatos gastron\u00f4micos<\/strong><\/p>\n\n\n\n<p>Ao propiciar o protagonismo dos profissionais que atuam, ou est\u00e3o adentrando, nos universos da coquetelaria e confeitaria, o Senac reafirma sua excel\u00eancia na presta\u00e7\u00e3o de servi\u00e7os educacionais no estado. S\u00e3o 13 anos de hist\u00f3ria que consolidam o Campeonato de Bartender como um dos carros chefes da casa. Nesse embalo, o Campeonato de Confeitaria completou tr\u00eas anos em 2025.<\/p>\n\n\n\n<div style=\"height:1px\" aria-hidden=\"true\" class=\"wp-block-spacer\"><\/div>\n\n\n\n<p>Em uma grande festa, e com clima de competi\u00e7\u00e3o saud\u00e1vel, as disputas emocionaram os competidores e as torcidas, que neste ano contaram pontos de avalia\u00e7\u00e3o. Na primeira noite, o Campeonato de Confeitaria exigiu dos candidatos uma apresenta\u00e7\u00e3o com a tem\u00e1tica de casamento.&nbsp; Na tarde e noite do segundo dia de evento, os bartenders se destacaram com <em>drinks<\/em> autorais. Uma variedade de ingredientes, em sua maioria regionais, estiveram em evid\u00eancia. Os grandes vencedores de cada categoria levaram para casa pr\u00eamios em dinheiro.<\/p>\n\n\n\n<div style=\"height:2px\" aria-hidden=\"true\" class=\"wp-block-spacer\"><\/div>\n\n\n\n<figure class=\"wp-block-image size-large\"><img data-recalc-dims=\"1\" loading=\"lazy\" decoding=\"async\" width=\"750\" height=\"500\" src=\"https:\/\/i0.wp.com\/www.rr.senac.br\/portalsenac\/wp-content\/uploads\/2025\/11\/senac_rr_turismo_gastronomia5.jpeg?resize=750%2C500&#038;ssl=1\" alt=\"\" class=\"wp-image-9059\" srcset=\"https:\/\/i0.wp.com\/www.rr.senac.br\/portalsenac\/wp-content\/uploads\/2025\/11\/senac_rr_turismo_gastronomia5.jpeg?resize=1024%2C682&amp;ssl=1 1024w, https:\/\/i0.wp.com\/www.rr.senac.br\/portalsenac\/wp-content\/uploads\/2025\/11\/senac_rr_turismo_gastronomia5.jpeg?resize=300%2C200&amp;ssl=1 300w, https:\/\/i0.wp.com\/www.rr.senac.br\/portalsenac\/wp-content\/uploads\/2025\/11\/senac_rr_turismo_gastronomia5.jpeg?resize=768%2C512&amp;ssl=1 768w, https:\/\/i0.wp.com\/www.rr.senac.br\/portalsenac\/wp-content\/uploads\/2025\/11\/senac_rr_turismo_gastronomia5.jpeg?resize=1536%2C1023&amp;ssl=1 1536w, https:\/\/i0.wp.com\/www.rr.senac.br\/portalsenac\/wp-content\/uploads\/2025\/11\/senac_rr_turismo_gastronomia5.jpeg?resize=1568%2C1045&amp;ssl=1 1568w, https:\/\/i0.wp.com\/www.rr.senac.br\/portalsenac\/wp-content\/uploads\/2025\/11\/senac_rr_turismo_gastronomia5.jpeg?w=1600&amp;ssl=1 1600w\" sizes=\"(max-width: 750px) 100vw, 750px\" \/><\/figure>\n\n\n\n<div style=\"height:3px\" aria-hidden=\"true\" class=\"wp-block-spacer\"><\/div>\n\n\n\n<p>O aluno Massaaro Kavassaki venceu o primeiro lugar da categoria amadora de Bartender, e explica como o reconhecimento o motiva a buscar aprimoramentos:  <em><strong>&#8220;Essa vit\u00f3ria \u00e9 muito importante para minha trajet\u00f3ria como bartender. Estou iniciando na \u00e1rea e ainda me aperfei\u00e7oando, ent\u00e3o esse resultado demonstra que estou no caminho certo. \u00c9 uma motiva\u00e7\u00e3o enorme para continuar aprendendo e evoluindo&#8221;<\/strong><\/em>.<\/p>\n\n\n\n<div style=\"height:4px\" aria-hidden=\"true\" class=\"wp-block-spacer\"><\/div>\n\n\n\n<p>Confira a \u00edntegra da galeria de fotos no<a href=\"https:\/\/www.facebook.com\/senac.roraima\/?locale=pt_BR\"> Facebook do Senac Roraima<\/a>. <\/p>\n\n\n\n<div style=\"height:0px\" aria-hidden=\"true\" class=\"wp-block-spacer\"><\/div>\n\n\n\n<p>Por Liana Lima, analista t\u00e9c. de comunica\u00e7\u00e3o do Senac\/RR. <\/p>\n\n\n\n<div style=\"height:1px\" aria-hidden=\"true\" class=\"wp-block-spacer\"><\/div>\n\n\n\n<p><\/p>\n","protected":false},"excerpt":{"rendered":"<p>As atividades foram pensadas para evidenciar as a\u00e7\u00f5es de impulsionamento do Senac nos segmentos de turismo e gastronomia<\/p>\n","protected":false},"author":7,"featured_media":9054,"comment_status":"closed","ping_status":"closed","sticky":false,"template":"","format":"standard","meta":{"_jetpack_memberships_contains_paid_content":false,"_joinchat":[],"footnotes":""},"categories":[12],"tags":[127,56,64,113],"class_list":["post-9053","post","type-post","status-publish","format-standard","has-post-thumbnail","hentry","category-ultimas-noticias","tag-destinos","tag-gastronomia","tag-senac","tag-turismo","entry"],"jetpack_featured_media_url":"https:\/\/i0.wp.com\/www.rr.senac.br\/portalsenac\/wp-content\/uploads\/2025\/11\/senac_rr_turismo_gastronomia.jpeg?fit=1600%2C1066&ssl=1","jetpack_sharing_enabled":true,"_links":{"self":[{"href":"https:\/\/www.rr.senac.br\/portalsenac\/wp-json\/wp\/v2\/posts\/9053","targetHints":{"allow":["GET"]}}],"collection":[{"href":"https:\/\/www.rr.senac.br\/portalsenac\/wp-json\/wp\/v2\/posts"}],"about":[{"href":"https:\/\/www.rr.senac.br\/portalsenac\/wp-json\/wp\/v2\/types\/post"}],"author":[{"embeddable":true,"href":"https:\/\/www.rr.senac.br\/portalsenac\/wp-json\/wp\/v2\/users\/7"}],"replies":[{"embeddable":true,"href":"https:\/\/www.rr.senac.br\/portalsenac\/wp-json\/wp\/v2\/comments?post=9053"}],"version-history":[{"count":2,"href":"https:\/\/www.rr.senac.br\/portalsenac\/wp-json\/wp\/v2\/posts\/9053\/revisions"}],"predecessor-version":[{"id":9060,"href":"https:\/\/www.rr.senac.br\/portalsenac\/wp-json\/wp\/v2\/posts\/9053\/revisions\/9060"}],"wp:featuredmedia":[{"embeddable":true,"href":"https:\/\/www.rr.senac.br\/portalsenac\/wp-json\/wp\/v2\/media\/9054"}],"wp:attachment":[{"href":"https:\/\/www.rr.senac.br\/portalsenac\/wp-json\/wp\/v2\/media?parent=9053"}],"wp:term":[{"taxonomy":"category","embeddable":true,"href":"https:\/\/www.rr.senac.br\/portalsenac\/wp-json\/wp\/v2\/categories?post=9053"},{"taxonomy":"post_tag","embeddable":true,"href":"https:\/\/www.rr.senac.br\/portalsenac\/wp-json\/wp\/v2\/tags?post=9053"}],"curies":[{"name":"wp","href":"https:\/\/api.w.org\/{rel}","templated":true}]}}