{"id":9063,"date":"2025-12-02T17:45:41","date_gmt":"2025-12-02T21:45:41","guid":{"rendered":"https:\/\/www.rr.senac.br\/portalsenac\/?p=9063"},"modified":"2025-12-02T17:45:41","modified_gmt":"2025-12-02T21:45:41","slug":"senac-roraima-levou-atendimentos-gratis-a-sao-joao-da-baliza","status":"publish","type":"post","link":"https:\/\/www.rr.senac.br\/portalsenac\/senac-roraima-levou-atendimentos-gratis-a-sao-joao-da-baliza\/","title":{"rendered":"Popula\u00e7\u00e3o de S\u00e3o Jo\u00e3o da Baliza (RR) aproveita atendimentos gratuitos do Senac e renova o visual para festa na cidade"},"content":{"rendered":"\n<figure class=\"wp-block-image size-large\"><img data-recalc-dims=\"1\" fetchpriority=\"high\" decoding=\"async\" width=\"750\" height=\"500\" src=\"https:\/\/i0.wp.com\/www.rr.senac.br\/portalsenac\/wp-content\/uploads\/2025\/12\/senac_roraima_beleza_gratis.jpeg?resize=750%2C500&#038;ssl=1\" alt=\"\" class=\"wp-image-9064\" srcset=\"https:\/\/i0.wp.com\/www.rr.senac.br\/portalsenac\/wp-content\/uploads\/2025\/12\/senac_roraima_beleza_gratis.jpeg?resize=1024%2C682&amp;ssl=1 1024w, https:\/\/i0.wp.com\/www.rr.senac.br\/portalsenac\/wp-content\/uploads\/2025\/12\/senac_roraima_beleza_gratis.jpeg?resize=300%2C200&amp;ssl=1 300w, https:\/\/i0.wp.com\/www.rr.senac.br\/portalsenac\/wp-content\/uploads\/2025\/12\/senac_roraima_beleza_gratis.jpeg?resize=768%2C512&amp;ssl=1 768w, https:\/\/i0.wp.com\/www.rr.senac.br\/portalsenac\/wp-content\/uploads\/2025\/12\/senac_roraima_beleza_gratis.jpeg?resize=1536%2C1023&amp;ssl=1 1536w, https:\/\/i0.wp.com\/www.rr.senac.br\/portalsenac\/wp-content\/uploads\/2025\/12\/senac_roraima_beleza_gratis.jpeg?resize=1568%2C1045&amp;ssl=1 1568w, https:\/\/i0.wp.com\/www.rr.senac.br\/portalsenac\/wp-content\/uploads\/2025\/12\/senac_roraima_beleza_gratis.jpeg?w=1600&amp;ssl=1 1600w\" sizes=\"(max-width: 750px) 100vw, 750px\" \/><figcaption class=\"wp-element-caption\"><em>Em 2026, deve se aproximar da popula\u00e7\u00e3o de todas as regi\u00f5es de Roraima<\/em><\/figcaption><\/figure>\n\n\n\n<p>O \u00faltimo \u2018Senac em A\u00e7\u00e3o\u2019 de 2025 aconteceu no munic\u00edpio de S\u00e3o Jo\u00e3o da Baliza (RR), sul do estado, durante a manh\u00e3 do \u00faltimo dia 29, s\u00e1bado. O Servi\u00e7o Nacional de Aprendizagem Comercial (Senac\/RR) reuniu todo o potencial dos seus eixos de atua\u00e7\u00e3o nas instala\u00e7\u00f5es da Unidade Educacional de Campo Sesc\/Senac, localizada no munic\u00edpio, e ofertou gratuitamente atendimentos de beleza, sa\u00fade, nutri\u00e7\u00e3o, empregabilidade, tecnologia e sustentabilidade.<\/p>\n\n\n\n<div style=\"height:1px\" aria-hidden=\"true\" class=\"wp-block-spacer\"><\/div>\n\n\n\n<p>A recep\u00e7\u00e3o do \u2018Senac em A\u00e7\u00e3o\u2019 em S\u00e3o Jo\u00e3o da Baliza foi positiva, com todas as esta\u00e7\u00f5es de atendimentos registrando forte fluxo de visitantes. Servi\u00e7os como a avalia\u00e7\u00e3o e orienta\u00e7\u00e3o nutricional, aferi\u00e7\u00e3o de sinais vitais, esmalta\u00e7\u00e3o simples e corte de cabelo unissex chegaram a esgotar o quantitativo de senhas previstos para a a\u00e7\u00e3o. Ao todo, foram contabilizados 359 atendimentos, o maior quantitativo entre as tr\u00eas edi\u00e7\u00f5es do projeto em 2025!<\/p>\n\n\n\n<div style=\"height:0px\" aria-hidden=\"true\" class=\"wp-block-spacer\"><\/div>\n\n\n\n<div class=\"wp-block-jetpack-slideshow aligncenter\" data-effect=\"slide\" style=\"--aspect-ratio:calc(750 \/ 500)\"><div class=\"wp-block-jetpack-slideshow_container swiper\"><ul class=\"wp-block-jetpack-slideshow_swiper-wrapper swiper-wrapper\"><li class=\"wp-block-jetpack-slideshow_slide swiper-slide\"><figure><img data-recalc-dims=\"1\" decoding=\"async\" width=\"750\" height=\"500\" alt=\"\" class=\"wp-block-jetpack-slideshow_image wp-image-9065\" data-id=\"9065\" data-aspect-ratio=\"750 \/ 500\" src=\"https:\/\/i0.wp.com\/www.rr.senac.br\/portalsenac\/wp-content\/uploads\/2025\/12\/senac_roraima_atendimentos_gratis-2.jpeg?resize=750%2C500&#038;ssl=1\" srcset=\"https:\/\/i0.wp.com\/www.rr.senac.br\/portalsenac\/wp-content\/uploads\/2025\/12\/senac_roraima_atendimentos_gratis-2.jpeg?resize=1024%2C682&amp;ssl=1 1024w, https:\/\/i0.wp.com\/www.rr.senac.br\/portalsenac\/wp-content\/uploads\/2025\/12\/senac_roraima_atendimentos_gratis-2.jpeg?resize=300%2C200&amp;ssl=1 300w, https:\/\/i0.wp.com\/www.rr.senac.br\/portalsenac\/wp-content\/uploads\/2025\/12\/senac_roraima_atendimentos_gratis-2.jpeg?resize=768%2C512&amp;ssl=1 768w, https:\/\/i0.wp.com\/www.rr.senac.br\/portalsenac\/wp-content\/uploads\/2025\/12\/senac_roraima_atendimentos_gratis-2.jpeg?resize=1536%2C1023&amp;ssl=1 1536w, https:\/\/i0.wp.com\/www.rr.senac.br\/portalsenac\/wp-content\/uploads\/2025\/12\/senac_roraima_atendimentos_gratis-2.jpeg?resize=1568%2C1045&amp;ssl=1 1568w, https:\/\/i0.wp.com\/www.rr.senac.br\/portalsenac\/wp-content\/uploads\/2025\/12\/senac_roraima_atendimentos_gratis-2.jpeg?w=1600&amp;ssl=1 1600w\" sizes=\"(max-width: 750px) 100vw, 750px\" \/><\/figure><\/li><li class=\"wp-block-jetpack-slideshow_slide swiper-slide\"><figure><img data-recalc-dims=\"1\" decoding=\"async\" width=\"750\" height=\"500\" alt=\"\" class=\"wp-block-jetpack-slideshow_image wp-image-9066\" data-id=\"9066\" data-aspect-ratio=\"750 \/ 500\" src=\"https:\/\/i0.wp.com\/www.rr.senac.br\/portalsenac\/wp-content\/uploads\/2025\/12\/senac_roraima_atendimentos_gratis-3.jpeg?resize=750%2C500&#038;ssl=1\" srcset=\"https:\/\/i0.wp.com\/www.rr.senac.br\/portalsenac\/wp-content\/uploads\/2025\/12\/senac_roraima_atendimentos_gratis-3.jpeg?resize=1024%2C682&amp;ssl=1 1024w, https:\/\/i0.wp.com\/www.rr.senac.br\/portalsenac\/wp-content\/uploads\/2025\/12\/senac_roraima_atendimentos_gratis-3.jpeg?resize=300%2C200&amp;ssl=1 300w, https:\/\/i0.wp.com\/www.rr.senac.br\/portalsenac\/wp-content\/uploads\/2025\/12\/senac_roraima_atendimentos_gratis-3.jpeg?resize=768%2C512&amp;ssl=1 768w, https:\/\/i0.wp.com\/www.rr.senac.br\/portalsenac\/wp-content\/uploads\/2025\/12\/senac_roraima_atendimentos_gratis-3.jpeg?resize=1536%2C1023&amp;ssl=1 1536w, https:\/\/i0.wp.com\/www.rr.senac.br\/portalsenac\/wp-content\/uploads\/2025\/12\/senac_roraima_atendimentos_gratis-3.jpeg?resize=1568%2C1045&amp;ssl=1 1568w, https:\/\/i0.wp.com\/www.rr.senac.br\/portalsenac\/wp-content\/uploads\/2025\/12\/senac_roraima_atendimentos_gratis-3.jpeg?w=1600&amp;ssl=1 1600w\" sizes=\"(max-width: 750px) 100vw, 750px\" \/><\/figure><\/li><li class=\"wp-block-jetpack-slideshow_slide swiper-slide\"><figure><img data-recalc-dims=\"1\" loading=\"lazy\" decoding=\"async\" width=\"750\" height=\"500\" alt=\"\" class=\"wp-block-jetpack-slideshow_image wp-image-9067\" data-id=\"9067\" data-aspect-ratio=\"750 \/ 500\" src=\"https:\/\/i0.wp.com\/www.rr.senac.br\/portalsenac\/wp-content\/uploads\/2025\/12\/senac_roraima_atendimentos_gratis-1.jpeg?resize=750%2C500&#038;ssl=1\" srcset=\"https:\/\/i0.wp.com\/www.rr.senac.br\/portalsenac\/wp-content\/uploads\/2025\/12\/senac_roraima_atendimentos_gratis-1.jpeg?resize=1024%2C682&amp;ssl=1 1024w, https:\/\/i0.wp.com\/www.rr.senac.br\/portalsenac\/wp-content\/uploads\/2025\/12\/senac_roraima_atendimentos_gratis-1.jpeg?resize=300%2C200&amp;ssl=1 300w, https:\/\/i0.wp.com\/www.rr.senac.br\/portalsenac\/wp-content\/uploads\/2025\/12\/senac_roraima_atendimentos_gratis-1.jpeg?resize=768%2C512&amp;ssl=1 768w, https:\/\/i0.wp.com\/www.rr.senac.br\/portalsenac\/wp-content\/uploads\/2025\/12\/senac_roraima_atendimentos_gratis-1.jpeg?resize=1536%2C1023&amp;ssl=1 1536w, https:\/\/i0.wp.com\/www.rr.senac.br\/portalsenac\/wp-content\/uploads\/2025\/12\/senac_roraima_atendimentos_gratis-1.jpeg?resize=1568%2C1045&amp;ssl=1 1568w, https:\/\/i0.wp.com\/www.rr.senac.br\/portalsenac\/wp-content\/uploads\/2025\/12\/senac_roraima_atendimentos_gratis-1.jpeg?w=1600&amp;ssl=1 1600w\" sizes=\"(max-width: 750px) 100vw, 750px\" \/><\/figure><\/li><\/ul><a class=\"wp-block-jetpack-slideshow_button-prev swiper-button-prev swiper-button-white\" role=\"button\"><\/a><a class=\"wp-block-jetpack-slideshow_button-next swiper-button-next swiper-button-white\" role=\"button\"><\/a><a aria-label=\"Pause Slideshow\" class=\"wp-block-jetpack-slideshow_button-pause\" role=\"button\"><\/a><div class=\"wp-block-jetpack-slideshow_pagination swiper-pagination swiper-pagination-white\"><\/div><\/div><\/div>\n\n\n\n<div style=\"height:0px\" aria-hidden=\"true\" class=\"wp-block-spacer\"><\/div>\n\n\n\n<p>Daiane Ara\u00fajo, moradora do munic\u00edpio, marcou presen\u00e7a na a\u00e7\u00e3o e teve o que se pode chamar de \u201cdia de princesa\u201d: limpeza de pele, esmalta\u00e7\u00e3o e corte de cabelo s\u00e3o alguns dos servi\u00e7os que integraram os cuidados, principalmente com a beleza, que ela recebeu das m\u00e3os da equipe Senac Roraima.<\/p>\n\n\n\n<div style=\"height:0px\" aria-hidden=\"true\" class=\"wp-block-spacer\"><\/div>\n\n\n\n<p>Segundo o relato de Daiane, os atendimentos chegaram em boa hora, j\u00e1 que no mesmo dia estava previsto para acontecer na cidade um festival de m\u00fasica. <strong><em>\u201cEu n\u00e3o conhecia os servi\u00e7os, e essa foi a primeira vez que participei. Foi tudo excelente, fui bem acolhida e vai ajudar com certeza! Hoje tem show e j\u00e1 est\u00e1 tudo resolvido\u201d<\/em><\/strong>, declarou a participante, posando com as suas unhas decoradas.&nbsp;<\/p>\n\n\n\n<div style=\"height:2px\" aria-hidden=\"true\" class=\"wp-block-spacer\"><\/div>\n\n\n\n<p>CONFIRA AS FOTOS COMPLETAS DA A\u00c7\u00c3O NO <a href=\"https:\/\/www.facebook.com\/media\/set\/?vanity=senac.roraima&amp;set=a.842864501777828&amp;locale=pt_BR\">FACEBOOK DO SENAC RORAIMA<\/a><\/p>\n\n\n\n<div style=\"height:2px\" aria-hidden=\"true\" class=\"wp-block-spacer\"><\/div>\n\n\n\n<p><strong><em>\u201cPosso afirmar com absoluta certeza que a miss\u00e3o do projeto Senac em A\u00e7\u00e3o em 2025 foi plenamente cumprida. Levamos nossos servi\u00e7os, nossos eixos formativos e a for\u00e7a da educa\u00e7\u00e3o profissional para S\u00e3o Jo\u00e3o da Baliza, Rorain\u00f3polis e S\u00e3o Luiz do Anau\u00e1, impactando diretamente centenas de pessoas com atendimentos gratuitos, oficinas, demonstra\u00e7\u00f5es e experi\u00eancias pr\u00e1ticas. Mais do que apresenta\u00e7\u00f5es t\u00e9cnicas, entregamos acolhimento, proximidade e oportunidades. Consolidamos a presen\u00e7a do Senac nos munic\u00edpios, fortalecendo la\u00e7os com as comunidades e ampliando o acesso \u00e0 educa\u00e7\u00e3o profissional de qualidade em todo o estado\u201d<\/em><\/strong>, \u00e9 o que comenta a Diretora do Senac\/RR, Fernanda Paula Barbosa, sobre a despedida do projeto e os resultados alcan\u00e7ados ao longo do ano.<\/p>\n\n\n\n<div style=\"height:4px\" aria-hidden=\"true\" class=\"wp-block-spacer\"><\/div>\n\n\n\n<p><strong>A aproxima\u00e7\u00e3o vai continuar<\/strong><\/p>\n\n\n\n<figure class=\"wp-block-image size-large\"><img data-recalc-dims=\"1\" loading=\"lazy\" decoding=\"async\" width=\"750\" height=\"500\" src=\"https:\/\/i0.wp.com\/www.rr.senac.br\/portalsenac\/wp-content\/uploads\/2025\/12\/senac_roraima_atendimentos_gratis.jpeg?resize=750%2C500&#038;ssl=1\" alt=\"\" class=\"wp-image-9068\" srcset=\"https:\/\/i0.wp.com\/www.rr.senac.br\/portalsenac\/wp-content\/uploads\/2025\/12\/senac_roraima_atendimentos_gratis.jpeg?resize=1024%2C682&amp;ssl=1 1024w, https:\/\/i0.wp.com\/www.rr.senac.br\/portalsenac\/wp-content\/uploads\/2025\/12\/senac_roraima_atendimentos_gratis.jpeg?resize=300%2C200&amp;ssl=1 300w, https:\/\/i0.wp.com\/www.rr.senac.br\/portalsenac\/wp-content\/uploads\/2025\/12\/senac_roraima_atendimentos_gratis.jpeg?resize=768%2C512&amp;ssl=1 768w, https:\/\/i0.wp.com\/www.rr.senac.br\/portalsenac\/wp-content\/uploads\/2025\/12\/senac_roraima_atendimentos_gratis.jpeg?resize=1536%2C1023&amp;ssl=1 1536w, https:\/\/i0.wp.com\/www.rr.senac.br\/portalsenac\/wp-content\/uploads\/2025\/12\/senac_roraima_atendimentos_gratis.jpeg?resize=1568%2C1045&amp;ssl=1 1568w, https:\/\/i0.wp.com\/www.rr.senac.br\/portalsenac\/wp-content\/uploads\/2025\/12\/senac_roraima_atendimentos_gratis.jpeg?w=1600&amp;ssl=1 1600w\" sizes=\"(max-width: 750px) 100vw, 750px\" \/><\/figure>\n\n\n\n<div style=\"height:0px\" aria-hidden=\"true\" class=\"wp-block-spacer\"><\/div>\n\n\n\n<p>O \u2018Senac em A\u00e7\u00e3o\u2019 realizou um not\u00f3rio trabalho no ano de 2024, com duas a\u00e7\u00f5es, nos munic\u00edpios de Boa Vista e S\u00e3o Luiz do Anau\u00e1 (RR), em comemora\u00e7\u00e3o aos 25 anos da institui\u00e7\u00e3o em Roraima. Em 2025, o projeto se tornou maior; a presen\u00e7a em Rorain\u00f3polis, S\u00e3o Luiz do Anau\u00e1 e S\u00e3o Jo\u00e3o da Baliza, somou mais de 1.000 atendimentos. Para o pr\u00f3ximo ano, os planos s\u00e3o de continuar a amplia\u00e7\u00e3o da capacidade de atendimentos, bem como levar a caravana de servi\u00e7os para mais munic\u00edpios, conforme relatado pela diretora Fernanda Paula.<\/p>\n\n\n\n<div style=\"height:1px\" aria-hidden=\"true\" class=\"wp-block-spacer\"><\/div>\n\n\n\n<p><strong><em>\u201cEm 2026, vamos seguir firmes nessa abordagem que coloca as pessoas no centro das nossas a\u00e7\u00f5es. O Senac em A\u00e7\u00e3o ser\u00e1 expandido para novos munic\u00edpios, ampliando o alcance do nosso trabalho e refor\u00e7ando o compromisso de estar cada vez mais pr\u00f3ximo da popula\u00e7\u00e3o. Nossa inten\u00e7\u00e3o \u00e9 continuar cuidando, ouvindo, orientando e levando conhecimento para todas as regi\u00f5es de Roraima, fortalecendo o papel do Senac como institui\u00e7\u00e3o que transforma vidas por meio da educa\u00e7\u00e3o profissional\u201d,<\/em><\/strong> concluiu.<\/p>\n\n\n\n<div style=\"height:0px\" aria-hidden=\"true\" class=\"wp-block-spacer\"><\/div>\n\n\n\n<p>Por Liana Lima, analista t\u00e9c. de comunica\u00e7\u00e3o do Senac\/RR. <\/p>\n\n\n\n<div style=\"height:0px\" aria-hidden=\"true\" class=\"wp-block-spacer\"><\/div>\n\n\n\n<p><\/p>\n","protected":false},"excerpt":{"rendered":"<p>O \u00faltimo \u2018Senac em A\u00e7\u00e3o\u2019 de 2025 aconteceu no munic\u00edpio de S\u00e3o Jo\u00e3o da Baliza (RR), sul do estado, durante a manh\u00e3 do \u00faltimo dia 29, s\u00e1bado. O Servi\u00e7o Nacional de Aprendizagem Comercial (Senac\/RR) reuniu todo o potencial dos seus eixos de atua\u00e7\u00e3o nas instala\u00e7\u00f5es&hellip; <a class=\"more-link\" href=\"https:\/\/www.rr.senac.br\/portalsenac\/senac-roraima-levou-atendimentos-gratis-a-sao-joao-da-baliza\/\">Continuar lendo <span class=\"screen-reader-text\">Popula\u00e7\u00e3o de S\u00e3o Jo\u00e3o da Baliza (RR) aproveita atendimentos gratuitos do Senac e renova o visual para festa na cidade<\/span><\/a><\/p>\n","protected":false},"author":7,"featured_media":9064,"comment_status":"closed","ping_status":"closed","sticky":false,"template":"","format":"standard","meta":{"_jetpack_memberships_contains_paid_content":false,"_joinchat":[],"footnotes":""},"categories":[12],"tags":[130,65,131,48,54],"class_list":["post-9063","post","type-post","status-publish","format-standard","has-post-thumbnail","hentry","category-ultimas-noticias","tag-acolhimento","tag-beleza","tag-municipios","tag-roraima","tag-saude","entry"],"jetpack_featured_media_url":"https:\/\/i0.wp.com\/www.rr.senac.br\/portalsenac\/wp-content\/uploads\/2025\/12\/senac_roraima_beleza_gratis.jpeg?fit=1600%2C1066&ssl=1","jetpack_sharing_enabled":true,"_links":{"self":[{"href":"https:\/\/www.rr.senac.br\/portalsenac\/wp-json\/wp\/v2\/posts\/9063","targetHints":{"allow":["GET"]}}],"collection":[{"href":"https:\/\/www.rr.senac.br\/portalsenac\/wp-json\/wp\/v2\/posts"}],"about":[{"href":"https:\/\/www.rr.senac.br\/portalsenac\/wp-json\/wp\/v2\/types\/post"}],"author":[{"embeddable":true,"href":"https:\/\/www.rr.senac.br\/portalsenac\/wp-json\/wp\/v2\/users\/7"}],"replies":[{"embeddable":true,"href":"https:\/\/www.rr.senac.br\/portalsenac\/wp-json\/wp\/v2\/comments?post=9063"}],"version-history":[{"count":1,"href":"https:\/\/www.rr.senac.br\/portalsenac\/wp-json\/wp\/v2\/posts\/9063\/revisions"}],"predecessor-version":[{"id":9069,"href":"https:\/\/www.rr.senac.br\/portalsenac\/wp-json\/wp\/v2\/posts\/9063\/revisions\/9069"}],"wp:featuredmedia":[{"embeddable":true,"href":"https:\/\/www.rr.senac.br\/portalsenac\/wp-json\/wp\/v2\/media\/9064"}],"wp:attachment":[{"href":"https:\/\/www.rr.senac.br\/portalsenac\/wp-json\/wp\/v2\/media?parent=9063"}],"wp:term":[{"taxonomy":"category","embeddable":true,"href":"https:\/\/www.rr.senac.br\/portalsenac\/wp-json\/wp\/v2\/categories?post=9063"},{"taxonomy":"post_tag","embeddable":true,"href":"https:\/\/www.rr.senac.br\/portalsenac\/wp-json\/wp\/v2\/tags?post=9063"}],"curies":[{"name":"wp","href":"https:\/\/api.w.org\/{rel}","templated":true}]}}